{"id":1014,"date":"2019-01-21T15:03:50","date_gmt":"2019-01-21T18:03:50","guid":{"rendered":"http:\/\/cuidarebr.com.br\/?p=1014"},"modified":"2019-01-21T15:03:50","modified_gmt":"2019-01-21T18:03:50","slug":"cuidados-nutricionais-com-os-idosos-no-verao","status":"publish","type":"post","link":"https:\/\/cuidarebr.com.br\/novosite\/cuidados-nutricionais-com-os-idosos-no-verao\/","title":{"rendered":"Cuidados nutricionais com os idosos no ver\u00e3o."},"content":{"rendered":"<p><span style=\"font-weight: 400;\">\u00a0<\/span><\/p>\n<p><img loading=\"lazy\" decoding=\"async\" class=\"aligncenter size-full wp-image-1015\" src=\"https:\/\/cuidarebr.com.br\/novosite\/wp-content\/uploads\/2019\/01\/portrait-of-beautiful-elderly-couple-in-market-7K5BPA6.jpg\" alt=\"\" width=\"4674\" height=\"3116\" \/><\/p>\n<p><span style=\"font-weight: 400;\">\u00a0<\/span><\/p>\n<p><span style=\"font-weight: 400;\">No ver\u00e3o, cada indiv\u00edduo reage de maneira diferente ao calor. Os idosos, por sua vez, apresentam menor capacidade de se adaptar \u00e0 eleva\u00e7\u00e3o dos term\u00f4metros, pois com o envelhecimento, v\u00e1rios mecanismos de controle natural do organismo se tornam menos eficientes, o que justifica a necessidade de maior aten\u00e7\u00e3o \u00e0 sa\u00fade.<\/span><\/p>\n<p><span style=\"font-weight: 400;\">A fim de usufruir esta fase do ano de forma saud\u00e1vel e com qualidade de vida, a nutricionista, <\/span><b>Jenifer Alves de Almeida <\/b><span style=\"font-weight: 400;\">(CRN \u2013 46875), Mestre em Ci\u00eancia do Envelhecimento, <\/span><span style=\"font-weight: 400;\">Especialista em Doen\u00e7as Cr\u00f4nicas N\u00e3o Transmiss\u00edveis \u2013 HIAE e <\/span><span style=\"font-weight: 400;\">parceira integrante da equipe multifuncional da Cuidare Morumbi<\/span><span style=\"font-weight: 400;\">, traz alguns <\/span><span style=\"font-weight: 400;\">cuidados nutricionais para os principais desconfortos vivenciados pelos idosos:<\/span><\/p>\n<p><b style=\"color: inherit; font-family: inherit; font-size: 24.5px;\">\u00a0<\/b><\/p>\n<h3><b style=\"color: inherit; font-family: inherit; font-size: 24.5px;\">Desidrata\u00e7\u00e3o<\/b><\/h3>\n<p>&nbsp;<\/p>\n<p>A desidrata\u00e7\u00e3o \u00e9 a perda excessiva de \u00e1gua do organismo e acontece quando a elimina\u00e7\u00e3o de \u00e1gua do corpo \u00e9 maior que a sua ingest\u00e3o. \u00c9 um dist\u00farbio mais comum nos idosos, portanto, \u00e9 imprescind\u00edvel oferecer l\u00edquidos para eles, ainda que n\u00e3o se queixem de sede, pois essa fase da vida tem como caracter\u00edstica, a redu\u00e7\u00e3o da sensa\u00e7\u00e3o de sede, percep\u00e7\u00e3o do calor e na capacidade de eliminar o calor do corpo (term\u00f3lise).<\/p>\n<p>O dispositivo de sede do corpo tamb\u00e9m pode ser enganado pela sensa\u00e7\u00e3o de frescor do vento, como ocorre mesmo debaixo de um sol forte.<\/p>\n<p><span style=\"font-weight: 400;\">Al\u00e9m da ingest\u00e3o adequada de l\u00edquidos, devemos nos atentar para as poss\u00edveis causas que podem aumentar a perda de l\u00edquidos do corpo como: transpira\u00e7\u00e3o excessiva, v\u00f4mitos, diarreia e uso de diur\u00e9ticos.<\/span><\/p>\n<p><b style=\"color: inherit; font-family: inherit; font-size: 24.5px;\">\u00a0<\/b><\/p>\n<h3><b style=\"color: inherit; font-family: inherit; font-size: 24.5px;\">Diminui\u00e7\u00e3o do Paladar<\/b><\/h3>\n<p>&nbsp;<\/p>\n<p>Entre as mudan\u00e7as que podem interferir no consumo alimentar de pessoas acima de 60 anos, est\u00e3o a diminui\u00e7\u00e3o de paladar e o comprometimento da sa\u00fade oral (mastiga\u00e7\u00e3o e degluti\u00e7\u00e3o).\u00a0Devido \u00e0 atrofia das papilas gustativas, eles n\u00e3o percebem os sabores ou sentem estes com menor intensidade, podendo exagerar no consumo de alimentos a\u00e7ucarados e salgados.<\/p>\n<p>Recomenda-se comer pouco e v\u00e1rias vezes ao dia, o que auxilia a digest\u00e3o. A alimenta\u00e7\u00e3o leve deve ser intercalada com a ingest\u00e3o de \u00e1gua.<\/p>\n<p><b>\u00a0<\/b><\/p>\n<h3><b>Cuidados com alimentos e seus manuseios<\/b><\/h3>\n<p>&nbsp;<\/p>\n<p><span style=\"font-weight: 400;\">Os quadros de <\/span><span style=\"font-weight: 400;\">diarreia<\/span><span style=\"font-weight: 400;\"> e v\u00f4mito tendem a ocorrer com maior frequ\u00eancia nos meses mais quentes do ano, per\u00edodo em que os alimentos est\u00e3o mais sujeitos \u00e0 contamina\u00e7\u00e3o por bact\u00e9rias e estragam mais facilmente. \u00a0<\/span><\/p>\n<p>No ver\u00e3o, per\u00edodo de altas temperaturas, os cuidados devem ser redobrados, exigindo precau\u00e7\u00e3o quanto \u00e0 higiene e conserva\u00e7\u00e3o adequada dos alimentos.<\/p>\n<p>\u00c9 importante lembrar sempre de lavar as m\u00e3os antes de manusear alimentos e guardar toda alimenta\u00e7\u00e3o perec\u00edvel na geladeira.<\/p>\n<p>Deve-se evitar sobras do dia anterior, especialmente quando expostas ao tempo por longo per\u00edodo, estando assim em temperaturas inadequadas para a conserva\u00e7\u00e3o dos alimentos.<\/p>\n<p><b>\u00a0<\/b><\/p>\n<h3><b>Constipa\u00e7\u00e3o<\/b><\/h3>\n<p><span style=\"font-weight: 400;\">A constipa\u00e7\u00e3o (dificuldade de evacua\u00e7\u00e3o) \u00e9 uma condi\u00e7\u00e3o que pode<\/span><span style=\"font-weight: 400;\">,<\/span><span style=\"font-weight: 400;\"> tamb\u00e9m<\/span><span style=\"font-weight: 400;\">,<\/span><span style=\"font-weight: 400;\"> estar presente em idosos, por isso \u00e9 importante que as prepara\u00e7\u00f5es sejam adequadas a esta faixa et\u00e1ria e que contenham alimentos ricos em cereais integrais, frutas e vegetais, leguminosas, al\u00e9m da ingest\u00e3o de l\u00edquidos.<\/span><\/p>\n<p><b>\u00a0<\/b><\/p>\n<h3><b>Dietas Nutricionais<\/b><\/h3>\n<p>&nbsp;<\/p>\n<p>A prescri\u00e7\u00e3o de dieta para idosos requer uma an\u00e1lise bem detalhada de diversos aspectos da vida e da sa\u00fade do mesmo e deve ser individualizada, buscando atender \u00e0s necessidades nutricionais. Por essas raz\u00f5es, \u00e9 importante que o idoso procure um nutricionista para ser orientado sobre sua alimenta\u00e7\u00e3o e ser acompanhado em todas as esta\u00e7\u00f5es.<\/p>\n<p><b>\u00a0<\/b><\/p>\n<p><b>\u00a0<\/b><\/p>\n<p><b><img loading=\"lazy\" decoding=\"async\" class=\"size-full wp-image-1016 alignleft\" src=\"https:\/\/cuidarebr.com.br\/novosite\/wp-content\/uploads\/2019\/01\/jeniffer.jpg\" alt=\"\" width=\"181\" height=\"201\" \/><br \/>\n<\/b><\/p>\n<p><b><a href=\"http:\/\/lattes.cnpq.br\/2417468014668232\">Jenifer Alves de Almeida<\/a> <\/b><span style=\"font-weight: 400;\">(CRN \u2013 46875)<\/span><\/p>\n<p><span style=\"font-weight: 400;\">Mestre em Ci\u00eancia do Envelhecimento<\/span><\/p>\n<p><span style=\"font-weight: 400;\">Especialista em Doen\u00e7as Cr\u00f4nicas N\u00e3o Transmiss\u00edveis \u2013 HIAE <\/span><\/p>\n<p><span style=\"font-weight: 400;\">Parceira integrante da equipe multifuncional da Cuidare Morumbi.<\/span><\/p>\n<p><span style=\"font-weight: 400;\">\u00a0<\/span><\/p>\n","protected":false},"excerpt":{"rendered":"<p>\u00a0 \u00a0 No ver\u00e3o, cada indiv\u00edduo reage de maneira diferente ao calor. Os idosos, por sua vez, apresentam menor capacidade de se adaptar \u00e0 eleva\u00e7\u00e3o dos term\u00f4metros, pois com o envelhecimento, v\u00e1rios mecanismos de controle natural do organismo se tornam menos eficientes, o que justifica a necessidade de maior aten\u00e7\u00e3o \u00e0 sa\u00fade. A fim de [&hellip;]<\/p>\n","protected":false},"author":3,"featured_media":1022,"comment_status":"open","ping_status":"open","sticky":false,"template":"","format":"standard","meta":{"pagelayer_contact_templates":[],"_pagelayer_content":"","footnotes":""},"categories":[43],"tags":[103,104,68,105,82],"class_list":["post-1014","post","type-post","status-publish","format-standard","has-post-thumbnail","hentry","category-blog-cuidare","tag-alimentacao","tag-cuidados","tag-idosos","tag-nutricao","tag-terceira-idade"],"_links":{"self":[{"href":"https:\/\/cuidarebr.com.br\/novosite\/wp-json\/wp\/v2\/posts\/1014","targetHints":{"allow":["GET"]}}],"collection":[{"href":"https:\/\/cuidarebr.com.br\/novosite\/wp-json\/wp\/v2\/posts"}],"about":[{"href":"https:\/\/cuidarebr.com.br\/novosite\/wp-json\/wp\/v2\/types\/post"}],"author":[{"embeddable":true,"href":"https:\/\/cuidarebr.com.br\/novosite\/wp-json\/wp\/v2\/users\/3"}],"replies":[{"embeddable":true,"href":"https:\/\/cuidarebr.com.br\/novosite\/wp-json\/wp\/v2\/comments?post=1014"}],"version-history":[{"count":0,"href":"https:\/\/cuidarebr.com.br\/novosite\/wp-json\/wp\/v2\/posts\/1014\/revisions"}],"wp:featuredmedia":[{"embeddable":true,"href":"https:\/\/cuidarebr.com.br\/novosite\/wp-json\/wp\/v2\/media\/1022"}],"wp:attachment":[{"href":"https:\/\/cuidarebr.com.br\/novosite\/wp-json\/wp\/v2\/media?parent=1014"}],"wp:term":[{"taxonomy":"category","embeddable":true,"href":"https:\/\/cuidarebr.com.br\/novosite\/wp-json\/wp\/v2\/categories?post=1014"},{"taxonomy":"post_tag","embeddable":true,"href":"https:\/\/cuidarebr.com.br\/novosite\/wp-json\/wp\/v2\/tags?post=1014"}],"curies":[{"name":"wp","href":"https:\/\/api.w.org\/{rel}","templated":true}]}}