{"id":1028,"date":"2019-01-31T11:47:59","date_gmt":"2019-01-31T14:47:59","guid":{"rendered":"http:\/\/cuidarebr.com.br\/?p=1028"},"modified":"2019-01-31T11:47:59","modified_gmt":"2019-01-31T14:47:59","slug":"caso-de-sucesso-enfermeiro","status":"publish","type":"post","link":"https:\/\/cuidarebr.com.br\/novosite\/caso-de-sucesso-enfermeiro\/","title":{"rendered":"Cuidare Moinhos | Enfermeiro empreendeu na Enfermagem"},"content":{"rendered":"<div id=\"attachment_1029\" style=\"width: 1034px\" class=\"wp-caption alignnone\"><img loading=\"lazy\" decoding=\"async\" aria-describedby=\"caption-attachment-1029\" class=\"size-full wp-image-1029\" src=\"https:\/\/cuidarebr.com.br\/novosite\/wp-content\/uploads\/2019\/01\/everton-cuidare-1-1024x768-1.jpeg\" alt=\"\" width=\"1024\" height=\"768\" srcset=\"https:\/\/cuidarebr.com.br\/novosite\/wp-content\/uploads\/2019\/01\/everton-cuidare-1-1024x768-1.jpeg 1024w, https:\/\/cuidarebr.com.br\/novosite\/wp-content\/uploads\/2019\/01\/everton-cuidare-1-1024x768-1-300x225.jpeg 300w, https:\/\/cuidarebr.com.br\/novosite\/wp-content\/uploads\/2019\/01\/everton-cuidare-1-1024x768-1-768x576.jpeg 768w, https:\/\/cuidarebr.com.br\/novosite\/wp-content\/uploads\/2019\/01\/everton-cuidare-1-1024x768-1-560x420.jpeg 560w, https:\/\/cuidarebr.com.br\/novosite\/wp-content\/uploads\/2019\/01\/everton-cuidare-1-1024x768-1-900x675.jpeg 900w\" sizes=\"auto, (max-width: 1024px) 100vw, 1024px\" \/><p id=\"caption-attachment-1029\" class=\"wp-caption-text\">Everton Maciel e a Cuidare Cuidadores de Pessoas.<\/p><\/div>\n<h2><\/h2>\n<h2>A liga\u00e7\u00e3o com o Empreendedorismo e a Enfermagem | Cuidare Moinhos<\/h2>\n<p>&nbsp;<\/p>\n<p>Empreender sempre foi um desafio, mas tamb\u00e9m um grande objetivo de Everton Maciel, Enfermeiro e propriet\u00e1rio\/franqueado da <strong>Cuidare Moinhos<\/strong> em Porto Alegre. Ele que sempre imaginou ter o seu pr\u00f3prio neg\u00f3cio, mantinha apenas uma condi\u00e7\u00e3o: o objetivo de ajudar e cuidar do pr\u00f3ximo. E isso ficou cada vez mais forte na inf\u00e2ncia, onde acompanhava sua m\u00e3e, enfermeira, em plant\u00f5es que realizava e o levava, por na \u00e9poca, n\u00e3o ter com quem deix\u00e1-lo.<\/p>\n<p>Desde crian\u00e7a o desejo de empreender j\u00e1 estava correndo sob suas veias. Seu pai tinha uma oficina mec\u00e2nica e os \u201crolamentos\u201d que sobravam de carros antigos sem serventia, serviam de mat\u00e9ria prima para ele montar carrinhos de rolim\u00e3 pelas ruas do seu bairro e vender aos amigos e conhecidos.<\/p>\n<p>Logo mais tarde, quando cresceu decidiu que ia dedicar sua vida a cuidar de pessoas. Isso surgiu devido \u00e0 liga\u00e7\u00e3o forte que tinha com o trabalho que sua m\u00e3e desempenhava na Enfermagem, al\u00e9m de experi\u00eancias com seu av\u00f4 paterno, que depois de envelhecer e adoecer, necessitou de cuidados e ele mesmo assumiu essa responsabilidade.<\/p>\n<p>A paix\u00e3o por cuidar t\u00e3o bem do av\u00f4, resultou na escolha de sua profiss\u00e3o, ali ele decidiu se tornar enfermeiro.<\/p>\n<p>Anos de estudos depois, em meados de 2000, iniciou sua carreira na Enfermagem. Assim, passou por diversas \u00e1reas o qual considera importante por toda a bagagem e experi\u00eancia adquirida, o que fizeram dele um profissional mais forte e desafiador.<\/p>\n<p>Apesar da vasta experi\u00eancia de trabalho passando por resgate (APH) e emerg\u00eancia, o desejo de empreender ainda estava presente em sua mente e cora\u00e7\u00e3o.<\/p>\n<p>&nbsp;<\/p>\n<h2>O Empreendedorismo na pr\u00e1tica<\/h2>\n<p>&nbsp;<\/p>\n<p>Foi a\u00ed, que vendo seu amigo ter uma empresa de ambul\u00e2ncias, resolveu empreender junto a um outro amigo em Porto Alegre na \u00e1rea de cuidados de pessoas. Foi a primeira aventura com o empreendedorismo na Enfermagem, o qual resultou muitos contatos, experi\u00eancias e ensinamentos.<\/p>\n<p>Depois que seu amigo e s\u00f3cio resolveu se mudar para Florian\u00f3polis\/SC, decidiu fechar as portas da empresa e seguir apenas com sua carreira como enfermeiro e investir em outros projetos.<\/p>\n<p><span style=\"color: inherit; font-family: inherit; font-size: 31.5px; font-weight: bold;\">\u00a0<\/span><\/p>\n<h2><span style=\"color: inherit; font-family: inherit; font-size: 31.5px;\">Assim nasce a Cuidare Moinhos\/POA<\/span><\/h2>\n<p>&nbsp;<\/p>\n<p>Foi a\u00ed que em 2018, surgiu a oportunidade de conhecer uma Franquia de Cuidadores de Pessoas, a Cuidare Brasil, uma das maiores franqueadoras na \u00e1rea da sa\u00fade e Enfermagem.<\/p>\n<p>O projeto deu t\u00e3o certo com a sinergia e vontade de empreender, que ele fechou neg\u00f3cio e adquiriu uma franquia para levar \u00e0 Porto Alegre, sua cidade natal.<\/p>\n<blockquote><p>\u201cA Cuidare vem com a proposta de oferecer seguran\u00e7a e conforto a quem necessita de cuidados especiais, al\u00e9m de atender uma importante demanda do mercado, com qualifica\u00e7\u00e3o e efici\u00eancia. Al\u00e9m disso, nosso maior objetivo \u00e9 sempre prestar um servi\u00e7o de padr\u00e3o elevado de qualidade, sempre buscando proporcionar a traquilidade do familiar que contrata a presta\u00e7\u00e3o do servi\u00e7o\u201d.<\/p><\/blockquote>\n<p>&nbsp;<\/p>\n<p>A empresa presta cuidados no modelo homecare em adultos, com limita\u00e7\u00f5es mentais ou f\u00edsicas, \u00e0 idosos, a pacientes p\u00f3s operat\u00f3rio, e ainda \u00e0 crian\u00e7as com limita\u00e7\u00f5es, s\u00edndromes e estados de sa\u00fade permanente. Everton conta ainda, que empreender na Enfermagem foi a melhor descoberta que fez como profissional, e que hoje se encontra realizado por ir para esse caminho, mas que n\u00e3o para por a\u00ed.<\/p>\n<p>&nbsp;<\/p>\n<blockquote><p>\u201cO objetivo \u00e9 alcan\u00e7ar cada vez mais pessoas e ajud\u00e1-las \u00e0 viver com mais conforto com o aux\u00edlio de profissionais qualificados, al\u00e9m de proporcionar \u00e0 fam\u00edlia a confian\u00e7a em um trabalho s\u00e9rio e de qualidade. Tamb\u00e9m pretendo al\u00e9m da franquia, expandir meus neg\u00f3cios na \u00e1rea de cuidadores, quem sabe abrindo mais neg\u00f3cios e realizando outros projetos (rsrs).\u201d<\/p><\/blockquote>\n<p>&nbsp;<\/p>\n<p>&nbsp;<\/p>\n<p>Fonte: <a href=\"https:\/\/enfermagemempreendedora.com.br\/enfermeiro-empreendeu-na-enfermagem-com-uma-franquia-de-cuidadores\/\">Enfermagem Empreendedora<\/a><\/p>\n","protected":false},"excerpt":{"rendered":"<p>A liga\u00e7\u00e3o com o Empreendedorismo e a Enfermagem | Cuidare Moinhos &nbsp; Empreender sempre foi um desafio, mas tamb\u00e9m um grande objetivo de Everton Maciel, Enfermeiro e propriet\u00e1rio\/franqueado da Cuidare Moinhos em Porto Alegre. Ele que sempre imaginou ter o seu pr\u00f3prio neg\u00f3cio, mantinha apenas uma condi\u00e7\u00e3o: o objetivo de ajudar e cuidar do pr\u00f3ximo. [&hellip;]<\/p>\n","protected":false},"author":3,"featured_media":1034,"comment_status":"open","ping_status":"open","sticky":false,"template":"","format":"standard","meta":{"pagelayer_contact_templates":[],"_pagelayer_content":"","footnotes":""},"categories":[41],"tags":[49,106,107,108,109],"class_list":["post-1028","post","type-post","status-publish","format-standard","has-post-thumbnail","hentry","category-cuidare-na-midia","tag-cuidare","tag-empreendorismo","tag-enfermeiro","tag-franquia-barata","tag-franquia-de-cuidadores"],"_links":{"self":[{"href":"https:\/\/cuidarebr.com.br\/novosite\/wp-json\/wp\/v2\/posts\/1028","targetHints":{"allow":["GET"]}}],"collection":[{"href":"https:\/\/cuidarebr.com.br\/novosite\/wp-json\/wp\/v2\/posts"}],"about":[{"href":"https:\/\/cuidarebr.com.br\/novosite\/wp-json\/wp\/v2\/types\/post"}],"author":[{"embeddable":true,"href":"https:\/\/cuidarebr.com.br\/novosite\/wp-json\/wp\/v2\/users\/3"}],"replies":[{"embeddable":true,"href":"https:\/\/cuidarebr.com.br\/novosite\/wp-json\/wp\/v2\/comments?post=1028"}],"version-history":[{"count":0,"href":"https:\/\/cuidarebr.com.br\/novosite\/wp-json\/wp\/v2\/posts\/1028\/revisions"}],"wp:featuredmedia":[{"embeddable":true,"href":"https:\/\/cuidarebr.com.br\/novosite\/wp-json\/wp\/v2\/media\/1034"}],"wp:attachment":[{"href":"https:\/\/cuidarebr.com.br\/novosite\/wp-json\/wp\/v2\/media?parent=1028"}],"wp:term":[{"taxonomy":"category","embeddable":true,"href":"https:\/\/cuidarebr.com.br\/novosite\/wp-json\/wp\/v2\/categories?post=1028"},{"taxonomy":"post_tag","embeddable":true,"href":"https:\/\/cuidarebr.com.br\/novosite\/wp-json\/wp\/v2\/tags?post=1028"}],"curies":[{"name":"wp","href":"https:\/\/api.w.org\/{rel}","templated":true}]}}