{"id":1069,"date":"2019-02-26T12:42:28","date_gmt":"2019-02-26T15:42:28","guid":{"rendered":"http:\/\/cuidarebr.com.br\/?p=1069"},"modified":"2019-02-26T12:42:28","modified_gmt":"2019-02-26T15:42:28","slug":"codigo-vermelho-queda-em-idosos","status":"publish","type":"post","link":"https:\/\/cuidarebr.com.br\/novosite\/codigo-vermelho-queda-em-idosos\/","title":{"rendered":"C\u00d3DIGO VERMELHO: QUEDA EM IDOSOS!"},"content":{"rendered":"<h2>Geront\u00f3loga, parceira da Cuidare, fala sobre as quedas e d\u00e1 dicas para evit\u00e1-la.<\/h2>\n<p><img loading=\"lazy\" decoding=\"async\" class=\"aligncenter size-full wp-image-1070\" src=\"https:\/\/cuidarebr.com.br\/novosite\/wp-content\/uploads\/2019\/02\/1-1.png\" alt=\"\" width=\"1080\" height=\"675\" srcset=\"https:\/\/cuidarebr.com.br\/novosite\/wp-content\/uploads\/2019\/02\/1-1.png 1080w, https:\/\/cuidarebr.com.br\/novosite\/wp-content\/uploads\/2019\/02\/1-1-300x188.png 300w, https:\/\/cuidarebr.com.br\/novosite\/wp-content\/uploads\/2019\/02\/1-1-1024x640.png 1024w, https:\/\/cuidarebr.com.br\/novosite\/wp-content\/uploads\/2019\/02\/1-1-768x480.png 768w\" sizes=\"auto, (max-width: 1080px) 100vw, 1080px\" \/><\/p>\n<p>Voc\u00ea sabia que 70% das quedas em idosos, ocorrem em ambiente domiciliar ou ao em torno dele? Geralmente, esse evento ocorre quando o idoso est\u00e1 realizando atividades rotineiras, as quais chamamos de atividades de vida di\u00e1ria (AVDs). A principal e mais grave consequ\u00eancia disso \u00e9 a fratura \u00f3ssea, que gera decl\u00ednio funcional, risco de novas quedas, depress\u00e3o e at\u00e9 aumento da mortalidade.<\/p>\n<p>Com o objetivo de conscientizar e evitar quedas e suas consequ\u00eancias, Natalia Caroline Cerri, Geront\u00f3loga (ABG356) formada pela Universidade Federal de S\u00e3o Carlos (UFSCar), Mestra em Gest\u00e3o da Cl\u00ednica pelo PPGGC &#8211; UFSCar, Vice-coordenadora ABRAz (Associa\u00e7\u00e3o Brasileira de Alzheimer) &#8211; Sub-Regional Rio Claro &#8211; SP e parceira integrante da equipe multifuncional da Cuidare Morumbi, traz alguns dados e orienta\u00e7\u00f5es relevantes sobre o assunto. Confira!<\/p>\n<p>&nbsp;<\/p>\n<p><img loading=\"lazy\" decoding=\"async\" class=\"aligncenter wp-image-1071\" src=\"https:\/\/cuidarebr.com.br\/novosite\/wp-content\/uploads\/2019\/02\/2-1.png\" alt=\"\" width=\"625\" height=\"352\" srcset=\"https:\/\/cuidarebr.com.br\/novosite\/wp-content\/uploads\/2019\/02\/2-1.png 620w, https:\/\/cuidarebr.com.br\/novosite\/wp-content\/uploads\/2019\/02\/2-1-300x169.png 300w\" sizes=\"auto, (max-width: 625px) 100vw, 625px\" \/><\/p>\n<h3>QUEDAS EM IDOSOS NO AMBIENTE DOMICILIAR<\/h3>\n<p>\u00c9 incontest\u00e1vel que teremos cada vez mais idosos no mundo, sendo estimado para o ano de 2050 cerca de 2 bilh\u00f5es de pessoas acima de 60 anos (hoje temos em torno 650 milh\u00f5es de idosos). \u00c0 medida que se envelhece, apresentamos um risco significamente maior de experimentar um evento de queda e por consequ\u00eancia sofrer uma les\u00e3o.<\/p>\n<p>Estima-se que cerca de 30% a 40% dos idosos com 65 anos ou mais caem pelo menos uma vez ao ano, e essas taxas aumentam de forma expressiva a partir dos 75 anos, quando metade destes idosos caem ao menos duas vezes ao ano. As mulheres apresentam, ainda, um risco maior de cair do que os homens, e cerca de metade de todas as mulheres acima de 85 anos j\u00e1 experimentam uma queda ao ano.<\/p>\n<p>O envelhecimento tr\u00e1s consigo alguns decl\u00ednios que podem ser de ordem fisiol\u00f3gica. Estes, por sua vez, antecedem um decl\u00ednio acentuado na capacidade cognitiva e f\u00edsica, como perda de peso e de massa muscular, altera\u00e7\u00f5es de mobilidade, equil\u00edbrio e de cogni\u00e7\u00e3o. Ocorre, tamb\u00e9m, a diminui\u00e7\u00e3o da acuidade visual e auditiva, deixando-os mais suscept\u00edveis \u00e0 queda.<\/p>\n<p>&nbsp;<\/p>\n<h3><img loading=\"lazy\" decoding=\"async\" class=\"aligncenter wp-image-1072\" src=\"https:\/\/cuidarebr.com.br\/novosite\/wp-content\/uploads\/2019\/02\/3.png\" alt=\"\" width=\"677\" height=\"452\" srcset=\"https:\/\/cuidarebr.com.br\/novosite\/wp-content\/uploads\/2019\/02\/3.png 1200w, https:\/\/cuidarebr.com.br\/novosite\/wp-content\/uploads\/2019\/02\/3-300x200.png 300w, https:\/\/cuidarebr.com.br\/novosite\/wp-content\/uploads\/2019\/02\/3-1024x683.png 1024w, https:\/\/cuidarebr.com.br\/novosite\/wp-content\/uploads\/2019\/02\/3-768x512.png 768w\" sizes=\"auto, (max-width: 677px) 100vw, 677px\" \/><\/h3>\n<h3>A IMPORT\u00c2NCIA DO CUIDADOR<\/h3>\n<p>O maior desafio das fam\u00edlias \u00e9 lidar com essas mudan\u00e7as e despender tempo para o cuidado necess\u00e1rio ao idoso, conciliando a vida pessoal com os hor\u00e1rios de trabalho.<\/p>\n<p>A alternativa cada vez mais comum \u00e9 a contrata\u00e7\u00e3o de um cuidador que acompanhe o familiar durante as AVDs e esteja atento a poss\u00edveis riscos, intervindo a tempo e assim, diminuindo o risco de queda.<\/p>\n<h4>Veja se voc\u00ea identifica alguns desses perigos dentro da sua casa:<\/h4>\n<p>\u25cf Tapetes soltos;<br \/>\n\u25cf Ambientes com pouca ou nenhuma ilumina\u00e7\u00e3o;<br \/>\n\u25cf Escadas ou degraus sem corrim\u00e3o;<br \/>\n\u25cf Pisos escorregadios;<br \/>\n\u25cf Cadeiras, camas e vasos sanit\u00e1rios muito baixos;<br \/>\n\u25cf Obst\u00e1culos pelo caminho, como: m\u00f3veis baixo, fios soltos e animais de estima\u00e7\u00e3o;<br \/>\n\u25cf Bengalas ou andadores com as ponteiras danificadas.<\/p>\n<h4>8 dicas de como podemos prevenir:<\/h4>\n<p>\u25cf Substituir os tapetes soltos por os que contenham antiderrapante;<br \/>\n\u25cf Utilizar sapatos que fiquem presos ao p\u00e9, no tamanho real dele e com sola de borracha;<br \/>\n\u25cf Instalar corrim\u00f5es, preferencialmente dos dois lados de escadas, degraus, rampas de acesso, perto de camas, vasos sanit\u00e1rios e dentro do box do chuveiro;<br \/>\n\u25cf Manter o idoso ativo, fazendo-o praticar exerc\u00edcios que melhorem o equil\u00edbrio e a for\u00e7a muscular;<br \/>\n\u25cf Deixar luzes acessas durante a noite, facilitando a ida ao banheiro ou at\u00e9 a cozinha;<br \/>\n\u25cf Deixar sempre perto e de f\u00e1cil acesso ao idoso telefone, principais n\u00fameros de emerg\u00eancia e outros objetos de uso rotineiro dele;<br \/>\n\u25cf Manter em dia os exames de avalia\u00e7\u00e3o tanto de audi\u00e7\u00e3o, vis\u00e3o e f\u00edsico;<br \/>\n\u25cf Ficar atento a poss\u00edveis altera\u00e7\u00f5es ou rea\u00e7\u00f5es medicamentosas;<\/p>\n<p><em>Fonte:<\/em><br \/>\nSociedade Brasileira de atendimento Integrado ao Traumatizado.<\/p>\n<p><img loading=\"lazy\" decoding=\"async\" class=\"wp-image-1073 alignleft\" src=\"http:\/\/cuidarebr.com.br\/media\/foto.png\" alt=\"\" width=\"372\" height=\"145\" \/><\/p>\n","protected":false},"excerpt":{"rendered":"<p>Geront\u00f3loga, parceira da Cuidare, fala sobre as quedas e d\u00e1 dicas para evit\u00e1-la. Voc\u00ea sabia que 70% das quedas em idosos, ocorrem em ambiente domiciliar ou ao em torno dele? Geralmente, esse evento ocorre quando o idoso est\u00e1 realizando atividades rotineiras, as quais chamamos de atividades de vida di\u00e1ria (AVDs). A principal e mais grave [&hellip;]<\/p>\n","protected":false},"author":3,"featured_media":1080,"comment_status":"open","ping_status":"open","sticky":false,"template":"","format":"standard","meta":{"pagelayer_contact_templates":[],"_pagelayer_content":"","footnotes":""},"categories":[43],"tags":[113,62,114,115,116],"class_list":["post-1069","post","type-post","status-publish","format-standard","has-post-thumbnail","hentry","category-blog-cuidare","tag-cuidador","tag-cuidador-de-idosos","tag-queda","tag-quedas","tag-quedas-em-idosos"],"_links":{"self":[{"href":"https:\/\/cuidarebr.com.br\/novosite\/wp-json\/wp\/v2\/posts\/1069","targetHints":{"allow":["GET"]}}],"collection":[{"href":"https:\/\/cuidarebr.com.br\/novosite\/wp-json\/wp\/v2\/posts"}],"about":[{"href":"https:\/\/cuidarebr.com.br\/novosite\/wp-json\/wp\/v2\/types\/post"}],"author":[{"embeddable":true,"href":"https:\/\/cuidarebr.com.br\/novosite\/wp-json\/wp\/v2\/users\/3"}],"replies":[{"embeddable":true,"href":"https:\/\/cuidarebr.com.br\/novosite\/wp-json\/wp\/v2\/comments?post=1069"}],"version-history":[{"count":0,"href":"https:\/\/cuidarebr.com.br\/novosite\/wp-json\/wp\/v2\/posts\/1069\/revisions"}],"wp:featuredmedia":[{"embeddable":true,"href":"https:\/\/cuidarebr.com.br\/novosite\/wp-json\/wp\/v2\/media\/1080"}],"wp:attachment":[{"href":"https:\/\/cuidarebr.com.br\/novosite\/wp-json\/wp\/v2\/media?parent=1069"}],"wp:term":[{"taxonomy":"category","embeddable":true,"href":"https:\/\/cuidarebr.com.br\/novosite\/wp-json\/wp\/v2\/categories?post=1069"},{"taxonomy":"post_tag","embeddable":true,"href":"https:\/\/cuidarebr.com.br\/novosite\/wp-json\/wp\/v2\/tags?post=1069"}],"curies":[{"name":"wp","href":"https:\/\/api.w.org\/{rel}","templated":true}]}}