{"id":1109,"date":"2019-03-27T18:38:16","date_gmt":"2019-03-27T21:38:16","guid":{"rendered":"http:\/\/cuidarebr.com.br\/?p=1109"},"modified":"2019-03-27T18:38:16","modified_gmt":"2019-03-27T21:38:16","slug":"hogeweyk-a-vila-perfeita-para-idosos-com-alzheimer","status":"publish","type":"post","link":"https:\/\/cuidarebr.com.br\/novosite\/hogeweyk-a-vila-perfeita-para-idosos-com-alzheimer\/","title":{"rendered":"Hogeweyk: a vila perfeita para idosos com Alzheimer"},"content":{"rendered":"<p>Restaurantes, jardins e at\u00e9 um supermercado. A vila de Hogeweyk foi constru\u00edda de forma a permitir aos idosos com dem\u00eancia viver os \u00faltimos anos com mais conforto. Fica na Holanda.<\/p>\n<p>&nbsp;<\/p>\n<div style=\"width: 780px\" class=\"wp-caption alignnone\"><img loading=\"lazy\" decoding=\"async\" src=\"https:\/\/s3.observador.pt\/wp-content\/uploads\/2015\/06\/kopart-amstelveen_770x433_acf_cropped.jpg\" alt=\"\" width=\"770\" height=\"433\" \/><p class=\"wp-caption-text\">Cada um dos residentes investe 5 mil euros por m\u00eas para viver nesta vila<\/p><\/div>\n<p>&nbsp;<\/p>\n<p>De acordo com a Organiza\u00e7\u00e3o Mundial de Sa\u00fade, existem 35,6 milh\u00f5es de\u00a0idosos dementes no mundo. Em 2030 espera-se que este n\u00famero quase duplique, muito devido ao envelhecimento da popula\u00e7\u00e3o. Foi a pensar no bem-estar destas pessoas que o governo da Holanda criou a vila de Hogeweyk, junto \u00e0\u00a0cidade de Weesp.<\/p>\n<p>Esta vila foi completamente projetada para a presta\u00e7\u00e3o de cuidados especiais aos casos mais severos de idosos com dem\u00eancia, especialmente Alzheimer. Mas h\u00e1 uma particularidade que a separa dos lares tradicionais: foi erguida com base na\u00a0hiper-realidade, o que diminui a necessidade de utilizar medicamentos e torna os idosos mais ativos, de acordo com a\u00a0<a href=\"https:\/\/www.psychologytoday.com\/blog\/reading-between-the-headlines\/201204\/stepping-back-in-time-help-alzheimers\" target=\"_blank\" rel=\"noopener\">Psychology\u00a0Today<\/a>.<\/p>\n<p>As cento e cinquenta e duas pessoas que moram em\u00a0<a href=\"http:\/\/hogeweyk.dementiavillage.com\/en\/kenniscentrum\/\" target=\"_blank\" rel=\"noopener\">Hogeweyk<\/a>\u00a0s\u00e3o apoiadas por 250\u00a0especialistas em cuidados geri\u00e1tricos, mas \u00e9-lhes fornecida toda a autonomia, independ\u00eancia e privacidade poss\u00edvel. De acordo com a\u00a0<a href=\"http:\/\/twistedsifter.com\/2015\/02\/amazing-village-in-netherlands-just-for-people-with-dementia\/\" target=\"_blank\" rel=\"noopener\">Twister Sifter<\/a>, a\u00a0vila cont\u00e9m restaurantes, caf\u00e9s, cinemas e tamb\u00e9m espa\u00e7os abertos, como ruas, pra\u00e7as e jardins. Tamb\u00e9m existe um supermercado, onde as pessoas podem dirigir-se para adquirir o que necessitam. Mas n\u00e3o pagam: o valor do que \u201ccompram\u201d est\u00e1 inclu\u00eddo nos 5 mil euros mensais que a\u00a0fam\u00edlia investe.<\/p>\n<p>Na tentativa de manter este ambiente, nenhum dos funcion\u00e1rios veste trajes m\u00e9dicos: todos se vestem normalmente e fazem-se passar por vizinhos, empregadas dom\u00e9sticas ou trabalhadores nos v\u00e1rios servi\u00e7os que\u00a0Hogeweyk simula. Tudo isto est\u00e1 dispon\u00edvel vinte e quatro horas por dia, conforme escreve o\u00a0<a href=\"http:\/\/awebic.com\/cultura\/asilo-e-coisa-do-passado-conheca-a-vila-holandesa-projetada-para-idosos-com-alzheimer\/\" target=\"_blank\" rel=\"noopener\">Awebic<\/a>.<\/p>\n<p>S\u00e3o os pr\u00f3prios residentes que cuidam da sua casa \u2013 e existem 23 no total -, embora possam sempre receber ajuda dos funcion\u00e1rios da vila. A decora\u00e7\u00e3o, atividades e a\u00a0alimenta\u00e7\u00e3o \u00e9 determinada por um dos sete estilos de vida que os idosos podem escolher: caseiro, urbano, crist\u00e3o, artes\u00e3o, indon\u00e9sio ou cultural.<\/p>\n<p>Hogeweyk\u00a0foi projetada por\u00a0<a href=\"http:\/\/www.mbvda.nl\/Hogeweyk.html\" target=\"_blank\" rel=\"noopener\">Molenar&amp;Bol&amp;VanDillen<\/a>\u00a0e\u00a0abriu ao p\u00fablico em dezembro de 2009, ap\u00f3s um investimento de 19,3 milh\u00f5es de euros: a maior parte deste valor foi cedido pelo governo holand\u00eas e uma parte foi adquirida com apoios e mecenato.<\/p>\n<p>&nbsp;<\/p>\n<p>Fonte: <a href=\"https:\/\/observador.pt\/2015\/06\/11\/hogeweyk-vila-perfeita-idosos-alzheimer\/\">Observador<\/a><\/p>\n","protected":false},"excerpt":{"rendered":"<p>Restaurantes, jardins e at\u00e9 um supermercado. A vila de Hogeweyk foi constru\u00edda de forma a permitir aos idosos com dem\u00eancia viver os \u00faltimos anos com mais conforto. Fica na Holanda. &nbsp; &nbsp; De acordo com a Organiza\u00e7\u00e3o Mundial de Sa\u00fade, existem 35,6 milh\u00f5es de\u00a0idosos dementes no mundo. Em 2030 espera-se que este n\u00famero quase duplique, [&hellip;]<\/p>\n","protected":false},"author":3,"featured_media":1110,"comment_status":"open","ping_status":"open","sticky":false,"template":"","format":"standard","meta":{"pagelayer_contact_templates":[],"_pagelayer_content":"","footnotes":""},"categories":[43],"tags":[120,68],"class_list":["post-1109","post","type-post","status-publish","format-standard","has-post-thumbnail","hentry","category-blog-cuidare","tag-hogeweyk","tag-idosos"],"_links":{"self":[{"href":"https:\/\/cuidarebr.com.br\/novosite\/wp-json\/wp\/v2\/posts\/1109","targetHints":{"allow":["GET"]}}],"collection":[{"href":"https:\/\/cuidarebr.com.br\/novosite\/wp-json\/wp\/v2\/posts"}],"about":[{"href":"https:\/\/cuidarebr.com.br\/novosite\/wp-json\/wp\/v2\/types\/post"}],"author":[{"embeddable":true,"href":"https:\/\/cuidarebr.com.br\/novosite\/wp-json\/wp\/v2\/users\/3"}],"replies":[{"embeddable":true,"href":"https:\/\/cuidarebr.com.br\/novosite\/wp-json\/wp\/v2\/comments?post=1109"}],"version-history":[{"count":0,"href":"https:\/\/cuidarebr.com.br\/novosite\/wp-json\/wp\/v2\/posts\/1109\/revisions"}],"wp:featuredmedia":[{"embeddable":true,"href":"https:\/\/cuidarebr.com.br\/novosite\/wp-json\/wp\/v2\/media\/1110"}],"wp:attachment":[{"href":"https:\/\/cuidarebr.com.br\/novosite\/wp-json\/wp\/v2\/media?parent=1109"}],"wp:term":[{"taxonomy":"category","embeddable":true,"href":"https:\/\/cuidarebr.com.br\/novosite\/wp-json\/wp\/v2\/categories?post=1109"},{"taxonomy":"post_tag","embeddable":true,"href":"https:\/\/cuidarebr.com.br\/novosite\/wp-json\/wp\/v2\/tags?post=1109"}],"curies":[{"name":"wp","href":"https:\/\/api.w.org\/{rel}","templated":true}]}}