{"id":1129,"date":"2019-04-09T12:29:45","date_gmt":"2019-04-09T15:29:45","guid":{"rendered":"http:\/\/cuidarebr.com.br\/?p=1129"},"modified":"2019-04-09T12:29:45","modified_gmt":"2019-04-09T15:29:45","slug":"dicas-de-amamentacao","status":"publish","type":"post","link":"https:\/\/cuidarebr.com.br\/novosite\/dicas-de-amamentacao\/","title":{"rendered":"Dicas de amamenta\u00e7\u00e3o que podem fazer toda a diferen\u00e7a para as futuras mam\u00e3es!"},"content":{"rendered":"<p>A amamenta\u00e7\u00e3o \u00e9 um momento muito especial para as mam\u00e3es e seus beb\u00eas. Muitos estudos comprovam o grande bem que esse ato de amor e v\u00ednculo traz aos beb\u00eas em seus primeiros anos de vida, por\u00e9m, algumas vezes, esse momento especial se torna doloroso e preocupante. Isso pode acontecer por falta de suporte e\/ou orienta\u00e7\u00f5es adequadas, fazendo com que as m\u00e3es desistam de amamentar ou sofram durante o processo de amamenta\u00e7\u00e3o.<\/p>\n<p>Para evitar as temidas fissuras e dores na amamenta\u00e7\u00e3o, \u00e9 preciso atentar-se a importantes detalhes.<\/p>\n<p>Pensando nisso, a enfermeira obstetra <strong>Juliana Oliveira e Silva<\/strong>, com vasta experi\u00eancia na \u00e1rea, ministradora de cursos para gestantes e parceira integrante da equipe multifuncional da Cuidare Morumbi, trouxe um material com informa\u00e7\u00f5es relevantes \u00e0s futuras mam\u00e3es. Confira algumas dicas e torne esse momento muito mais agrad\u00e1vel!<\/p>\n<ul>\n<li><strong>Escolha a posi\u00e7\u00e3o para amamentar que melhor se adeque a voc\u00ea e seu beb\u00ea.<\/strong><\/li>\n<\/ul>\n<p>Essas s\u00e3o as mais comuns:<\/p>\n<div style=\"width: 470px\" class=\"wp-caption alignnone\"><img loading=\"lazy\" decoding=\"async\" class=\"\" src=\"https:\/\/azcdn.multibrand3.pgsitecore.com\/pt-BR\/-\/media\/Pampers\/Pampers-BR\/Images\/Articles\/dec_17\/The-cradle-hold.jpg?la=pt-BR&amp;v=1-201712211223\" alt=\"M\u00c3\u00a3e amamentando na posi\u00c3\u00a7\u00c3\u00a3o tradicional\" width=\"460\" height=\"460\" \/><p class=\"wp-caption-text\">Fonte: reprodu\u00e7\u00e3o Google<\/p><\/div>\n<p>&nbsp;<\/p>\n<ol>\n<li>Tradicional<\/li>\n<\/ol>\n<div style=\"width: 477px\" class=\"wp-caption alignnone\"><img loading=\"lazy\" decoding=\"async\" class=\"\" src=\"https:\/\/azcdn.multibrand3.pgsitecore.com\/pt-BR\/-\/media\/Pampers\/Pampers-BR\/Images\/Articles\/dec_17\/The-football-hold.jpg?la=pt-BR&amp;v=1-201712211224\" alt=\"A Posi\u00c3\u00a7\u00c3\u00a3o Invertida\" width=\"467\" height=\"467\" \/><p class=\"wp-caption-text\">Fonte: reprodu\u00e7\u00e3o Google<\/p><\/div>\n<ol>\n<li>Invertida<\/li>\n<\/ol>\n<div style=\"width: 488px\" class=\"wp-caption alignnone\"><img loading=\"lazy\" decoding=\"async\" class=\"\" src=\"http:\/\/3.bp.blogspot.com\/-Y6sUEzMkLag\/Ux35q7sZ51I\/AAAAAAAAAWw\/B61fY3aGZuY\/s1600\/cavaleiro2.jpg\" alt=\"cavaleiro para amamentar\" width=\"478\" height=\"359\" \/><p class=\"wp-caption-text\">Foto: Reprodu\u00e7\u00e3o Google<\/p><\/div>\n<ol>\n<li>Cavaleiro<\/li>\n<\/ol>\n<p>&nbsp;<\/p>\n<ul>\n<li><strong>O beb\u00ea deve sempre estar com a barriga voltada para o corpo da m\u00e3e e o nariz na altura do mamilo. <\/strong><\/li>\n<\/ul>\n<p>O nariz? Sim! A boca do beb\u00ea n\u00e3o deve estar exatamente em frente ao mamilo e sim abaixo dele. Na pega correta, o l\u00e1bio inferior do beb\u00ea cobre a regi\u00e3o inferior da ar\u00e9ola e o mamilo fica posicionado no \u201cc\u00e9u da boca\u201d do beb\u00ea.<\/p>\n<div style=\"width: 562px\" class=\"wp-caption alignnone\"><img loading=\"lazy\" decoding=\"async\" class=\"\" src=\"http:\/\/blog.casadadoula.com.br\/wp-content\/uploads\/2018\/11\/pega-correta-1.jpg\" alt=\"Resultado de imagem para pega correta\" width=\"552\" height=\"448\" \/><p class=\"wp-caption-text\">Foto: Reprodu\u00e7\u00e3o Google<\/p><\/div>\n<p>&nbsp;<\/p>\n<ul>\n<li><strong>Apoie o corpo do beb\u00ea e leve-o ao seio de baixo para cima<\/strong>, encostando primeiro o queixo e l\u00e1bio inferior na ar\u00e9ola e depois introduzindo o mamilo e parte superior da ar\u00e9ola na boca do beb\u00ea.<\/li>\n<\/ul>\n<p>Para facilitar o \u201cencaixe\u201d, apoie a mama com uma das m\u00e3os em formato de \u201cC\u201d bem aberto, de forma que seus dedos fiquem fora da ar\u00e9ola e elevem a mama. A m\u00e3o pode ser retirada lentamente ap\u00f3s o beb\u00ea ter realizado algumas suc\u00e7\u00f5es, n\u00e3o retire assim que ele abocanhar o seio pois ainda poder\u00e1 escorregar e soltar.<\/p>\n<p>&nbsp;<\/p>\n<div style=\"width: 593px\" class=\"wp-caption alignnone\"><img loading=\"lazy\" decoding=\"async\" class=\"\" src=\"https:\/\/static.vix.com\/pt\/sites\/default\/files\/styles\/large\/public\/a\/amamentacao-posicoes-bebe-0817-1400x800-2.jpg?itok=WGEkSWRT\" alt=\"Imagem relacionada\" width=\"583\" height=\"333\" \/><p class=\"wp-caption-text\">Foto: Reprodu\u00e7\u00e3o Google<\/p><\/div>\n<p>&nbsp;<\/p>\n<ul>\n<li><strong>Ap\u00f3s o beb\u00ea abocanhar o seio, observe os pontos a seguir para garantir que a pega esteja correta:<\/strong><\/li>\n<\/ul>\n<p>&nbsp;<\/p>\n<ul>\n<li>Os l\u00e1bios devem estar virados para fora, apoiados na ar\u00e9ola e n\u00e3o no mamilo;<\/li>\n<\/ul>\n<p>&nbsp;<\/p>\n<ul>\n<li>A parte inferior da ar\u00e9ola n\u00e3o deve estar vis\u00edvel, estando dentro da boca do beb\u00ea (pode ser necess\u00e1rio manter o apoio com a m\u00e3o na parte inferior da mama no caso de mamas mais volumosas);<\/li>\n<\/ul>\n<p><strong>Aten\u00e7\u00e3o: preocupe-se com a parte inferior da ar\u00e9ola,<\/strong> n\u00e3o somente com a superior. \u00c9 natural que do ponto de vista da m\u00e3e (que olha o seio de cima) ela foque na parte superior da ar\u00e9ola, mas esse n\u00e3o \u00e9 o ponto mais importante. A for\u00e7a do beb\u00ea durante a mamada est\u00e1 na parte inferior do seu rosto, ele usa o queixo, a l\u00edngua e o l\u00e1bio inferior para extrair o leite, ent\u00e3o essas estruturas devem estar o mais longe poss\u00edvel do mamilo. Portanto, se n\u00e3o for poss\u00edvel que o beb\u00ea abocanhe toda a ar\u00e9ola, deve-se garantir que ele abocanhe a maior parte poss\u00edvel da regi\u00e3o inferior, sobrando, portanto, mais ar\u00e9ola acima do que abaixo da boca do beb\u00ea.<\/p>\n<ul>\n<li>N\u00e3o devemos escutar barulhinhos como \u201cbeijinhos\u201d durante as suc\u00e7\u00f5es. Eles indicam que h\u00e1 entrada de ar e o beb\u00ea provavelmente n\u00e3o est\u00e1 vedando a boca na mama corretamente.<\/li>\n<\/ul>\n<p>&nbsp;<\/p>\n<ul>\n<li>As bochechas do beb\u00ea n\u00e3o devem fazer \u201ccovinhas\u201d durante as suc\u00e7\u00f5es. Elas tamb\u00e9m indicam que o beb\u00ea n\u00e3o est\u00e1 fazendo a press\u00e3o adequada na mama.<\/li>\n<\/ul>\n<p>&nbsp;<\/p>\n<ul>\n<li><strong>A m\u00e3e n\u00e3o deve sentir dor.<\/strong> Voc\u00ea pode sentir uma press\u00e3o, indicando que o beb\u00ea abocanhou a mama e no in\u00edcio algumas m\u00e3es podem achar que essa press\u00e3o causa um leve desconforto. Mas desconforto \u00e9 diferente de dor e ele deve acontecer somente no momento da pega, aliviando ap\u00f3s algumas suc\u00e7\u00f5es. Caso voc\u00ea sinta inc\u00f4modo durante toda a mamada ou caso sinta uma dor intensa, retire o beb\u00ea do seio e posicione novamente.<\/li>\n<\/ul>\n<div style=\"width: 707px\" class=\"wp-caption alignnone\"><img loading=\"lazy\" decoding=\"async\" class=\"\" src=\"https:\/\/www.nostrofiglio.it\/site_stored\/imgs\/0006\/023\/attacco_allattamento.jpg\" alt=\"Resultado de imagem para cracked nipples from breastfeeding\" width=\"697\" height=\"392\" \/><p class=\"wp-caption-text\">Foto: Reprodu\u00e7\u00e3o Google<\/p><\/div>\n<p>&nbsp;<\/p>\n<ul>\n<li><strong>Fique tranquila! \u00c9 natural a falta de jeito entre a mam\u00e3e e o beb\u00ea nos primeiros dias<\/strong><\/li>\n<\/ul>\n<p>\u00c9 muito natural que, nos primeiros dias de amamenta\u00e7\u00e3o, voc\u00ea precise retirar o beb\u00ea e reposicionar diversas vezes at\u00e9 que acertem a pega. O beb\u00ea nasce com reflexos para a amamenta\u00e7\u00e3o que o estimulam a abrir a boca e sugar, mas ele n\u00e3o sabe necessariamente como posicionar a boca para que essa mamada aconte\u00e7a de forma efetiva e sem dor \u00e0 m\u00e3e. Cabe \u00e0 m\u00e3e ensin\u00e1-lo a forma correta de fazer isso e, ap\u00f3s alguns dias de treino, isso passa a ser mais f\u00e1cil para o beb\u00ea.<\/p>\n<p>E por acaso \u00e9 f\u00e1cil ensinar algu\u00e9m a fazer algo que voc\u00ea tamb\u00e9m nunca fez? N\u00e3o \u00e9! No caso de m\u00e3es que nunca amamentaram, \u00e9 muito comum que existam dificuldades nesse momento, pois ambos (m\u00e3e e beb\u00ea) est\u00e3o em fase de aprendizado.<\/p>\n<ul>\n<li><strong>Busque uma rede de apoio, que voc\u00ea possa contar com o suporte de pessoas que a auxiliem e estimulem durante essa fase<\/strong><\/li>\n<\/ul>\n<p>Familiares e amigos podem ser importantes para troca de experi\u00eancias. O companheiro ou pessoa mais pr\u00f3xima que esteja diariamente por perto, pode ajudar a m\u00e3e a lembrar de todos esses detalhes no momento de colocar o beb\u00ea no seio, observando de outro \u00e2ngulo, se as posi\u00e7\u00f5es da m\u00e3e e do beb\u00ea est\u00e3o adequadas. Al\u00e9m disso, conseguir\u00e1 ajudar segurando as m\u00e3os do beb\u00ea (que no in\u00edcio s\u00e3o bem agitadas e insistem em ficar entre o rosto do beb\u00ea e o seio), colocando almofadas para melhor apoio dos bra\u00e7os e costas da m\u00e3e, oferecer \u00e1gua, alimento e suporte emocional durante as mamadas, que podem ser longas e bem cansativas nos primeiros dias.<\/p>\n<p>Ainda como rede de apoio, a mulher pode contar com profissionais capacitados para auxili\u00e1-la nessa fase de aprendizado e adapta\u00e7\u00e3o. <strong>A Cuidare disponibiliza planos especiais e profissionais capacitados para os cuidados no dia a dia com o beb\u00ea, al\u00e9m de pessoas especialistas para atendimento domiciliar nos casos de maiores dificuldades que exijam maior aten\u00e7\u00e3o.<\/strong> A consulta de amamenta\u00e7\u00e3o realizada em domic\u00edlio traz a facilidade, conforto e seguran\u00e7a que a m\u00e3e precisa, recebendo orienta\u00e7\u00f5es individualizadas ap\u00f3s avalia\u00e7\u00e3o de todo o contexto familiar e da amamenta\u00e7\u00e3o no ambiente em que ela acontece.<\/p>\n<p>&nbsp;<\/p>\n<p><img loading=\"lazy\" decoding=\"async\" class=\"\" src=\"https:\/\/trello-attachments.s3.amazonaws.com\/5b9f8d8c375e6742e6791a09\/5ba3f08194b5464e58dc84c6\/246b9b2cdb749da3625b07426bde83fc\/2009_%5BCuidare%5D_1.png\" alt=\"2009 [Cuidare] 1.png\" width=\"645\" height=\"645\" \/><\/p>\n<p>&nbsp;<\/p>\n","protected":false},"excerpt":{"rendered":"<p>A amamenta\u00e7\u00e3o \u00e9 um momento muito especial para as mam\u00e3es e seus beb\u00eas. Muitos estudos comprovam o grande bem que esse ato de amor e v\u00ednculo traz aos beb\u00eas em seus primeiros anos de vida, por\u00e9m, algumas vezes, esse momento especial se torna doloroso e preocupante. Isso pode acontecer por falta de suporte e\/ou orienta\u00e7\u00f5es [&hellip;]<\/p>\n","protected":false},"author":3,"featured_media":0,"comment_status":"open","ping_status":"open","sticky":false,"template":"","format":"standard","meta":{"pagelayer_contact_templates":[],"_pagelayer_content":"","footnotes":""},"categories":[43],"tags":[123,124,49,125],"class_list":["post-1129","post","type-post","status-publish","format-standard","hentry","category-blog-cuidare","tag-amamentacao","tag-amamentar","tag-cuidare","tag-mae"],"_links":{"self":[{"href":"https:\/\/cuidarebr.com.br\/novosite\/wp-json\/wp\/v2\/posts\/1129","targetHints":{"allow":["GET"]}}],"collection":[{"href":"https:\/\/cuidarebr.com.br\/novosite\/wp-json\/wp\/v2\/posts"}],"about":[{"href":"https:\/\/cuidarebr.com.br\/novosite\/wp-json\/wp\/v2\/types\/post"}],"author":[{"embeddable":true,"href":"https:\/\/cuidarebr.com.br\/novosite\/wp-json\/wp\/v2\/users\/3"}],"replies":[{"embeddable":true,"href":"https:\/\/cuidarebr.com.br\/novosite\/wp-json\/wp\/v2\/comments?post=1129"}],"version-history":[{"count":0,"href":"https:\/\/cuidarebr.com.br\/novosite\/wp-json\/wp\/v2\/posts\/1129\/revisions"}],"wp:attachment":[{"href":"https:\/\/cuidarebr.com.br\/novosite\/wp-json\/wp\/v2\/media?parent=1129"}],"wp:term":[{"taxonomy":"category","embeddable":true,"href":"https:\/\/cuidarebr.com.br\/novosite\/wp-json\/wp\/v2\/categories?post=1129"},{"taxonomy":"post_tag","embeddable":true,"href":"https:\/\/cuidarebr.com.br\/novosite\/wp-json\/wp\/v2\/tags?post=1129"}],"curies":[{"name":"wp","href":"https:\/\/api.w.org\/{rel}","templated":true}]}}