{"id":1160,"date":"2019-04-29T13:07:05","date_gmt":"2019-04-29T16:07:05","guid":{"rendered":"http:\/\/cuidarebr.com.br\/?p=1160"},"modified":"2019-04-29T13:07:05","modified_gmt":"2019-04-29T16:07:05","slug":"abertura-de-tres-unidades-em-minas","status":"publish","type":"post","link":"https:\/\/cuidarebr.com.br\/novosite\/abertura-de-tres-unidades-em-minas\/","title":{"rendered":"[DI\u00c1RIO DO COM\u00c9RCIAO] REDE CUIDARE PREV\u00ca A ABERTURA DE TR\u00caS UNIDADES EM MINAS"},"content":{"rendered":"\n<figure class=\"wp-block-image\"><a href=\"http:\/\/diariodocomercio.com.br\/sitenovo\/wp-content\/uploads\/2019\/04\/rede-cuidare.jpg\"><img decoding=\"async\" src=\"http:\/\/diariodocomercio.com.br\/sitenovo\/wp-content\/uploads\/2019\/04\/rede-cuidare-696x379.jpg\" alt=\"\" \/><\/a>\n<figcaption>Para Izabelly Miranda, ter um franqueado disposto a se dedicar ao neg\u00f3cio \u00e9 fundamental &#8211; Cr\u00e9ditos: Izabelly Miranda\/Divulga\u00e7\u00e3o<\/figcaption>\n<\/figure>\n\n\n\n<p>O envelhecimento da popula\u00e7\u00e3o brasileira tem dado impulso aos servi\u00e7os ligados ao bem-estar. Segundo estimativas do Instituto Brasileiro de Geografia e Estat\u00edstica (IBGE), at\u00e9 2060, o percentual de pessoas com mais de 65 anos passar\u00e1 dos atuais 9,2% para 25,5%.<\/p>\n\n\n\n<p>Segundo a pesquisa, a fatia de pessoas com mais de 65 anos alcan\u00e7ar\u00e1 15% da popula\u00e7\u00e3o j\u00e1 em 2034, ultrapassando a barreira de 20% em 2046. Em 2010, estava em 7,3%.<\/p>\n\n\n\n<p>O levantamento tamb\u00e9m mostra que em 2039 o n\u00famero de idosos com mais de 65 anos vai superar o de crian\u00e7as de at\u00e9 14 anos, o que vai acelerar a trajet\u00f3ria de envelhecimento da popula\u00e7\u00e3o. Atualmente, a popula\u00e7\u00e3o com at\u00e9 14 anos representa 21,3% dos brasileiros e cair\u00e1 para 14,7% at\u00e9 2060.<\/p>\n\n\n\n<p>Diante desse quadro, a rede Cuidare, franquia de cuidadores de pessoas, espalha suas unidades em todo o territ\u00f3rio nacional e tem em Minas Gerais um dos seus principais focos estrat\u00e9gicos.<\/p>\n\n\n\n<p>S\u00e3o 52 unidades atuais, estando a primeira mineira instalada na Capital, no bairro Castelo, na regi\u00e3o da Pampulha. Para 2019, mais tr\u00eas unidades j\u00e1 est\u00e3o negociadas: Juiz de Fora, na Zona da Mata; Uberl\u00e2ndia, no Tri\u00e2ngulo; e Nova Lima, na Regi\u00e3o Metropolitana de Belo Horizonte (RMBH).<\/p>\n\n\n\n<p>De acordo com a s\u00f3cia fundadora da Cuidare, Izabelly Miranda, a expans\u00e3o da rede tomou f\u00f4lego nos \u00faltimos dois anos.<\/p>\n\n\n\n<p>\u201cS\u00f3 em 2018, foram 28 unidades comercializadas. O nosso objetivo \u00e9 ultrapassar esse n\u00famero este ano. Para isso, Minas Gerais \u00e9 muito importante pela for\u00e7a da sua economia, o tamanho da popula\u00e7\u00e3o idosa e a capacidade de consumo. Temos unidades em cidades a partir de 50 mil habitantes\u201d, explica Izabelly Miranda.<\/p>\n\n\n\n<p>Para a empres\u00e1ria, ter um franqueado disposto a se dedicar ao neg\u00f3cio \u00e9 fundamental. N\u00e3o h\u00e1 obrigatoriedade de ser oriundo do setor da sa\u00fade. O investimento m\u00e9dio m\u00ednimo \u00e9 de R$ 25 mil.<\/p>\n\n\n\n<p>Enquanto faz a expans\u00e3o pelo Pa\u00eds, a rede tamb\u00e9m j\u00e1 planeja a internacionaliza\u00e7\u00e3o dos neg\u00f3cios. A meta \u00e9 come\u00e7ar por Portugal at\u00e9 2020.<\/p>\n\n\n\n<p>A rede oferece servi\u00e7os de cuidadores para idosos, crian\u00e7as, gestantes, m\u00e3es e m\u00faltiplos e p\u00f3s-operat\u00f3rio.<\/p>\n\n\n\n<p>\u201cO nosso diferencial est\u00e1 na forma\u00e7\u00e3o da m\u00e3o de obra. Todos os cuidadores s\u00e3o, no m\u00ednimo, t\u00e9cnicos em enfermagem. Ao mesmo tempo temos um baixo custo operacional, oferecendo qualidade de gest\u00e3o para o franqueado\u201d, pontua a fundadora da Cuidare.<\/p>\n<div><br \/>\n<div>Fonte: <a href=\"http:\/\/diariodocomercio.com.br\/sitenovo\/rede-cuidare-preve-a-abertura-de-tres-unidades-em-minas\/\">Di\u00e1rio do Com\u00e9rcio<\/a><br \/>\n<div>\u00a0<\/div>\n<\/div>\n<\/div>\n","protected":false},"excerpt":{"rendered":"<p>O envelhecimento da popula\u00e7\u00e3o brasileira tem dado impulso aos servi\u00e7os ligados ao bem-estar. Segundo estimativas do Instituto Brasileiro de Geografia e Estat\u00edstica (IBGE), at\u00e9 2060, o percentual de pessoas com mais de 65 anos passar\u00e1 dos atuais 9,2% para 25,5%. Segundo a pesquisa, a fatia de pessoas com mais de 65 anos alcan\u00e7ar\u00e1 15% da [&hellip;]<\/p>\n","protected":false},"author":3,"featured_media":1163,"comment_status":"open","ping_status":"open","sticky":false,"template":"","format":"standard","meta":{"pagelayer_contact_templates":[],"_pagelayer_content":"","footnotes":""},"categories":[41],"tags":[],"class_list":["post-1160","post","type-post","status-publish","format-standard","has-post-thumbnail","hentry","category-cuidare-na-midia"],"_links":{"self":[{"href":"https:\/\/cuidarebr.com.br\/novosite\/wp-json\/wp\/v2\/posts\/1160","targetHints":{"allow":["GET"]}}],"collection":[{"href":"https:\/\/cuidarebr.com.br\/novosite\/wp-json\/wp\/v2\/posts"}],"about":[{"href":"https:\/\/cuidarebr.com.br\/novosite\/wp-json\/wp\/v2\/types\/post"}],"author":[{"embeddable":true,"href":"https:\/\/cuidarebr.com.br\/novosite\/wp-json\/wp\/v2\/users\/3"}],"replies":[{"embeddable":true,"href":"https:\/\/cuidarebr.com.br\/novosite\/wp-json\/wp\/v2\/comments?post=1160"}],"version-history":[{"count":0,"href":"https:\/\/cuidarebr.com.br\/novosite\/wp-json\/wp\/v2\/posts\/1160\/revisions"}],"wp:featuredmedia":[{"embeddable":true,"href":"https:\/\/cuidarebr.com.br\/novosite\/wp-json\/wp\/v2\/media\/1163"}],"wp:attachment":[{"href":"https:\/\/cuidarebr.com.br\/novosite\/wp-json\/wp\/v2\/media?parent=1160"}],"wp:term":[{"taxonomy":"category","embeddable":true,"href":"https:\/\/cuidarebr.com.br\/novosite\/wp-json\/wp\/v2\/categories?post=1160"},{"taxonomy":"post_tag","embeddable":true,"href":"https:\/\/cuidarebr.com.br\/novosite\/wp-json\/wp\/v2\/tags?post=1160"}],"curies":[{"name":"wp","href":"https:\/\/api.w.org\/{rel}","templated":true}]}}