{"id":1203,"date":"2020-12-10T14:50:57","date_gmt":"2020-12-10T17:50:57","guid":{"rendered":"http:\/\/cuidarebr.com.br\/?p=1203"},"modified":"2020-12-10T14:50:57","modified_gmt":"2020-12-10T17:50:57","slug":"cuidare-na-holanda","status":"publish","type":"post","link":"https:\/\/cuidarebr.com.br\/novosite\/cuidare-na-holanda\/","title":{"rendered":"[EXAME] Franquia de cuidadores de idosos e um grupo de m\u00e9dicos representam o Brasil na Holanda, durante encontro sobre longevidade e sa\u00fade"},"content":{"rendered":"\n<figure class=\"wp-block-image\"><img loading=\"lazy\" decoding=\"async\" width=\"680\" height=\"453\" class=\"wp-image-1205\" src=\"https:\/\/cuidarebr.com.br\/novosite\/wp-content\/uploads\/2019\/05\/df264979-b24d-4660-91e0-26b04e85a715.jpg\" alt=\"\" srcset=\"https:\/\/cuidarebr.com.br\/novosite\/wp-content\/uploads\/2019\/05\/df264979-b24d-4660-91e0-26b04e85a715.jpg 680w, https:\/\/cuidarebr.com.br\/novosite\/wp-content\/uploads\/2019\/05\/df264979-b24d-4660-91e0-26b04e85a715-300x200.jpg 300w\" sizes=\"auto, (max-width: 680px) 100vw, 680px\" \/><\/figure>\n\n\n\n<p>De acordo com a OPAS-Brasil (Organiza\u00e7\u00e3o Pan-Americana da Sa\u00fade), ligada \u00e0 OMS (Organiza\u00e7\u00e3o Mundial da Sa\u00fade), \u00e0 medida que a popula\u00e7\u00e3o mundial envelhece, espera-se que o n\u00famero de pessoas que vivem com dem\u00eancia triplique \u2013 de 50 milh\u00f5es para 152 milh\u00f5es at\u00e9 2050.<\/p>\n\n\n\n<p>No Brasil, segundo dados da Sociedade Brasileira de Geriatria e Gerontologia, s\u00e3o registrados 55 mil novos casos de dem\u00eancias a cada ano, a maioria (de 60 a 70% das constata\u00e7\u00f5es) decorrentes do mal de Alzheimer. Atualmente, 1,4 milh\u00e3o de brasileiros vivem com dem\u00eancia \u2013 e o n\u00famero de casos dever\u00e1 saltar para mais de seis milh\u00f5es em 2050.<\/p>\n\n\n\n<p>Nesta semana, o empres\u00e1rio Etevaldo Miranda Junior, um dos fundadores da rede de franquias Cuidare Cuidadores de Pessoas e mais 12 m\u00e9dicos partiram para uma importante miss\u00e3o na Holanda, onde est\u00e3o fazendo uma \u201cimers\u00e3o\u201d na Hogeweyk, uma vila projetada especialmente para o cuidado de idosos com dem\u00eancias, principalmente aquelas degenerativas como o Alzheimer. Durante a visita temas como novas t\u00e9cnicas e inova\u00e7\u00f5es na \u00e1rea da sa\u00fade e longevidade est\u00e3o sendo discutidos.\u00a0<\/p>\n\n\n\n<p>\u201cS\u00e3o seis dias intensos de palestras e visitas a diferentes organiza\u00e7\u00f5es e um encontro com representantes do Minist\u00e9rio da Sa\u00fade Holand\u00eas\u201d, explicou Miranda.<br \/>Com 58 unidades e presente em 21 estados, a Cuidare que possui mais de 800 cuidadores, se tornou autoridade no cuidado com idosos no Brasil. Miranda garante que os dias de imers\u00e3o v\u00e3o servir para aprimorar ainda mais o trabalho desenvolvido pela rede.<\/p>\n\n\n\n<blockquote class=\"wp-block-quote is-layout-flow wp-block-quote-is-layout-flow\">\n<p><strong>Sobre a Hogeweyk<\/strong><\/p>\n<\/blockquote>\n\n\n\n<p>\u00c9 um vilarejo planejado para atender pessoas com dem\u00eancias, a maior parte com Alzheimer. Nela os idosos vivem em casas diferenciadas por estilos de vida, realizam as tarefas di\u00e1rias com o aux\u00edlio e\/ou supervis\u00e3o de v\u00e1rios profissionais. Essa rotina estimula a autonomia dos moradores. Um lugar com ruas, pra\u00e7as, \u00e1reas de conviv\u00eancia e at\u00e9 um supermercado com atendentes capacitados para lidar com idosos. Os moradores podem sair livremente, mas permanecem em um ambiente protegido.<\/p>\n\n\n\n<blockquote class=\"wp-block-quote is-layout-flow wp-block-quote-is-layout-flow\">\n<p><strong>Sobre a Cuidare<\/strong> <\/p>\n<\/blockquote>\n\n\n\n<p>A Cuidare \u00e9 uma rede de franquias especializada no cuidado com idosos e pessoas de qualquer idade tenham alguma necessidade especial. \u00c9 um trabalho profissional, de qualidade e humanizado, que \u00e9 supervisionado por um respons\u00e1vel t\u00e9cnico. Os cuidadores s\u00e3o capacitados e treinados constantemente para garantir ao assistido seguran\u00e7a e bem-estar.\u00a0<\/p>\n\n\n\n<p>Servi\u00e7o<\/p>\n\n\n\n<p>Cuidare Cuidadores de Pessoas<\/p>\n\n\n\n<p><a href=\"http:\/\/www.cuidarebr.com.br\/\" target=\"_blank\" rel=\"noreferrer noopener\">www.cuidarebr.com.br<\/a><\/p>\n\n\n\n<p><a href=\"mailto:expansao@cuidarebr.com.br\" target=\"_blank\" rel=\"noreferrer noopener\">expansao@cuidarebr.com.br<\/a><\/p>\n\n\n\n<p>(11) 9 4971-9773 \u2013 WhatsApp<\/p>\n\n\n\n<p>Website:\u00a0<a href=\"http:\/\/www.cuidarebr.com.br\/\" target=\"_blank\" rel=\"noreferrer noopener\">http:\/\/www.cuidarebr.com.br<\/a><\/p>\n\n\n\n<p>Fonte: <a href=\"https:\/\/exame.abril.com.br\/negocios\/dino\/franquia-de-cuidadores-de-idosos-e-um-grupo-de-medicos-representam-o-brasil-na-holanda-durante-encontro-sobre-longevidade-e-saude\/\">Exame<\/a><\/p>\n\n\n\n<div>\u00a0<\/div>\n\n\n\n<div>\u00a0<\/div>\n","protected":false},"excerpt":{"rendered":"<p>De acordo com a OPAS-Brasil (Organiza\u00e7\u00e3o Pan-Americana da Sa\u00fade), ligada \u00e0 OMS (Organiza\u00e7\u00e3o Mundial da Sa\u00fade), \u00e0 medida que a popula\u00e7\u00e3o mundial envelhece, espera-se que o n\u00famero de pessoas que vivem com dem\u00eancia triplique \u2013 de 50 milh\u00f5es para 152 milh\u00f5es at\u00e9 2050. No Brasil, segundo dados da Sociedade Brasileira de Geriatria e Gerontologia, s\u00e3o [&hellip;]<\/p>\n","protected":false},"author":3,"featured_media":1218,"comment_status":"open","ping_status":"open","sticky":false,"template":"","format":"standard","meta":{"pagelayer_contact_templates":[],"_pagelayer_content":"","footnotes":""},"categories":[41],"tags":[89,49,148],"class_list":["post-1203","post","type-post","status-publish","format-standard","has-post-thumbnail","hentry","category-cuidare-na-midia","tag-cuidadores","tag-cuidare","tag-holanda"],"_links":{"self":[{"href":"https:\/\/cuidarebr.com.br\/novosite\/wp-json\/wp\/v2\/posts\/1203","targetHints":{"allow":["GET"]}}],"collection":[{"href":"https:\/\/cuidarebr.com.br\/novosite\/wp-json\/wp\/v2\/posts"}],"about":[{"href":"https:\/\/cuidarebr.com.br\/novosite\/wp-json\/wp\/v2\/types\/post"}],"author":[{"embeddable":true,"href":"https:\/\/cuidarebr.com.br\/novosite\/wp-json\/wp\/v2\/users\/3"}],"replies":[{"embeddable":true,"href":"https:\/\/cuidarebr.com.br\/novosite\/wp-json\/wp\/v2\/comments?post=1203"}],"version-history":[{"count":0,"href":"https:\/\/cuidarebr.com.br\/novosite\/wp-json\/wp\/v2\/posts\/1203\/revisions"}],"wp:featuredmedia":[{"embeddable":true,"href":"https:\/\/cuidarebr.com.br\/novosite\/wp-json\/wp\/v2\/media\/1218"}],"wp:attachment":[{"href":"https:\/\/cuidarebr.com.br\/novosite\/wp-json\/wp\/v2\/media?parent=1203"}],"wp:term":[{"taxonomy":"category","embeddable":true,"href":"https:\/\/cuidarebr.com.br\/novosite\/wp-json\/wp\/v2\/categories?post=1203"},{"taxonomy":"post_tag","embeddable":true,"href":"https:\/\/cuidarebr.com.br\/novosite\/wp-json\/wp\/v2\/tags?post=1203"}],"curies":[{"name":"wp","href":"https:\/\/api.w.org\/{rel}","templated":true}]}}