{"id":1253,"date":"2019-06-18T10:04:34","date_gmt":"2019-06-18T13:04:34","guid":{"rendered":"http:\/\/cuidarebr.com.br\/?p=1253"},"modified":"2019-06-18T10:04:34","modified_gmt":"2019-06-18T13:04:34","slug":"segmento-de-cuidadores-de-idosos-cresce-547-em-10-anos","status":"publish","type":"post","link":"https:\/\/cuidarebr.com.br\/novosite\/segmento-de-cuidadores-de-idosos-cresce-547-em-10-anos\/","title":{"rendered":"[RUDGE RAMOS ONLINE] Cuidare &#8211; Cuidadores de Idosos | Segmento de cuidadores de idosos cresce 547% em 10 anos"},"content":{"rendered":"\n<h4><strong>Cuidadores de Idosos | Com 25 milh\u00f5es de pessoas acima dos 60 anos, os mais velhos representam 12% da popula\u00e7\u00e3o.\u00a0<\/strong><\/h4>\n<p><!--more--><\/p>\n\n\n\n<p>A expectativa de vida da popula\u00e7\u00e3o brasileira aumentou consideravelmente nos \u00faltimos anos. Segundo dados de 2018, do IBGE, o Brasil tem cerca de 25 milh\u00f5es de pessoas acima dos 60 anos, o que representa 12% da popula\u00e7\u00e3o. Com o processo de envelhecimento, muitos idosos precisam de cuidados extras com a sa\u00fade e a alimenta\u00e7\u00e3o. Nem sempre os familiares conseguem dar conta dessas tarefas e surge a necessidade de procurar por algu\u00e9m para auxiliar o idoso na vida cotidiana.<\/p>\n<div>\u00a0<\/div>\n\n\n\n<div class=\"wp-block-image\">\n<figure class=\"alignleft\">\n<div id=\"attachment_1255\" style=\"width: 778px\" class=\"wp-caption alignnone\"><img loading=\"lazy\" decoding=\"async\" aria-describedby=\"caption-attachment-1255\" class=\"wp-image-1255\" src=\"https:\/\/cuidarebr.com.br\/novosite\/wp-content\/uploads\/2019\/06\/4f4c6e3b-a9b6-4afe-9268-2e8c51b9a88d-1.jpeg\" alt=\"Cuidare | Segmento de cuidadores de idosos cresce 547% em 10 anos\" width=\"768\" height=\"512\" srcset=\"https:\/\/cuidarebr.com.br\/novosite\/wp-content\/uploads\/2019\/06\/4f4c6e3b-a9b6-4afe-9268-2e8c51b9a88d-1.jpeg 768w, https:\/\/cuidarebr.com.br\/novosite\/wp-content\/uploads\/2019\/06\/4f4c6e3b-a9b6-4afe-9268-2e8c51b9a88d-1-300x200.jpeg 300w\" sizes=\"auto, (max-width: 768px) 100vw, 768px\" \/><p id=\"caption-attachment-1255\" class=\"wp-caption-text\">Cuidare | Segmento de cuidadores de idosos cresce 547% em 10 anos<\/p><\/div>\n<figcaption>Foto: Pixabay<\/figcaption>\n<\/figure>\n<\/div>\n\n\n\n<p>Uma das sa\u00eddas \u00e9 contratar um cuidador para auxiliar o idoso com a alimenta\u00e7\u00e3o e nas atividades f\u00edsicas e de lazer. Esse segmento cresceu 547%, de 2007 a 2017, de acordo com um balan\u00e7o feito pela Confedera\u00e7\u00e3o Nacional do\u00a0Com\u00e9rcio de Bens, Servi\u00e7os e Turismo (CNC).<\/p>\n<h4>\u00a0<\/h4>\n<h4>\n\n<\/h4>\n<h4>&#8220;A tend\u00eancia \u00e9 essa demanda aumentar cada vez mais&#8221;, afirma Juliane Moraes Martinez, respons\u00e1vel t\u00e9cnica da <strong>Cuidare<\/strong>, uma empresa que fornece cuidadores de idosos em S\u00e3o Bernardo. Na opini\u00e3o de Juliane, com o aumento da longevidade,\u00a0cresce a necessidade de oferecer qualidade de vida para as pessoas mais velhas.<br \/><br \/><a href=\"https:\/\/cuidarebr.com.br\/unidades\/a-cuidare-sao-bernardo-do-campo-sp\/\">Unidade Cuidare SBC &#8211; Cuidadores de Idosos<\/a><\/h4>\n\n\n\n<p>De acordo com<strong> Luciene Salgueiro<\/strong>, representante de vendas, da <strong>Cuidare Cuidadores de Pessoas<\/strong>, em S\u00e3o Paulo, j\u00e1 precisou contratar um cuidador para sua sogra. &#8220;Ela tinha 76 anos, teve uma doen\u00e7a grave no f\u00edgado e tamb\u00e9m um problema na perna, por isso precisava de ajuda para se vestir, comer, ir ao banheiro&#8221;, diz. Luciene explica que filhos e noras trabalhavam e ningu\u00e9m podia ficar com a sogra. &#8220;A melhor op\u00e7\u00e3o foi contratar um cuidador. Era algu\u00e9m com experi\u00eancia e paci\u00eancia. Essa pessoa fez toda a diferen\u00e7a e todos se sentiram seguros\u201d.<\/p>\n\n\n\n<p>De acordo com a assessoria de imprensa da prefeitura de S\u00e3o Bernardo, a cidade n\u00e3o tem uma legisla\u00e7\u00e3o espec\u00edfica para regulamentar a profiss\u00e3o de cuidador, sendo poss\u00edvel procurar este profissional por meio de uma ag\u00eancia prestadora de servi\u00e7os que ir\u00e1 cuidar de toda a parte burocr\u00e1tica e trabalhista para o contratante. No entanto, o Senado aprovou em maio a regulamenta\u00e7\u00e3o do trabalho de cuidadores com todas as regras e direitos trabalhistas esclarecidos, lei que agora segue para san\u00e7\u00e3o pelo presidente da rep\u00fablica.<\/p>\n\n\n\n<p>Fonte: <a href=\"http:\/\/www.metodista.br\/rronline\/noticias\/saude\/2018-3\/regulamentacao-de-idosos#.XQhJYLYjMBs.whatsapp\">Rudge Ramos Online<\/a><\/p>\n","protected":false},"excerpt":{"rendered":"<p>Cuidadores de Idosos | Com 25 milh\u00f5es de pessoas acima dos 60 anos, os mais velhos representam 12% da popula\u00e7\u00e3o.\u00a0<\/p>\n","protected":false},"author":3,"featured_media":0,"comment_status":"open","ping_status":"open","sticky":false,"template":"","format":"standard","meta":{"pagelayer_contact_templates":[],"_pagelayer_content":"","footnotes":""},"categories":[41],"tags":[129,101,49],"class_list":["post-1253","post","type-post","status-publish","format-standard","hentry","category-cuidare-na-midia","tag-cuidadore-de-idosos","tag-cuidadores-de-pessoas","tag-cuidare"],"_links":{"self":[{"href":"https:\/\/cuidarebr.com.br\/novosite\/wp-json\/wp\/v2\/posts\/1253","targetHints":{"allow":["GET"]}}],"collection":[{"href":"https:\/\/cuidarebr.com.br\/novosite\/wp-json\/wp\/v2\/posts"}],"about":[{"href":"https:\/\/cuidarebr.com.br\/novosite\/wp-json\/wp\/v2\/types\/post"}],"author":[{"embeddable":true,"href":"https:\/\/cuidarebr.com.br\/novosite\/wp-json\/wp\/v2\/users\/3"}],"replies":[{"embeddable":true,"href":"https:\/\/cuidarebr.com.br\/novosite\/wp-json\/wp\/v2\/comments?post=1253"}],"version-history":[{"count":0,"href":"https:\/\/cuidarebr.com.br\/novosite\/wp-json\/wp\/v2\/posts\/1253\/revisions"}],"wp:attachment":[{"href":"https:\/\/cuidarebr.com.br\/novosite\/wp-json\/wp\/v2\/media?parent=1253"}],"wp:term":[{"taxonomy":"category","embeddable":true,"href":"https:\/\/cuidarebr.com.br\/novosite\/wp-json\/wp\/v2\/categories?post=1253"},{"taxonomy":"post_tag","embeddable":true,"href":"https:\/\/cuidarebr.com.br\/novosite\/wp-json\/wp\/v2\/tags?post=1253"}],"curies":[{"name":"wp","href":"https:\/\/api.w.org\/{rel}","templated":true}]}}