{"id":1308,"date":"2019-08-20T14:50:40","date_gmt":"2019-08-20T17:50:40","guid":{"rendered":"http:\/\/cuidarebr.com.br\/?p=1308"},"modified":"2019-08-20T14:50:40","modified_gmt":"2019-08-20T17:50:40","slug":"o-que-a-perda-auditiva-tem-a-ver-com-o-alzheimer-tudo","status":"publish","type":"post","link":"https:\/\/cuidarebr.com.br\/novosite\/o-que-a-perda-auditiva-tem-a-ver-com-o-alzheimer-tudo\/","title":{"rendered":"O que a perda auditiva tem a ver com o Alzheimer? Tudo!"},"content":{"rendered":"\n<p>Quem j\u00e1 n\u00e3o viu ou ouviu falar sobre as famosas <a href=\"https:\/\/www.instagram.com\/earparadebrasil\/?hl=pt-br\"><strong>Orelhas do<\/strong><\/a><em><a href=\"https:\/\/www.instagram.com\/earparadebrasil\/?hl=pt-br\"><strong> Ear Parade<\/strong><\/a><\/em> espalhadas por nossa cidade de S\u00e3o Paulo?<\/p>\n\n\n\n<p>Elas t\u00eam impactado milhares de paulistanos e gerado a discuss\u00e3o e conscientiza\u00e7\u00e3o estimada: \u201cproblemas de audi\u00e7\u00e3o merecem aten\u00e7\u00e3o. \u00c9 a defici\u00eancia com mais estigma.\u201d<\/p>\n\n\n\n<div class=\"wp-block-image\">\n<figure class=\"alignleft is-resized\">\n<div id=\"attachment_1309\" style=\"width: 273px\" class=\"wp-caption alignnone\"><img loading=\"lazy\" decoding=\"async\" aria-describedby=\"caption-attachment-1309\" class=\"wp-image-1309\" src=\"https:\/\/cuidarebr.com.br\/novosite\/wp-content\/uploads\/2019\/08\/image-12.png\" alt=\"Fonoaudi\u00f3loga Ariane Bonucci\" width=\"263\" height=\"260\" \/><p id=\"caption-attachment-1309\" class=\"wp-caption-text\">Fonoaudi\u00f3loga Ariane Bonucci<\/p><\/div>\n<\/figure>\n<\/div>\n\n\n\n<p>Aproveitando e apoiando esse processo de conscientiza\u00e7\u00e3o, convidamos a <strong>Fonoaudi\u00f3loga Ariane Bonucci,<\/strong> Especialista em Audiologia Cl\u00ednica e Educacional, Mestre em Ci\u00eancias M\u00e9dicas pela Universidade de S\u00e3o Paulo e S\u00f3cia Diretora do <strong><a href=\"https:\/\/www.espacodaaudicao.com.br\/\">Espa\u00e7o da Audi\u00e7\u00e3o<\/a><\/strong><a href=\"https:\/\/www.espacodaaudicao.com.br\/\">,<\/a> para nos conduzir a um aprofundamento sobre o tema, sua rela\u00e7\u00e3o com o Alzheimer e o acompanhamento necess\u00e1rio.<\/p>\n\n\n\n<p>&nbsp;<\/p>\n\n\n\n<p>&nbsp;<\/p>\n\n\n\n<p><strong>Perda auditiva<\/strong><\/p>\n\n\n\n<p>Atualmente, menos de 10% das pessoas sabem que t\u00eam um problema auditivo e quais s\u00e3o as consequ\u00eancias da perda auditiva n\u00e3o tratada. Al\u00e9m disso, a perda auditiva j\u00e1 se tornou a segunda principal doen\u00e7a cr\u00f4nica no mundo, segundo a Organiza\u00e7\u00e3o Mundial de Sa\u00fade.<\/p>\n\n\n\n<p>E daquelas que sabem que t\u00eam uma perda auditiva, \u00e9 muito comum falarem que n\u00e3o precisam colocar aparelho auditivo, pois conseguem \u201cse virar\u201d muito bem no seu dia a dia e que a dificuldade auditiva n\u00e3o atrapalha na sua comunica\u00e7\u00e3o, j\u00e1 que n\u00e3o se importam de pedir para as pessoas repetirem de vez em quando. \u00c0s vezes, culpam at\u00e9 mesmo o outro por n\u00e3o articularem direito ou o pr\u00f3prio ambiente por estar ruidoso.<\/p>\n\n\n\n<p>A fam\u00edlia e o cuidador possuem um papel importante nesse processo de percep\u00e7\u00e3o quanto a perda auditiva de seu familiar e a busca por melhorias na qualidade de vida do indiv\u00edduo. Ter uma perda auditiva n\u00e3o tratada ou ignorada pode n\u00e3o parecer a maior dificuldade, mas pode ter um grande impacto a m\u00e9dio e longo prazo na sa\u00fade, na seguran\u00e7a e no emocional.<\/p>\n\n\n\n<p><strong>Priva\u00e7\u00e3o sensorial<\/strong><\/p>\n\n\n\n<p>A perda auditiva afeta n\u00e3o somente a nossa comunica\u00e7\u00e3o, mas pode causar preju\u00edzos graves ao nosso c\u00e9rebro que fica em priva\u00e7\u00e3o sensorial. V\u00e1rias pesquisas j\u00e1 confirmaram esse impacto que a perda auditiva tem no decl\u00ednio das fun\u00e7\u00f5es cerebrais.<\/p>\n\n\n\n<p>Muitas pessoas podem permanecer, durante anos, com o mesmo grau de perda auditiva e, mesmo assim, sentirem que a dificuldade de compreender a fala est\u00e1 piorando. Isso se d\u00e1 porque o c\u00e9rebro est\u00e1 em priva\u00e7\u00e3o e o seu processamento auditivo est\u00e1 em decl\u00ednio. Pesquisas sugerem que pode haver, inclusive, uma diminui\u00e7\u00e3o da massa cinzenta nesta regi\u00e3o.<\/p>\n\n\n\n<p>&nbsp;<\/p>\n\n\n\n<p>&nbsp;<\/p>\n\n\n\n<p><strong>Perda auditiva e Alzheimer<\/strong><\/p>\n\n\n\n<p>No fim de 2017, uma publica\u00e7\u00e3o da revista LANCET sugeriu que 65% da predisposi\u00e7\u00e3o para a doen\u00e7a de Alzheimer viriam de fatores gen\u00e9ticos, chamados pelos autores de &#8220;n\u00e3o-modific\u00e1veis&#8221;. Os outros 35% seriam fatores modific\u00e1veis, neles inclu\u00eddo com destaque a perda auditiva, como o de maior peso.<\/p>\n\n\n\n<p>Dr. Rosa Sancho, chefe de pesquisa da Alzheimer&#8217;s Research UK, disse: \u201cA dem\u00eancia e a perda auditiva geralmente andam de m\u00e3os dadas. Tratar a perda auditiva pode facilitar a vida das pessoas que sofrem de dem\u00eancia.\u201d<\/p>\n\n\n\n<p>A doutora Carol Routledge, diretora de pesquisa da Alzheimer&#8217;s Research UK, disse: \u201cComo a perda auditiva \u00e9 t\u00e3o disseminada, ela pode ter mais impacto no n\u00famero geral de casos de dem\u00eancia na popula\u00e7\u00e3o do que qualquer outro fator de risco conhecido.\u201d<\/p>\n\n\n\n<p>Assim, pode-se concluir que esperar a dificuldade auditiva piorar para pensar em colocar os aparelhos auditivos \u00e9 ir minando aos poucos a pr\u00f3pria independ\u00eancia.<\/p>\n\n\n\n<p><strong>Melhora significativa<\/strong><\/p>\n\n\n\n<p>Um projeto, na Inglaterra, com o foco na doen\u00e7a de Alzheimer, chamado PROTECT, divulgou recentemente os primeiros resultados mostrando que, em apenas 2 anos ap\u00f3s o in\u00edcio do estudo, as pessoas que usavam os aparelhos auditivos apresentaram uma melhora significativa nos testes cognitivos em compara\u00e7\u00e3o com os deficientes auditivos que n\u00e3o aderiram \u00e0 reabilita\u00e7\u00e3o auditiva.<\/p>\n\n\n\n<p>Por isso, caso perceba que seu familiar tem apresentado algum sinal de dificuldade auditiva, agende uma avalia\u00e7\u00e3o o quanto antes para receber todas as orienta\u00e7\u00f5es e tratamento adequado. Nossos parceiros do Espa\u00e7o Audi\u00e7\u00e3o podem ajud\u00e1-los nesse processo.<\/p>\n","protected":false},"excerpt":{"rendered":"<p>Aproveitando e apoiando esse processo de conscientiza\u00e7\u00e3o, convidamos a Fonoaudi\u00f3loga Ariane Bonucci para falar sobre o Alzheimer.<\/p>\n","protected":false},"author":3,"featured_media":1310,"comment_status":"open","ping_status":"open","sticky":false,"template":"","format":"standard","meta":{"pagelayer_contact_templates":[],"_pagelayer_content":"","footnotes":""},"categories":[43],"tags":[133,134,135],"class_list":["post-1308","post","type-post","status-publish","format-standard","has-post-thumbnail","hentry","category-blog-cuidare","tag-alzheimer","tag-audicao","tag-earparade"],"_links":{"self":[{"href":"https:\/\/cuidarebr.com.br\/novosite\/wp-json\/wp\/v2\/posts\/1308","targetHints":{"allow":["GET"]}}],"collection":[{"href":"https:\/\/cuidarebr.com.br\/novosite\/wp-json\/wp\/v2\/posts"}],"about":[{"href":"https:\/\/cuidarebr.com.br\/novosite\/wp-json\/wp\/v2\/types\/post"}],"author":[{"embeddable":true,"href":"https:\/\/cuidarebr.com.br\/novosite\/wp-json\/wp\/v2\/users\/3"}],"replies":[{"embeddable":true,"href":"https:\/\/cuidarebr.com.br\/novosite\/wp-json\/wp\/v2\/comments?post=1308"}],"version-history":[{"count":0,"href":"https:\/\/cuidarebr.com.br\/novosite\/wp-json\/wp\/v2\/posts\/1308\/revisions"}],"wp:featuredmedia":[{"embeddable":true,"href":"https:\/\/cuidarebr.com.br\/novosite\/wp-json\/wp\/v2\/media\/1310"}],"wp:attachment":[{"href":"https:\/\/cuidarebr.com.br\/novosite\/wp-json\/wp\/v2\/media?parent=1308"}],"wp:term":[{"taxonomy":"category","embeddable":true,"href":"https:\/\/cuidarebr.com.br\/novosite\/wp-json\/wp\/v2\/categories?post=1308"},{"taxonomy":"post_tag","embeddable":true,"href":"https:\/\/cuidarebr.com.br\/novosite\/wp-json\/wp\/v2\/tags?post=1308"}],"curies":[{"name":"wp","href":"https:\/\/api.w.org\/{rel}","templated":true}]}}