{"id":1405,"date":"2019-10-09T11:08:47","date_gmt":"2019-10-09T14:08:47","guid":{"rendered":"http:\/\/cuidarebr.com.br\/?p=1405"},"modified":"2019-10-09T11:08:47","modified_gmt":"2019-10-09T14:08:47","slug":"depressao-na-terceira-idade-em-pacientes-institucionalizados-perspectiva-de-vida-diante-do-envelhecimento","status":"publish","type":"post","link":"https:\/\/cuidarebr.com.br\/novosite\/depressao-na-terceira-idade-em-pacientes-institucionalizados-perspectiva-de-vida-diante-do-envelhecimento\/","title":{"rendered":"Depress\u00e3o na terceira idade em pacientes institucionalizados: perspectiva de vida diante do envelhecimento."},"content":{"rendered":"\n<p><strong>RESUMO<\/strong><br \/>O processo de envelhecimento pode ser compreendido por diversas altera\u00e7\u00f5es estruturais f\u00edsicas e funcionais no organismo do indiv\u00edduo. Isso engloba diversos fatores e meios dos quais este perten\u00e7a. A preocupa\u00e7\u00e3o relacionada ao envelhecimento do idoso tem se mostrado muito expressiva, devido ao aparecimento de diversas, das quais \u00e0 depress\u00e3o se destaca. O objetivo geral deste estudo foi de avaliar as perspectivas de vida dos idosos institucionalizados no munic\u00edpio de An\u00e1polis-GO. Objetivos espec\u00edficos descrever os fatores que levam os idosos \u00e0 terem qualidade de vida durante o envelhecimento e identificar os aspectos que interferem no envelhecimento saud\u00e1vel dos idosos institucionalizados. Trata-se de uma pesquisa de campo com abordagem qualitativa de m\u00e9todo descritivo. A coleta de dados foi realizada por meio de entrevista individual com aplica\u00e7\u00e3o de um question\u00e1rio com perguntas abertas. Os resultados obtidos na 1\u00b0 categoria foram que a qualidade de vida na terceira idade est\u00e1 ligada a ter sa\u00fade, ter uma boa alimenta\u00e7\u00e3o e ter apoio familiar. A 2\u00b0 categoria est\u00e1 relacionada aos sentimentos vivenciados pelos idosos institucionalizados que s\u00e3o: sentimentos de isolamento social, sentimento de abandono familiar, sentimento de saudade da fam\u00edlia e sentimento de desesperan\u00e7a. A 3\u00b0 categoria est\u00e1 relacionada a perspectivas para o futuro que s\u00e3o a morte, viver o m\u00e1ximo poss\u00edvel e esperan\u00e7a. A 4\u00b0 categoria esteve relacionada a depend\u00eancia demonstrada pelos idosos institucionalizados. E a 5\u00b0 categoria a f\u00e9 como suporte na vida dos idosos. Durante todo o ciclo viv\u00eddico passamos por diversos processos de transforma\u00e7\u00f5es fisiol\u00f3gicas e estruturais no nosso corpo. E a medida que envelhecemos ficamos mais suscet\u00edveis \u00e0 diversas comorbidades que n\u00e3o s\u00f3 interferem na capacidade funcional, mas tamb\u00e9m na qualidade de vida. Apesar do aumento expressivo da expectativa de vida dos idosos nos \u00faltimos anos, n\u00e3o houve um preparo social para cuidar e manter da integridade f\u00edsica e mental destes. Portanto, envelhecer significa de certa forma perder \u00e0 autonomia de si pr\u00f3prio, e depender parcialmente ou literalmente dos cuidados dos outros.<\/p>\n\n\n\n<p><strong>Palavras-chave<\/strong>: Envelhecimento, Perspectiva de vida, depress\u00e3o, institui\u00e7\u00e3o de longa perman\u00eancia<\/p>\n\n\n\n<ul class=\"wp-block-list\">\n<li>Graduando de Enfermagem da Faculdade Metropolitana de An\u00e1polis<br \/>**Orientador (a): Edna de Melo Peres<\/li>\n<\/ul>\n\n\n\n<p><strong>ABSTRACT<\/strong><br \/>The process of aging can be understood by various physical and functional structural alterations in the individual\u00b4s organism. This includes a lot of different factors and means in which it belongs. The worry related to aging of the elderly people has been shown very expressive due to showing that depression is the biggest cause. The main objective of this study is to evaluate the life perspectives of the elderly institutionalized in the county of An\u00e1polis-Go. Specific objectives describe the factors that take the elderly people in having a quality of life during their aging and identify the aspects that interfir in the healthy aging of institutionalized elderly people. It\u00b4s about a field research with a qualitative approach with a descriptive method. The data collection was fulfilled by individual interview using open ended questions questionares. The results obtained in the first category was that the quality of life in the third age is related to having a good health, eating healthy food and having family support. The second category is related with feelings lived by the institutionalized elderly that are: loonely social feeling, feeling of abandoning the family, feeling of missing the family and feeling of hopelessness. The third category is related to the future that is death, live the longest as possible and hope. The fourth category was related to dependency shown by the institutionalized elderly. And the fith category the faith as a support in the life of the elderly. During the life cycle we pass through a lot of physiological and structural transformation process in our body. And as we get older we become more susceptible to diverse comorbidities that not only interfere in the functional aspect, but also in the quality of life. Even though the increase in the life expectancy of the elderly has grown in the last years, there wasn\u00b4t a right social preparation to take care and maintain the physical and mental integrity of the elderly. So therefore, getting old means in a certain way to lose your own self autonomy, and to depend partially and literally on the care of others.<\/p>\n\n\n\n<p><strong>Key-words<\/strong>: Aging, life perspective, depression, long permanence institution.<\/p>\n\n\n\n<p>Clicando <a href=\"https:\/\/revista.souenfermagem.com.br\/depressao-na-terceira-idade-em-pacientes-institucionalizados-perspectiva-de-vida-diante-do-envelhecimento\/\">aqui<\/a>, voc\u00ea tem acesso a todo o artigo.<\/p>\n","protected":false},"excerpt":{"rendered":"<p>RESUMOO processo de envelhecimento pode ser compreendido por diversas altera\u00e7\u00f5es estruturais f\u00edsicas e funcionais no organismo do indiv\u00edduo. Isso engloba diversos fatores e meios dos quais este perten\u00e7a. A preocupa\u00e7\u00e3o relacionada ao envelhecimento do idoso tem se mostrado muito expressiva, devido ao aparecimento de diversas, das quais \u00e0 depress\u00e3o se destaca. O objetivo geral deste [&hellip;]<\/p>\n","protected":false},"author":3,"featured_media":1406,"comment_status":"open","ping_status":"open","sticky":false,"template":"","format":"standard","meta":{"pagelayer_contact_templates":[],"_pagelayer_content":"","footnotes":""},"categories":[43],"tags":[139,137,140,141],"class_list":["post-1405","post","type-post","status-publish","format-standard","has-post-thumbnail","hentry","category-blog-cuidare","tag-depressao","tag-envelhecimento","tag-instituicao-de-longa-permanencia","tag-perspectiva-de-vida"],"_links":{"self":[{"href":"https:\/\/cuidarebr.com.br\/novosite\/wp-json\/wp\/v2\/posts\/1405","targetHints":{"allow":["GET"]}}],"collection":[{"href":"https:\/\/cuidarebr.com.br\/novosite\/wp-json\/wp\/v2\/posts"}],"about":[{"href":"https:\/\/cuidarebr.com.br\/novosite\/wp-json\/wp\/v2\/types\/post"}],"author":[{"embeddable":true,"href":"https:\/\/cuidarebr.com.br\/novosite\/wp-json\/wp\/v2\/users\/3"}],"replies":[{"embeddable":true,"href":"https:\/\/cuidarebr.com.br\/novosite\/wp-json\/wp\/v2\/comments?post=1405"}],"version-history":[{"count":0,"href":"https:\/\/cuidarebr.com.br\/novosite\/wp-json\/wp\/v2\/posts\/1405\/revisions"}],"wp:featuredmedia":[{"embeddable":true,"href":"https:\/\/cuidarebr.com.br\/novosite\/wp-json\/wp\/v2\/media\/1406"}],"wp:attachment":[{"href":"https:\/\/cuidarebr.com.br\/novosite\/wp-json\/wp\/v2\/media?parent=1405"}],"wp:term":[{"taxonomy":"category","embeddable":true,"href":"https:\/\/cuidarebr.com.br\/novosite\/wp-json\/wp\/v2\/categories?post=1405"},{"taxonomy":"post_tag","embeddable":true,"href":"https:\/\/cuidarebr.com.br\/novosite\/wp-json\/wp\/v2\/tags?post=1405"}],"curies":[{"name":"wp","href":"https:\/\/api.w.org\/{rel}","templated":true}]}}