{"id":1408,"date":"2019-10-09T12:24:07","date_gmt":"2019-10-09T15:24:07","guid":{"rendered":"http:\/\/cuidarebr.com.br\/?p=1408"},"modified":"2019-10-09T12:24:07","modified_gmt":"2019-10-09T15:24:07","slug":"franquia-de-cuidadores-cuidare-inicia-expansao-internacional","status":"publish","type":"post","link":"https:\/\/cuidarebr.com.br\/novosite\/franquia-de-cuidadores-cuidare-inicia-expansao-internacional\/","title":{"rendered":"[MAPAS DAS FRANQUIAS] Franquia de cuidadores, Cuidare inicia expans\u00e3o internacional"},"content":{"rendered":"\n<h4>Em 2020, a Cuidare inicia expans\u00e3o internacional.<\/h4>\n<p><br \/>A potiguar\u00a0<a href=\"https:\/\/mapadasfranquias.com.br\/franquia\/cuidare\">Cuidare<\/a>, uma das maiores\u00a0<a href=\"https:\/\/www.mapadasfranquias.com.br\/keyword\/franquias-de-home-care\">redes de franquia de cuidadores<\/a>\u00a0de pessoas do Brasil, inicia o seu projeto de expans\u00e3o internacional. Com 60 unidades espalhadas pelo pa\u00eds e em franco crescimento, a marca ter\u00e1 Portugal como ponto de partida, com inaugura\u00e7\u00e3o prevista para outubro deste ano. As pr\u00f3ximas opera\u00e7\u00f5es no exterior v\u00e3o desembarcar no Canad\u00e1 e na Argentina em 2020. A expectativa de faturamento da rede para 2019 \u00e9 de R$ 14,2 milh\u00f5es.<\/p>\n\n\n\n<p>Segundo o diretor da rede, Miranda Jr., a\u00a0<a href=\"https:\/\/www.mapadasfranquias.com.br\/keyword\/internacionalizacao-de-franquias\">expans\u00e3o internacional<\/a>\u00a0requer muito cuidado e responsabilidade, em virtude das legisla\u00e7\u00f5es espec\u00edficas de cada pa\u00eds, assim como a diversidade cultural e de costumes.<em>\u00a0\u201cOs desafios ser\u00e3o in\u00fameros, mas estamos preparados. Esse grande momento que vivemos \u00e9 fruto de muito tempo de planejamento, pesquisa e an\u00e1lise profundas. Acreditamos, portanto, que estamos prontos para obter o mesmo sucesso alcan\u00e7ado no mercado brasileiro\u201d<\/em>, ressalta.<\/p>\n\n\n\n<p><strong>Imers\u00e3o na Holanda<\/strong><\/p>\n\n\n\n<p>Em maio, a\u00a0<a href=\"https:\/\/mapadasfranquias.com.br\/franquia\/cuidare\">Cuidare\u00a0<\/a>foi convidada pela renomada organiza\u00e7\u00e3o francesa Dialog Health a conhecer, com uma comitiva de m\u00e9dicos brasileiros, a Hogeweyk, uma vila, na Holanda, projetada especialmente para o cuidado de idosos com dem\u00eancias, principalmente aquelas degenerativas, como o Alzheimer, com base na hiper-realidade.<\/p>\n\n\n\n<p>Foram seis dias de imers\u00e3o com palestras, visitas a organiza\u00e7\u00f5es locais e um encontro com representantes do Minist\u00e9rio da Sa\u00fade holand\u00eas, um dos mantenedores do projeto.\u00a0<em>\u201cConhecemos novas t\u00e9cnicas e inova\u00e7\u00f5es na \u00e1rea da sa\u00fade e longevidade. Esse tipo de interc\u00e2mbio, ainda mais envolvendo uma refer\u00eancia mundial, \u00e9 muito importante e deixa legado para todos os envolvidos. Foi uma oportunidade de ouro para adquirir ainda mais know-how para a rede e para nossa expans\u00e3o no exterior\u201d<\/em>, destaca Miranda Jr., que representou a Cuidare no encontro.<\/p>\n\n\n\n<p>As pessoas que moram em Hogeweyk s\u00e3o apoiadas por especialistas em cuidados geri\u00e1tricos, mas com toda a autonomia, independ\u00eancia e privacidade poss\u00edveis. A vila cont\u00e9m restaurantes, caf\u00e9s, cinemas e tamb\u00e9m espa\u00e7os abertos, como ruas, pra\u00e7as e jardins. Tamb\u00e9m existe um supermercado, onde os idosos podem se dirigir, acompanhados dos seus cuidadores, para adquirir o que necessitam. Mas n\u00e3o pagam: o valor do que \u201ccompram\u201d est\u00e1 inclu\u00eddo no valor do pacote, onde quem paga \u00e9 o governo federal, atrav\u00e9s do seguro, esp\u00e9cie de previd\u00eancia na Holanda, que todo holand\u00eas tem que pagar.<\/p>\n\n\n\n<p><strong>Como empreender na profiss\u00e3o que mais cresce no Brasil<\/strong><\/p>\n\n\n\n<p>A profiss\u00e3o de Cuidador de Idosos \u00e9 a que mais cresce no Brasil. Segundo o Cadastro Geral de Empregados e Desempregados (CAGED), do Minist\u00e9rio do Trabalho, de 2007 para c\u00e1, o n\u00famero de profissionais saltou de 5.263 para 34.051, um avan\u00e7o de 547%. N\u00fameros t\u00e3o expressivos quanto o seu pano de fundo: o envelhecimento dos brasileiros. De acordo com o IBGE, a popula\u00e7\u00e3o com mais de 60 anos mais que dobrar\u00e1 at\u00e9 2050. Tais dados j\u00e1 fomentam o mercado voltado para esse p\u00fablico e o empreendedorismo. \u00c9 o caso da enfermeira de forma\u00e7\u00e3o e empres\u00e1ria Izabelly Miranda, de 29 anos, que percebeu a car\u00eancia de um servi\u00e7o de assist\u00eancia profissional humanizado e de qualidade e decidiu criar a\u00a0<a href=\"https:\/\/mapadasfranquias.com.br\/franquia\/cuidare\">Cuidare<\/a>, uma das maiores redes de cuidadores de idosos e pessoas com necessidades especiais do pa\u00eds.<\/p>\n\n\n\n<p>Fundada em 2014 em Natal, no Rio Grande do Norte, a marca logo se tornou l\u00edder de mercado no estado. O r\u00e1pido crescimento fez com que Izabelly visse a possibilidade de mobilizar mais empreendedores e profissionais para al\u00e9m das fronteiras locais. Foi ent\u00e3o que, tr\u00eas anos depois, em parceria com o marido, Miranda Jr., ela ingressou no sistema de franquias, o pontap\u00e9 para a expans\u00e3o em \u00e2mbito nacional e, agora, internacional. Atualmente, a\u00a0<a href=\"https:\/\/mapadasfranquias.com.br\/franquia\/cuidare\">Cuidare\u00a0<\/a>est\u00e1 presente em 20 estados e o Distrito Federal, conectando, por meio de empreendedores locais, idosos, pessoas com necessidades especiais e familiares com cuidadores altamente qualificados.\u00a0 \u00a0 \u00a0\u00a0<\/p>\n\n\n\n<p>A marca possui um investimento inicial estimado em R$ 25 mil a R$ 38 mil, dependendo do tamanho da cidade, e faturamento mensal estimado em R$ 54 mil a R$ 180 mil apenas nos 12 primeiros meses. Izabelly ressalta que h\u00e1 uma rigorosa sele\u00e7\u00e3o para os cuidadores, com prova de conhecimentos e entrevista.\u00a0<em>\u201cEles devem possuir, no m\u00ednimo, o curso T\u00e9cnico em Enfermagem. Num caso de urg\u00eancia, por exemplo, toda a equipe \u00e9 preparada para proceder imediatamente com os primeiros socorros\u201d.<\/em><\/p>\n\n\n\n<figure class=\"wp-block-image\"><img loading=\"lazy\" decoding=\"async\" width=\"940\" height=\"652\" class=\"wp-image-1332\" src=\"https:\/\/cuidarebr.com.br\/novosite\/wp-content\/uploads\/2019\/08\/ac359e58-05a1-4bee-85fe-5604f385f0b2-1.jpg\" alt=\"\" srcset=\"https:\/\/cuidarebr.com.br\/novosite\/wp-content\/uploads\/2019\/08\/ac359e58-05a1-4bee-85fe-5604f385f0b2-1.jpg 940w, https:\/\/cuidarebr.com.br\/novosite\/wp-content\/uploads\/2019\/08\/ac359e58-05a1-4bee-85fe-5604f385f0b2-1-300x208.jpg 300w, https:\/\/cuidarebr.com.br\/novosite\/wp-content\/uploads\/2019\/08\/ac359e58-05a1-4bee-85fe-5604f385f0b2-1-768x533.jpg 768w\" sizes=\"auto, (max-width: 940px) 100vw, 940px\" \/><\/figure>\n\n\n\n<p>Fonte: <a href=\"https:\/\/www.mapadasfranquias.com.br\/noticia\/do-nordeste-brasileiro-para-o-mundo\">Mapas das Franquias<\/a><\/p>\n","protected":false},"excerpt":{"rendered":"<p>Em 2020, a Cuidare inicia expans\u00e3o internacional. A potiguar\u00a0Cuidare, uma das maiores\u00a0redes de franquia de cuidadores\u00a0de pessoas do Brasil, inicia o seu projeto de expans\u00e3o internacional. Com 60 unidades espalhadas pelo pa\u00eds e em franco crescimento, a marca ter\u00e1 Portugal como ponto de partida, com inaugura\u00e7\u00e3o prevista para outubro deste ano. As pr\u00f3ximas opera\u00e7\u00f5es no [&hellip;]<\/p>\n","protected":false},"author":3,"featured_media":2387,"comment_status":"open","ping_status":"open","sticky":false,"template":"","format":"standard","meta":{"pagelayer_contact_templates":[],"_pagelayer_content":"","footnotes":""},"categories":[41],"tags":[],"class_list":["post-1408","post","type-post","status-publish","format-standard","has-post-thumbnail","hentry","category-cuidare-na-midia"],"_links":{"self":[{"href":"https:\/\/cuidarebr.com.br\/novosite\/wp-json\/wp\/v2\/posts\/1408","targetHints":{"allow":["GET"]}}],"collection":[{"href":"https:\/\/cuidarebr.com.br\/novosite\/wp-json\/wp\/v2\/posts"}],"about":[{"href":"https:\/\/cuidarebr.com.br\/novosite\/wp-json\/wp\/v2\/types\/post"}],"author":[{"embeddable":true,"href":"https:\/\/cuidarebr.com.br\/novosite\/wp-json\/wp\/v2\/users\/3"}],"replies":[{"embeddable":true,"href":"https:\/\/cuidarebr.com.br\/novosite\/wp-json\/wp\/v2\/comments?post=1408"}],"version-history":[{"count":0,"href":"https:\/\/cuidarebr.com.br\/novosite\/wp-json\/wp\/v2\/posts\/1408\/revisions"}],"wp:featuredmedia":[{"embeddable":true,"href":"https:\/\/cuidarebr.com.br\/novosite\/wp-json\/wp\/v2\/media\/2387"}],"wp:attachment":[{"href":"https:\/\/cuidarebr.com.br\/novosite\/wp-json\/wp\/v2\/media?parent=1408"}],"wp:term":[{"taxonomy":"category","embeddable":true,"href":"https:\/\/cuidarebr.com.br\/novosite\/wp-json\/wp\/v2\/categories?post=1408"},{"taxonomy":"post_tag","embeddable":true,"href":"https:\/\/cuidarebr.com.br\/novosite\/wp-json\/wp\/v2\/tags?post=1408"}],"curies":[{"name":"wp","href":"https:\/\/api.w.org\/{rel}","templated":true}]}}