{"id":1412,"date":"2019-10-11T14:32:50","date_gmt":"2019-10-11T17:32:50","guid":{"rendered":"http:\/\/cuidarebr.com.br\/?p=1412"},"modified":"2019-10-11T14:32:50","modified_gmt":"2019-10-11T17:32:50","slug":"empreendedorismo-feminino-alavanca-franquia","status":"publish","type":"post","link":"https:\/\/cuidarebr.com.br\/novosite\/empreendedorismo-feminino-alavanca-franquia\/","title":{"rendered":"[PORTAL DO FRANCHISING] Empreendedorismo feminino alavanca franquia"},"content":{"rendered":"\n<h4 class=\"wp-block-heading\">75% das unidades da Cuidare s\u00e3o comandadas por mulheres.<\/h4>\n\n\n\n<p>Elas j\u00e1 s\u00e3o a maioria da popula\u00e7\u00e3o, do eleitorado e no ensino superior. Por\u00e9m, as mulheres ainda t\u00eam que conviver com in\u00fameras dificuldades por conta de seu g\u00eanero, como receber sal\u00e1rios menores que os homens e ocuparem apenas 38% dos cargos de chefia, como presidente em empresas brasileiras, cuja representa\u00e7\u00e3o beira os 18%. Assim, com tantas adversidades, muitas mulheres entendem que apenas elas mesmas podem se salvar de um mundo t\u00e3o hostil ao feminino; e, desta forma, decidem come\u00e7ar um neg\u00f3cio pr\u00f3prio. E \u00e9 justamente a\u00ed que muitas optam por franquias, e, em especial, aquelas chefiadas por outras mulheres.<\/p>\n\n\n\n<p>Um caso marcante \u00e9 o da Cuidare, franquia de cuidadores de pessoas, focada em idosos, que possui 75% de suas unidades comandadas por mulheres.<\/p>\n\n\n\n<p>\u00c0 frente deste pelot\u00e3o de empreendedoras est\u00e1 Izabelly Miranda, 30 anos, que abriu a Cuidare em 2013 com o intuito de se realizar profissionalmente em sua \u00e1rea de forma\u00e7\u00e3o, a enfermagem. \u201cDepois de ter adquirido o\u00a0<em>know-how<\/em>, resolvemos expandir o nosso sucesso por todo o pa\u00eds\u201d. A partir de 2016, ent\u00e3o, a Cuidare entrou no mercado de franquias.<\/p>\n\n\n\n<p>Atualmente, a marca j\u00e1 possui 60 franquias espalhadas por 21 estados. Destas, 45 s\u00e3o administradas por mulheres, como Isis Cabral Fortunato, que decidiu empreender para poder trabalhar em sua pr\u00f3pria cidade, Santos (SP), e em um sistema home office. Isis acredita que ainda h\u00e1 um certo estranhamento no meio empresarial em rela\u00e7\u00e3o ao empreendedorismo feminino, mas afirma que houve progresso. \u201cDe uns anos para c\u00e1, estamos conquistando espa\u00e7o e respeito nesse mercado, e tenho visto v\u00e1rios\u00a0<em>cases<\/em>\u00a0de sucesso de mulheres empreendedoras\u201d, afirma Isis.<\/p>\n\n\n\n<p>Para sempre ter um bom relacionamento com franqueadas e franqueados, Izabelly Miranda reflete sobre os pr\u00f3prios problemas que enfrentou quando desejou empreender. \u201cH\u00e1 dificuldades para todos, homens e mulheres. Todavia, a minha dica \u00e9 que desde que tenhamos amor, confian\u00e7a em nosso trabalho, muita dedica\u00e7\u00e3o e perseveran\u00e7a, sem d\u00favida, as chances de sucesso ser\u00e3o grandes. N\u00e3o adianta sonhar apenas, tem que colocar em pr\u00e1tica\u201d, enfatiza.<\/p>\n\n\n\n<p>Al\u00e9m da maioria das franquias da Cuidare serem comandadas por mulheres, os prestadores de servi\u00e7os, em sua grande maioria, tamb\u00e9m s\u00e3o do sexo feminino. Isso acontece porque as mulheres normalmente preferem ser atendidas por mulheres. J\u00e1 entre os homens, n\u00e3o existe prefer\u00eancia declarada; eles n\u00e3o se importam muito com o sexo de quem os atende.<\/p>\n\n\n\n<p>E se empreender faz com que as mulheres consigam uma renda que normalmente n\u00e3o obteriam no mundo assalariado, elas ainda se realizam na vida pessoal. Ter uma empresa espalhada por todo pa\u00eds \u00e9 um grande orgulho para Izabelly Miranda. \u201cTudo o que conquistei \u00e9 fruto de muito trabalho e dedica\u00e7\u00e3o. A cada dia, me realizo mais como pessoa, mulher, esposa, m\u00e3e e empreendedora\u201d, afirma a empres\u00e1ria, que pretende inaugurar mais 50 unidades at\u00e9 o final de 2020.<\/p>\n\n\n\n<p>Fonte: <a href=\"https:\/\/www.portaldofranchising.com.br\/noticias\/empreendedorismo-feminino-alavanca-franquia\/\">Portal de Franchising<\/a><\/p>\n","protected":false},"excerpt":{"rendered":"<p>75% das unidades da Cuidare s\u00e3o comandadas por mulheres. Elas j\u00e1 s\u00e3o a maioria da popula\u00e7\u00e3o, do eleitorado e no ensino superior. Por\u00e9m, as mulheres ainda t\u00eam que conviver com in\u00fameras dificuldades por conta de seu g\u00eanero, como receber sal\u00e1rios menores que os homens e ocuparem apenas 38% dos cargos de chefia, como presidente em [&hellip;]<\/p>\n","protected":false},"author":3,"featured_media":2388,"comment_status":"open","ping_status":"open","sticky":false,"template":"","format":"standard","meta":{"pagelayer_contact_templates":[],"_pagelayer_content":"","footnotes":""},"categories":[41],"tags":[143,44,101,49,144],"class_list":["post-1412","post","type-post","status-publish","format-standard","has-post-thumbnail","hentry","category-cuidare-na-midia","tag-cudiare","tag-cuidadores-de-idosos","tag-cuidadores-de-pessoas","tag-cuidare","tag-empreendorismo-feminino"],"_links":{"self":[{"href":"https:\/\/cuidarebr.com.br\/novosite\/wp-json\/wp\/v2\/posts\/1412","targetHints":{"allow":["GET"]}}],"collection":[{"href":"https:\/\/cuidarebr.com.br\/novosite\/wp-json\/wp\/v2\/posts"}],"about":[{"href":"https:\/\/cuidarebr.com.br\/novosite\/wp-json\/wp\/v2\/types\/post"}],"author":[{"embeddable":true,"href":"https:\/\/cuidarebr.com.br\/novosite\/wp-json\/wp\/v2\/users\/3"}],"replies":[{"embeddable":true,"href":"https:\/\/cuidarebr.com.br\/novosite\/wp-json\/wp\/v2\/comments?post=1412"}],"version-history":[{"count":0,"href":"https:\/\/cuidarebr.com.br\/novosite\/wp-json\/wp\/v2\/posts\/1412\/revisions"}],"wp:featuredmedia":[{"embeddable":true,"href":"https:\/\/cuidarebr.com.br\/novosite\/wp-json\/wp\/v2\/media\/2388"}],"wp:attachment":[{"href":"https:\/\/cuidarebr.com.br\/novosite\/wp-json\/wp\/v2\/media?parent=1412"}],"wp:term":[{"taxonomy":"category","embeddable":true,"href":"https:\/\/cuidarebr.com.br\/novosite\/wp-json\/wp\/v2\/categories?post=1412"},{"taxonomy":"post_tag","embeddable":true,"href":"https:\/\/cuidarebr.com.br\/novosite\/wp-json\/wp\/v2\/tags?post=1412"}],"curies":[{"name":"wp","href":"https:\/\/api.w.org\/{rel}","templated":true}]}}