{"id":1453,"date":"2019-10-30T11:55:06","date_gmt":"2019-10-30T14:55:06","guid":{"rendered":"http:\/\/cuidarebr.com.br\/?p=1453"},"modified":"2019-10-30T11:55:06","modified_gmt":"2019-10-30T14:55:06","slug":"empreendedorismo-feminino-alavanca-franquia-2","status":"publish","type":"post","link":"https:\/\/cuidarebr.com.br\/novosite\/empreendedorismo-feminino-alavanca-franquia-2\/","title":{"rendered":"[JORNAL DOS FAMOSOS] Empreendedorismo feminino alavanca franquia"},"content":{"rendered":"\n<p><em>75% das unidades da Cuidare s\u00e3o comandadas por mulheres<\/em><\/p>\n\n\n\n<ul class=\"wp-block-gallery columns-1 is-cropped wp-block-gallery-1 is-layout-flex wp-block-gallery-is-layout-flex\">\n<li class=\"blocks-gallery-item\">\n<figure>\n<div id=\"attachment_1455\" style=\"width: 760px\" class=\"wp-caption alignnone\"><img loading=\"lazy\" decoding=\"async\" aria-describedby=\"caption-attachment-1455\" class=\"wp-image-1455\" title=\"Empreendedorismo feminino alavanca franquia\" src=\"https:\/\/cuidarebr.com.br\/novosite\/wp-content\/uploads\/2019\/10\/ecf456a6-52fa-4b2f-961a-81946adec036-750x1024-1-750x1024.jpg\" alt=\"Empreendedorismo feminino alavanca franquia\" width=\"750\" height=\"1024\" data-id=\"1455\" data-link=\"http:\/\/cuidarebr.com.br\/?attachment_id=1455\" \/><p id=\"caption-attachment-1455\" class=\"wp-caption-text\">Empreendedorismo feminino alavanca franquia<\/p><\/div>\n<\/figure>\n<\/li>\n<\/ul>\n\n\n\n<p>Elas j\u00e1 s\u00e3o a maioria da popula\u00e7\u00e3o, do eleitorado e no ensino superior. Por\u00e9m, as mulheres ainda t\u00eam que conviver com in\u00fameras desvantagens, como receber sal\u00e1rios menores que os homens e ocuparem apenas 38% dos cargos de chefia, como presidente em empresas brasileiras, cuja representa\u00e7\u00e3o beira os 18%. Assim, com tantas adversidades, muitas mulheres entendem que apenas elas mesmas podem se salvar de um mundo t\u00e3o hostil ao feminino; e, desta forma, decidem come\u00e7ar um neg\u00f3cio pr\u00f3prio. E \u00e9 justamente a\u00ed que muitas optam por franquias, e, em especial, aquelas chefiadas por outras mulheres. Um caso marcante \u00e9 o da Cuidare, franquia de cuidadores de pessoas, focada em idosos, que possui 75% de suas unidades comandadas por mulheres.<\/p>\n\n\n\n<p>\u00c0 frente deste pelot\u00e3o de empreendedoras est\u00e1 Izabelly Miranda, 30 anos, que abriu a Cuidare em 2013 no Rio Grande do Norte, com o intuito de se realizar profissionalmente em sua \u00e1rea de forma\u00e7\u00e3o, a enfermagem. \u201cDepois de ter adquirido o\u00a0<em>know-how<\/em>, resolvemos expandir o nosso sucesso por todo o pa\u00eds\u201d. A partir de 2016, ent\u00e3o, a Cuidare entrou no mercado de franquias.<\/p>\n\n\n\n<p>Para sempre ter um bom relacionamento com franqueadas e franqueados, Izabelly Miranda reflete sobre os pr\u00f3prios problemas que enfrentou quando desejou empreender. \u201cH\u00e1 dificuldades para todos, homens e mulheres. Todavia, a minha dica \u00e9 que desde que tenhamos amor, confian\u00e7a em nosso trabalho, muita dedica\u00e7\u00e3o e perseveran\u00e7a, sem d\u00favida, as chances de sucesso ser\u00e3o grandes. N\u00e3o adianta sonhar apenas, tem que colocar em pr\u00e1tica\u201d, enfatiza.<\/p>\n\n\n\n<p>Atualmente, a marca possui 60 franquias espalhadas por 21 estados. Destas, 45 s\u00e3o administradas por mulheres, como Marcela Rodrigues, franqueada de Campinas Cambu\u00ed (SP), que relata o suporte que recebeu da empresa quando decidiu empreender. \u201cAntes de ser uma franqueada da Cuidare eu j\u00e1 a pesquisava h\u00e1 alguns anos, cada detalhe da franquia, e o seu diferencial em rela\u00e7\u00e3o \u00e0 concorr\u00eancia. Havia um sonho em empreender, e como enfermeira e em ramo totalmente promissor, pois a popula\u00e7\u00e3o idosa cresce mais a cada ano, n\u00e3o tive d\u00favidas que seria o certo a se fazer. Ent\u00e3o resolvi fazer parte da Cuidare, e a cada dia que passa n\u00e3o tenho d\u00favidas que foi a melhor coisa que aconteceu na minha vida. Tive todo\u00a0<em>know-how<\/em>\u00a0necess\u00e1rio para abertura, e a cada d\u00favida que tenho no meu dia a dia os franqueadores prontamente me respondem, o suporte \u00e9 impec\u00e1vel\u201d, descreveu a franqueada.<\/p>\n\n\n\n<p>Al\u00e9m da maioria das franquias da Cuidare serem comandadas por mulheres, os prestadores de servi\u00e7os, em sua grande maioria, tamb\u00e9m s\u00e3o do sexo feminino. Isso acontece porque as mulheres normalmente preferem ser atendidas por mulheres. J\u00e1 entre os homens, n\u00e3o existe prefer\u00eancia declarada; eles n\u00e3o se importam muito com o sexo de quem os atende.<\/p>\n\n\n\n<p>E se empreender faz com que as mulheres consigam uma renda que normalmente n\u00e3o obteriam no mundo assalariado, elas ainda se realizam na vida pessoal. Ter uma empresa espalhada por todo pa\u00eds \u00e9 um grande orgulho para Izabelly Miranda. \u201cTudo o que conquistei \u00e9 fruto de muito trabalho e dedica\u00e7\u00e3o. A cada dia, me realizo mais como pessoa, mulher, esposa, m\u00e3e e empreendedora\u201d, afirma a empres\u00e1ria, que pretende inaugurar mais 50 unidades at\u00e9 o final de 2020.<\/p>\n\n\n\n<p>Fonte: <a href=\"https:\/\/www.jornaldosfamosos.com.br\/empreendedorismo-feminino-alavanca-franquia\/\">Jornal dos Famosos<\/a><\/p>\n","protected":false},"excerpt":{"rendered":"<p>A empreendedora Izabelly Miranda, 30 anos, que abriu a Cuidare em 2013, com o intuito de se realizar profissionalmente em sua \u00e1rea de forma\u00e7\u00e3o, a enfermagem.<\/p>\n","protected":false},"author":3,"featured_media":1454,"comment_status":"open","ping_status":"open","sticky":false,"template":"","format":"standard","meta":{"pagelayer_contact_templates":[],"_pagelayer_content":"","footnotes":""},"categories":[41],"tags":[49,145,146],"class_list":["post-1453","post","type-post","status-publish","format-standard","has-post-thumbnail","hentry","category-cuidare-na-midia","tag-cuidare","tag-empreendedorismo","tag-izabelly-miranda"],"_links":{"self":[{"href":"https:\/\/cuidarebr.com.br\/novosite\/wp-json\/wp\/v2\/posts\/1453","targetHints":{"allow":["GET"]}}],"collection":[{"href":"https:\/\/cuidarebr.com.br\/novosite\/wp-json\/wp\/v2\/posts"}],"about":[{"href":"https:\/\/cuidarebr.com.br\/novosite\/wp-json\/wp\/v2\/types\/post"}],"author":[{"embeddable":true,"href":"https:\/\/cuidarebr.com.br\/novosite\/wp-json\/wp\/v2\/users\/3"}],"replies":[{"embeddable":true,"href":"https:\/\/cuidarebr.com.br\/novosite\/wp-json\/wp\/v2\/comments?post=1453"}],"version-history":[{"count":0,"href":"https:\/\/cuidarebr.com.br\/novosite\/wp-json\/wp\/v2\/posts\/1453\/revisions"}],"wp:featuredmedia":[{"embeddable":true,"href":"https:\/\/cuidarebr.com.br\/novosite\/wp-json\/wp\/v2\/media\/1454"}],"wp:attachment":[{"href":"https:\/\/cuidarebr.com.br\/novosite\/wp-json\/wp\/v2\/media?parent=1453"}],"wp:term":[{"taxonomy":"category","embeddable":true,"href":"https:\/\/cuidarebr.com.br\/novosite\/wp-json\/wp\/v2\/categories?post=1453"},{"taxonomy":"post_tag","embeddable":true,"href":"https:\/\/cuidarebr.com.br\/novosite\/wp-json\/wp\/v2\/tags?post=1453"}],"curies":[{"name":"wp","href":"https:\/\/api.w.org\/{rel}","templated":true}]}}