{"id":16789,"date":"2016-09-09T00:42:16","date_gmt":"2016-09-09T03:42:16","guid":{"rendered":"http:\/\/cuidarebr.com.br\/novosite\/?p=262"},"modified":"2016-09-09T00:42:16","modified_gmt":"2016-09-09T03:42:16","slug":"aumento-do-numero-de-idosos-impulsiona-empresas-de-cuidadores-de-pessoas","status":"publish","type":"post","link":"https:\/\/cuidarebr.com.br\/novosite\/aumento-do-numero-de-idosos-impulsiona-empresas-de-cuidadores-de-pessoas\/","title":{"rendered":"Aumento do numero de idosos impulsiona empresas de cuidadores de pessoas"},"content":{"rendered":"<p>As empresas de cuidadores de pessoas vivem um momento de expans\u00e3o em nosso pa\u00eds. O aumento da expectativa de vida do brasileiro e da popula\u00e7\u00e3o acima de 60 anos s\u00e3o algumas das raz\u00f5es que tornam os investimentos neste tipo de neg\u00f3cio cada vez mais oportunos e lucrativos.<\/p>\n<div id=\"attachment_270\" style=\"width: 950px\" class=\"wp-caption alignnone\"><img loading=\"lazy\" decoding=\"async\" aria-describedby=\"caption-attachment-270\" class=\"size-full wp-image-270\" src=\"http:\/\/cuidarebr.com.br\/novosite\/media\/d782ff67-9e50-446f-96be-b1abec4c24ac.png\" alt=\"\" width=\"940\" height=\"874\" \/><p id=\"caption-attachment-270\" class=\"wp-caption-text\">Foto: DINO<\/p><\/div>\n<p>&nbsp;<\/p>\n<p>&#8220;Mesmo durante a crise, conseguimos aumentar o nosso faturamento em 20% no segundo trimestre, fatores como a falta de tempo das pessoas no cotidiano e nos n\u00facleos familiares, tamb\u00e9m abrem espa\u00e7o por profissionais de cuidados em domicilio em situa\u00e7\u00f5es de p\u00f3s-parto e p\u00f3s-operat\u00f3rio&#8221;, explica Nath\u00e1lia Dias do Carmo- franqueada da rede Cuidare.<\/p>\n<p class=\"text\">Pesquisas apontam p\u00fablico-alvo crescente: em 4 anos o n\u00famero de idosos aumentou 18,8%. Segundo o IBGE, o Brasil tem 29,6 milh\u00f5es de pessoas da terceira idade, o que corresponde a mais 15,5% da nossa popula\u00e7\u00e3o.<\/p>\n<p class=\"text\">Com menos crian\u00e7as nascendo e expectativa de vida atingindo os 75 anos, estima-se que at\u00e9 2050, os idosos representar\u00e3o 30% dos brasileiros.<\/p>\n<p class=\"text\">Para quem decide entrar neste mercado, a dica \u00e9 obter conhecimento e ter afinidade com o trabalho realizado. O empreendedor tem op\u00e7\u00e3o de iniciar a empresa &#8220;do zero&#8221;, arcando com todos os riscos ou optar por uma franquia, aumentando assim as chances de sucesso.<\/p>\n<p class=\"text\">A Cuidare, por exemplo, com unidades em Belo Horizonte (MG), Jo\u00e3o Pessoa (PB) e Natal (RN), a empresa formatou o neg\u00f3cio para o sistema de microfranquias e pretende expandir suas atividades para todo o territ\u00f3rio nacional.<\/p>\n<p class=\"text\">&#8221; Estamos em fase de expans\u00e3o, buscando empreendedores que tenham o perfil necess\u00e1rio para abrir e operar uma de nossas franquias. O plano de neg\u00f3cio da Cuidare apresenta caracter\u00edsticas competitivas. As vantagens est\u00e3o nos investimentos, que s\u00e3o at\u00e9 50% menores do que o praticado pela concorr\u00eancia, e no contrato sem fideliza\u00e7\u00e3o e taxas de renova\u00e7\u00e3o, nossa rede exerce a rela\u00e7\u00e3o ganha-ganha, o que beneficia a todos&#8221;, afirma Daniel Costa &#8211; gerente de expans\u00e3o.<\/p>\n<p class=\"text\">De olho no mercado aquecido e perspectivas de aumento do p\u00fablico-alvo, a ex-enfermeira da rede p\u00fablica, Nath\u00e1lia Dias do Carmo, deixou o emprego e apostou em uma franquia. Ela conta que em menos de seis meses recuperou o valor investido. &#8221; A franqueadora oferece treinamentos, suporte e apoio na gest\u00e3o e marketing, acredito que esses s\u00e3o itens que me ajudaram a ter sucesso em minha unidade&#8221;, explica.<\/p>\n<p class=\"text\">Raio-X da Franquia<\/p>\n<p class=\"text\">Unidades pr\u00f3prias: 01<br \/>\nUnidades franqueadas: 02<br \/>\nTaxa de franquia:<\/p>\n<p class=\"text\">R$ 30.000,00 (acima de 500 mil habitantes)<\/p>\n<p class=\"text\">R$ 25.000,00 (entre 100 e 500 mil habitantes)<\/p>\n<p class=\"text\">R$ 20.000,00 (abaixo de 100 mil habitantes)<\/p>\n<p class=\"text\">Capital de Giro: isento<br \/>\nRoyalties: 1 sal\u00e1rio m\u00ednimo por m\u00eas<br \/>\nFundo Nacional de Propaganda: isento<br \/>\nFaturamento mensal bruto:<br \/>\nR$ 10 mil no primeiro ano e R$ 25 mil a partir do segundo ano<br \/>\nPrazo de retorno: de 6 a 12 meses<\/p>\n<p class=\"text\">Servi\u00e7o:<\/p>\n<p class=\"text\">Site: www.cuidarebr.com.br<\/p>\n<p class=\"text\">expansao@cuidarebr.com.br<\/p>\n<p class=\"text\">(11) 4095-5331 &#8211; fixo<\/p>\n<p class=\"text\">(11) 9 4971- 9773- Whatsapp<\/p>\n","protected":false},"excerpt":{"rendered":"<p>As empresas de cuidadores de pessoas vivem um momento de expans\u00e3o em nosso pa\u00eds. O aumento da expectativa de vida do brasileiro e da popula\u00e7\u00e3o acima de 60 anos s\u00e3o algumas das raz\u00f5es que tornam os investimentos neste tipo de neg\u00f3cio cada vez mais oportunos e lucrativos. &nbsp; &#8220;Mesmo durante a crise, conseguimos aumentar o [&hellip;]<\/p>\n","protected":false},"author":2,"featured_media":275,"comment_status":"open","ping_status":"open","sticky":false,"template":"","format":"standard","meta":{"pagelayer_contact_templates":[],"_pagelayer_content":"","footnotes":""},"categories":[41],"tags":[],"class_list":["post-16789","post","type-post","status-publish","format-standard","has-post-thumbnail","hentry","category-cuidare-na-midia"],"_links":{"self":[{"href":"https:\/\/cuidarebr.com.br\/novosite\/wp-json\/wp\/v2\/posts\/16789","targetHints":{"allow":["GET"]}}],"collection":[{"href":"https:\/\/cuidarebr.com.br\/novosite\/wp-json\/wp\/v2\/posts"}],"about":[{"href":"https:\/\/cuidarebr.com.br\/novosite\/wp-json\/wp\/v2\/types\/post"}],"author":[{"embeddable":true,"href":"https:\/\/cuidarebr.com.br\/novosite\/wp-json\/wp\/v2\/users\/2"}],"replies":[{"embeddable":true,"href":"https:\/\/cuidarebr.com.br\/novosite\/wp-json\/wp\/v2\/comments?post=16789"}],"version-history":[{"count":0,"href":"https:\/\/cuidarebr.com.br\/novosite\/wp-json\/wp\/v2\/posts\/16789\/revisions"}],"wp:featuredmedia":[{"embeddable":true,"href":"https:\/\/cuidarebr.com.br\/novosite\/wp-json\/wp\/v2\/media\/275"}],"wp:attachment":[{"href":"https:\/\/cuidarebr.com.br\/novosite\/wp-json\/wp\/v2\/media?parent=16789"}],"wp:term":[{"taxonomy":"category","embeddable":true,"href":"https:\/\/cuidarebr.com.br\/novosite\/wp-json\/wp\/v2\/categories?post=16789"},{"taxonomy":"post_tag","embeddable":true,"href":"https:\/\/cuidarebr.com.br\/novosite\/wp-json\/wp\/v2\/tags?post=16789"}],"curies":[{"name":"wp","href":"https:\/\/api.w.org\/{rel}","templated":true}]}}