{"id":2073,"date":"2020-02-27T14:42:01","date_gmt":"2020-02-27T17:42:01","guid":{"rendered":"https:\/\/cuidarebr.com.br\/?p=2073"},"modified":"2020-02-27T14:42:01","modified_gmt":"2020-02-27T17:42:01","slug":"a-rede-cuidare-e-sinonimo-de-seguranca-e-responsabilidade","status":"publish","type":"post","link":"https:\/\/cuidarebr.com.br\/novosite\/a-rede-cuidare-e-sinonimo-de-seguranca-e-responsabilidade\/","title":{"rendered":"[REDE RECORD] A Rede de Franquias Cuidare \u00e9 sin\u00f4nimo de seguran\u00e7a e responsabilidade."},"content":{"rendered":"<p>Qualidade e confian\u00e7a na hora de cuidar de quem voc\u00ea ama. \u00c9 com essas premissas que a\u00a0Rede de Franquias Cuidare tornou-se um nome importante quando o assunto \u00e9 a seguran\u00e7a e a responsabilidade com o assistido e sua fam\u00edlia. E foi para tratar desses assuntos, que fomos entrevistados pela rede Record no \u00faltimo s\u00e1bado.<\/p>\n<p><iframe loading=\"lazy\" src=\"https:\/\/www.youtube.com\/embed\/fzUjTIkKu9E\" width=\"560\" height=\"315\" frameborder=\"0\" allowfullscreen=\"allowfullscreen\"><\/iframe><\/p>\n","protected":false},"excerpt":{"rendered":"<p>Qualidade e confian\u00e7a na hora de cuidar de quem voc\u00ea ama. \u00c9 com essas premissas que a\u00a0Rede de Franquias Cuidare tornou-se um nome importante quando o assunto \u00e9 a seguran\u00e7a e a responsabilidade com o assistido e sua fam\u00edlia. E foi para tratar desses assuntos, que fomos entrevistados pela rede Record no \u00faltimo s\u00e1bado.<\/p>\n","protected":false},"author":3,"featured_media":2648,"comment_status":"open","ping_status":"open","sticky":false,"template":"","format":"standard","meta":{"pagelayer_contact_templates":[],"_pagelayer_content":"","footnotes":""},"categories":[41],"tags":[66,62,89,49,128,82],"class_list":["post-2073","post","type-post","status-publish","format-standard","has-post-thumbnail","hentry","category-cuidare-na-midia","tag-bem-estar","tag-cuidador-de-idosos","tag-cuidadores","tag-cuidare","tag-rede-de-franquias-cuidare","tag-terceira-idade"],"_links":{"self":[{"href":"https:\/\/cuidarebr.com.br\/novosite\/wp-json\/wp\/v2\/posts\/2073","targetHints":{"allow":["GET"]}}],"collection":[{"href":"https:\/\/cuidarebr.com.br\/novosite\/wp-json\/wp\/v2\/posts"}],"about":[{"href":"https:\/\/cuidarebr.com.br\/novosite\/wp-json\/wp\/v2\/types\/post"}],"author":[{"embeddable":true,"href":"https:\/\/cuidarebr.com.br\/novosite\/wp-json\/wp\/v2\/users\/3"}],"replies":[{"embeddable":true,"href":"https:\/\/cuidarebr.com.br\/novosite\/wp-json\/wp\/v2\/comments?post=2073"}],"version-history":[{"count":0,"href":"https:\/\/cuidarebr.com.br\/novosite\/wp-json\/wp\/v2\/posts\/2073\/revisions"}],"wp:featuredmedia":[{"embeddable":true,"href":"https:\/\/cuidarebr.com.br\/novosite\/wp-json\/wp\/v2\/media\/2648"}],"wp:attachment":[{"href":"https:\/\/cuidarebr.com.br\/novosite\/wp-json\/wp\/v2\/media?parent=2073"}],"wp:term":[{"taxonomy":"category","embeddable":true,"href":"https:\/\/cuidarebr.com.br\/novosite\/wp-json\/wp\/v2\/categories?post=2073"},{"taxonomy":"post_tag","embeddable":true,"href":"https:\/\/cuidarebr.com.br\/novosite\/wp-json\/wp\/v2\/tags?post=2073"}],"curies":[{"name":"wp","href":"https:\/\/api.w.org\/{rel}","templated":true}]}}