{"id":2090,"date":"2020-03-10T16:05:21","date_gmt":"2020-03-10T19:05:21","guid":{"rendered":"https:\/\/cuidarebr.com.br\/?p=2090"},"modified":"2020-03-10T16:05:21","modified_gmt":"2020-03-10T19:05:21","slug":"franquia-do-rn-de-cuidadores-e-internacional","status":"publish","type":"post","link":"https:\/\/cuidarebr.com.br\/novosite\/franquia-do-rn-de-cuidadores-e-internacional\/","title":{"rendered":"[PORTAL DA ABELINHA] Franquia de Cuidadores do RN \u00e9 internacional."},"content":{"rendered":"<h2 style=\"box-sizing: border-box; outline: none; line-height: 1.5; font-size: 16px; text-align: justify; font-family: 'Gotham Book'; background-color: #fcfcfc;\">Neg\u00f3cio originado no RN e que ganhou o Brasil, a Cuidare, franquia de cuidadores presente em 20 estados e com 70 unidades, instalou a primeira franqueada em Lisboa, Portugal, e j\u00e1 finaliza negocia\u00e7\u00f5es para inaugura\u00e7\u00e3o no Canad\u00e1 e na Argentina.<\/h2>\n<h1 style=\"box-sizing: border-box; outline: none; line-height: 1.5; font-size: 16px; text-align: justify; font-family: 'Gotham Book'; background-color: #fcfcfc;\"><span style=\"box-sizing: border-box; outline: none; font-weight: bold;\">Explica o diretor Miranda J\u00fanior:<\/span><\/h1>\n<p style=\"box-sizing: border-box; outline: none; line-height: 1.5; font-size: 16px; text-align: justify; font-family: 'Gotham Book'; background-color: #fcfcfc;\">&#8211; Temos uma empresa consolidada no Brasil, com a marca de seriedade e qualidade no servi\u00e7o que presta. Agora estamos chegando a outros pa\u00edses levando todo nosso know how. O envelhecimento da popula\u00e7\u00e3o traz como reflexo o aumento da demanda por cuidadores e o que estamos levando \u00e9 um trabalho de excel\u00eancia, humanizado e com todo zelo&#8221;.<\/p>\n<p style=\"box-sizing: border-box; outline: none; line-height: 1.5; font-size: 16px; text-align: justify; font-family: 'Gotham Book'; background-color: #fcfcfc;\">As primeiras franqueadas forma em Belo Horizonte (MG) e Jo\u00e3o Pessoa (MG). Os neg\u00f3cios oferecem a equa\u00e7\u00e3o de efici\u00eancia para quem busca o segmento de franquia: baixo investimento, royalties simb\u00f3licos e taxa de retorno em curto espa\u00e7o.<\/p>\n<p style=\"box-sizing: border-box; outline: none; line-height: 1.5; font-size: 16px; text-align: justify; font-family: 'Gotham Book'; background-color: #fcfcfc;\">&#8220;O grande diferencial da Cuidare \u00e9 o resultado dessa equa\u00e7\u00e3o de n\u00e3o requerer alto investimento e, por outro lado, trazer para nossos franqueados a expertise em um servi\u00e7o t\u00e3o delicado. Al\u00e9m disso, o fato de contarmos entre nossos cuidadores apenas com t\u00e9cnicos de enfermagem garante uma qualifica\u00e7\u00e3o maior para atividade&#8221;, diz Miranda.<\/p>\n<p style=\"box-sizing: border-box; outline: none; line-height: 1.5; font-size: 16px; text-align: justify; font-family: 'Gotham Book'; background-color: #fcfcfc;\">Lambra que a Cuidare expandiu suas atividades para, al\u00e9m dos idosos, cuidar tamb\u00e9m de crian\u00e7as, pessoas rec\u00e9m-operadas e pessoas incapacitadas.<\/p>\n<p style=\"box-sizing: border-box; outline: none; line-height: 1.5; font-size: 16px; text-align: justify; font-family: 'Gotham Book'; background-color: #fcfcfc;\">Fonte: <a href=\"https:\/\/portaldaabelhinha.com.br\/franquia-do-rn-de-cuidadores-e-internacional\">Portal da Abelinha<\/a><\/p>\n","protected":false},"excerpt":{"rendered":"<p>Neg\u00f3cio originado no RN e que ganhou o Brasil, a Cuidare, franquia de cuidadores presente em 20 estados e com 70 unidades, instalou a primeira franqueada em Lisboa, Portugal, e j\u00e1 finaliza negocia\u00e7\u00f5es para inaugura\u00e7\u00e3o no Canad\u00e1 e na Argentina. Explica o diretor Miranda J\u00fanior: &#8211; Temos uma empresa consolidada no Brasil, com a marca [&hellip;]<\/p>\n","protected":false},"author":3,"featured_media":2386,"comment_status":"open","ping_status":"open","sticky":false,"template":"","format":"standard","meta":{"pagelayer_contact_templates":[],"_pagelayer_content":"","footnotes":""},"categories":[41],"tags":[],"class_list":["post-2090","post","type-post","status-publish","format-standard","has-post-thumbnail","hentry","category-cuidare-na-midia"],"_links":{"self":[{"href":"https:\/\/cuidarebr.com.br\/novosite\/wp-json\/wp\/v2\/posts\/2090","targetHints":{"allow":["GET"]}}],"collection":[{"href":"https:\/\/cuidarebr.com.br\/novosite\/wp-json\/wp\/v2\/posts"}],"about":[{"href":"https:\/\/cuidarebr.com.br\/novosite\/wp-json\/wp\/v2\/types\/post"}],"author":[{"embeddable":true,"href":"https:\/\/cuidarebr.com.br\/novosite\/wp-json\/wp\/v2\/users\/3"}],"replies":[{"embeddable":true,"href":"https:\/\/cuidarebr.com.br\/novosite\/wp-json\/wp\/v2\/comments?post=2090"}],"version-history":[{"count":0,"href":"https:\/\/cuidarebr.com.br\/novosite\/wp-json\/wp\/v2\/posts\/2090\/revisions"}],"wp:featuredmedia":[{"embeddable":true,"href":"https:\/\/cuidarebr.com.br\/novosite\/wp-json\/wp\/v2\/media\/2386"}],"wp:attachment":[{"href":"https:\/\/cuidarebr.com.br\/novosite\/wp-json\/wp\/v2\/media?parent=2090"}],"wp:term":[{"taxonomy":"category","embeddable":true,"href":"https:\/\/cuidarebr.com.br\/novosite\/wp-json\/wp\/v2\/categories?post=2090"},{"taxonomy":"post_tag","embeddable":true,"href":"https:\/\/cuidarebr.com.br\/novosite\/wp-json\/wp\/v2\/tags?post=2090"}],"curies":[{"name":"wp","href":"https:\/\/api.w.org\/{rel}","templated":true}]}}