{"id":2260,"date":"2020-05-04T13:06:48","date_gmt":"2020-05-04T16:06:48","guid":{"rendered":"https:\/\/cuidarebr.com.br\/?p=2260"},"modified":"2020-05-04T13:06:48","modified_gmt":"2020-05-04T16:06:48","slug":"coronavirus-no-rn-franquia-nacional-de-cuidadores-de-idosos-produz-cartilha-com-orientacoes","status":"publish","type":"post","link":"https:\/\/cuidarebr.com.br\/novosite\/coronavirus-no-rn-franquia-nacional-de-cuidadores-de-idosos-produz-cartilha-com-orientacoes\/","title":{"rendered":"[Blog do BG] Coronav\u00edrus: No RN, franquia nacional de cuidadores de idosos produz cartilha com orienta\u00e7\u00f5es."},"content":{"rendered":"<p><img decoding=\"async\" src=\"https:\/\/assets.blogdobg.com.br\/uploads\/2020\/03\/IMG-20200327-WA0055.jpg\" \/><\/p>\n<p>Refer\u00eancia nacional no segmento de cuidadores de idosos, a Cuidare Brasil, sediada em Natal, lan\u00e7ou uma cartilha com orienta\u00e7\u00f5es para os franqueados e os cuidadores. O material traz todas as orienta\u00e7\u00f5es a serem adotadas nesse momento de pandemia.<\/p>\n<p>Como surgiu a Covid-19, os cuidados de higiene a serem seguidos, como deve ser o trabalho diretamente ao assistido s\u00e3o algumas das informa\u00e7\u00f5es do manual.<\/p>\n<p>Para facilitar a compreens\u00e3o, o material \u00e9 todo ilustrado e mostra, por exemplo, os cinco momentos para higieniza\u00e7\u00e3o das m\u00e3os.<\/p>\n<p>A publica\u00e7\u00e3o mostra como fazer a fric\u00e7\u00e3o anti-s\u00e9ptica das m\u00e3os com prepara\u00e7\u00e3o alco\u00f3lica e como higienizar com sabonete l\u00edquido e \u00e1gua.<\/p>\n<p>Um dos destaque das cartilha \u00e9 o cap\u00edtulo \u201cProtocolo para cuidadores de idosos\u201d, que mostra todas as etapas a serem seguidas pelos profissionais ao chegar ao lar do idoso, desde a fase do pr\u00e9-encontro com o assistido at\u00e9 o momento em que tem contato direto com o idoso.<\/p>\n<p>\u201cA pandemia do Coronav\u00edrus exige novos procedimentos, quebra de paradigmas, padr\u00f5es rigorosos de higieniza\u00e7\u00e3o e modelo mais flex\u00edvel na rela\u00e7\u00e3o com o assistido e o cliente\u201d, afirma Izabelly Miranda, diretora da Cuidare Brasil.<\/p>\n<p>&nbsp;<\/p>\n<p><img decoding=\"async\" src=\"https:\/\/assets.blogdobg.com.br\/uploads\/2020\/03\/IMG-20200327-WA0056.jpg\" \/><\/p>\n<p>&nbsp;<\/p>\n<p><img decoding=\"async\" src=\"https:\/\/assets.blogdobg.com.br\/uploads\/2020\/03\/IMG-20200327-WA0057.jpg\" \/><\/p>\n<p>&nbsp;<\/p>\n<p>Fonte: <a href=\"https:\/\/www.blogdobg.com.br\/coronavirus-no-rn-franquia-nacional-de-cuidadores-de-idosos-produz-cartilha-com-orientacoes\/\">Blog do BG<\/a><\/p>\n","protected":false},"excerpt":{"rendered":"<p>Refer\u00eancia nacional no segmento de cuidadores de idosos, a Cuidare Brasil, sediada em Natal, lan\u00e7ou uma cartilha com orienta\u00e7\u00f5es para os franqueados e os cuidadores. O material traz todas as orienta\u00e7\u00f5es a serem adotadas nesse momento de pandemia. Como surgiu a Covid-19, os cuidados de higiene a serem seguidos, como deve ser o trabalho diretamente [&hellip;]<\/p>\n","protected":false},"author":3,"featured_media":2383,"comment_status":"open","ping_status":"open","sticky":false,"template":"","format":"standard","meta":{"pagelayer_contact_templates":[],"_pagelayer_content":"","footnotes":""},"categories":[41],"tags":[],"class_list":["post-2260","post","type-post","status-publish","format-standard","has-post-thumbnail","hentry","category-cuidare-na-midia"],"_links":{"self":[{"href":"https:\/\/cuidarebr.com.br\/novosite\/wp-json\/wp\/v2\/posts\/2260","targetHints":{"allow":["GET"]}}],"collection":[{"href":"https:\/\/cuidarebr.com.br\/novosite\/wp-json\/wp\/v2\/posts"}],"about":[{"href":"https:\/\/cuidarebr.com.br\/novosite\/wp-json\/wp\/v2\/types\/post"}],"author":[{"embeddable":true,"href":"https:\/\/cuidarebr.com.br\/novosite\/wp-json\/wp\/v2\/users\/3"}],"replies":[{"embeddable":true,"href":"https:\/\/cuidarebr.com.br\/novosite\/wp-json\/wp\/v2\/comments?post=2260"}],"version-history":[{"count":0,"href":"https:\/\/cuidarebr.com.br\/novosite\/wp-json\/wp\/v2\/posts\/2260\/revisions"}],"wp:featuredmedia":[{"embeddable":true,"href":"https:\/\/cuidarebr.com.br\/novosite\/wp-json\/wp\/v2\/media\/2383"}],"wp:attachment":[{"href":"https:\/\/cuidarebr.com.br\/novosite\/wp-json\/wp\/v2\/media?parent=2260"}],"wp:term":[{"taxonomy":"category","embeddable":true,"href":"https:\/\/cuidarebr.com.br\/novosite\/wp-json\/wp\/v2\/categories?post=2260"},{"taxonomy":"post_tag","embeddable":true,"href":"https:\/\/cuidarebr.com.br\/novosite\/wp-json\/wp\/v2\/tags?post=2260"}],"curies":[{"name":"wp","href":"https:\/\/api.w.org\/{rel}","templated":true}]}}