{"id":2283,"date":"2020-05-20T12:08:41","date_gmt":"2020-05-20T15:08:41","guid":{"rendered":"https:\/\/cuidarebr.com.br\/?p=2283"},"modified":"2020-05-20T12:08:41","modified_gmt":"2020-05-20T15:08:41","slug":"cuidandodecuidadores-a-saude-dos-cuidadores-em-meio-ao-isolamento-social","status":"publish","type":"post","link":"https:\/\/cuidarebr.com.br\/novosite\/cuidandodecuidadores-a-saude-dos-cuidadores-em-meio-ao-isolamento-social\/","title":{"rendered":"[CUIDARE TV] #CuidandoDeCuidadores &#8211; A sa\u00fade dos Cuidadores em meio ao isolamento social."},"content":{"rendered":"<p>A Cuidare Brasil conta com centenas de cuidadores espalhados por todo o pa\u00eds. Por isso, pensando neles, convidamos a psic\u00f3loga <a href=\"https:\/\/www.instagram.com\/vivyannefarias\/\">Vivyanne Farias<\/a>, para conversar um pouco sobre um tema muito importante: a sa\u00fade mental dos nossos profissionais de sa\u00fade.<\/p>\n<p>Vivyanne farias \u00e9 psic\u00f3loga cl\u00ednica e atua em Psicoterapia cognitivo-comportamental em Natal\/RN. Graduada na Universidade de Bras\u00edlia e com especializa\u00e7\u00e3o em TCC na Universidade de Pernambuco; Vivyanne tamb\u00e9m possui forma\u00e7\u00e3o em TCC pelo Beck Cognitive Behavior Therapy, sendo uma profissional altamente capacitada e alinhada com o prop\u00f3sito Cuidare.<\/p>\n<p>A s\u00e9rie de v\u00eddeos faz parte do programa especial #CuidandodeCuidadores, material exclusivo para as franquias Cuidare, que visa oferecer suporte psicol\u00f3gico e apoio emocional aos profissionais que est\u00e3o batalhando, junto conosco, para oferecer excel\u00eancia em cuidados.<\/p>\n<p>Vivemos uma situa\u00e7\u00e3o inesperada. A pandemia do #Coronav\u00edrus nos for\u00e7ou a nos adaptarmos e o trabalho do cuidador se fez ainda mais importante nesse momento. Precisamos cuidar principalmente dos idosos, que est\u00e3o em maior grupo de risco. Para isso, os cuidadores tamb\u00e9m precisam estar bem. Quem cuida, precisa estar bem para cuidar com amor, excel\u00eancia e tranquilidade.<\/p>\n<p>A s\u00e9rie de v\u00eddeos do programa Cuidando de Cuidadores com a psic\u00f3loga Vivyanne Farias est\u00e1 dispon\u00edvel completa em <a href=\"https:\/\/www.youtube.com\/channel\/UCfCsVypwPa8Qhn4yjNG292w\">nosso canal no youtube.<\/a> Assista!<\/p>\n","protected":false},"excerpt":{"rendered":"<p>A Cuidare Brasil conta com centenas de cuidadores espalhados por todo o pa\u00eds. Por isso, pensando neles, convidamos a psic\u00f3loga Vivyanne Farias, para conversar um pouco sobre um tema muito importante: a sa\u00fade mental dos nossos profissionais de sa\u00fade. Vivyanne farias \u00e9 psic\u00f3loga cl\u00ednica e atua em Psicoterapia cognitivo-comportamental em Natal\/RN. Graduada na Universidade de [&hellip;]<\/p>\n","protected":false},"author":3,"featured_media":2285,"comment_status":"open","ping_status":"open","sticky":false,"template":"","format":"standard","meta":{"pagelayer_contact_templates":[],"_pagelayer_content":"","footnotes":""},"categories":[43],"tags":[],"class_list":["post-2283","post","type-post","status-publish","format-standard","has-post-thumbnail","hentry","category-blog-cuidare"],"_links":{"self":[{"href":"https:\/\/cuidarebr.com.br\/novosite\/wp-json\/wp\/v2\/posts\/2283","targetHints":{"allow":["GET"]}}],"collection":[{"href":"https:\/\/cuidarebr.com.br\/novosite\/wp-json\/wp\/v2\/posts"}],"about":[{"href":"https:\/\/cuidarebr.com.br\/novosite\/wp-json\/wp\/v2\/types\/post"}],"author":[{"embeddable":true,"href":"https:\/\/cuidarebr.com.br\/novosite\/wp-json\/wp\/v2\/users\/3"}],"replies":[{"embeddable":true,"href":"https:\/\/cuidarebr.com.br\/novosite\/wp-json\/wp\/v2\/comments?post=2283"}],"version-history":[{"count":0,"href":"https:\/\/cuidarebr.com.br\/novosite\/wp-json\/wp\/v2\/posts\/2283\/revisions"}],"wp:featuredmedia":[{"embeddable":true,"href":"https:\/\/cuidarebr.com.br\/novosite\/wp-json\/wp\/v2\/media\/2285"}],"wp:attachment":[{"href":"https:\/\/cuidarebr.com.br\/novosite\/wp-json\/wp\/v2\/media?parent=2283"}],"wp:term":[{"taxonomy":"category","embeddable":true,"href":"https:\/\/cuidarebr.com.br\/novosite\/wp-json\/wp\/v2\/categories?post=2283"},{"taxonomy":"post_tag","embeddable":true,"href":"https:\/\/cuidarebr.com.br\/novosite\/wp-json\/wp\/v2\/tags?post=2283"}],"curies":[{"name":"wp","href":"https:\/\/api.w.org\/{rel}","templated":true}]}}