{"id":2313,"date":"2020-06-01T18:29:45","date_gmt":"2020-06-01T21:29:45","guid":{"rendered":"https:\/\/cuidarebr.com.br\/?p=2313"},"modified":"2020-06-01T18:29:45","modified_gmt":"2020-06-01T21:29:45","slug":"cuidadores-regram-a-vida-para-evitar-contaminacao-de-pacientes-idosos","status":"publish","type":"post","link":"https:\/\/cuidarebr.com.br\/novosite\/cuidadores-regram-a-vida-para-evitar-contaminacao-de-pacientes-idosos\/","title":{"rendered":"[FOLHA DE S\u00c3O PAULO] Cuidadores &#8216;regram&#8217; a vida para evitar contamina\u00e7\u00e3o de pacientes idosos"},"content":{"rendered":"<p>De casa para um dos locais em que trabalha, Aline Sampaio precisa pegar dois \u00f4nibus. Ao todo, o trajeto pode demorar at\u00e9 duas horas &#8212;ela mora no Tucuruvi, zona norte de S\u00e3o Paulo, e seu destino final varia entre Cambuci e Interlagos.<\/p>\n<p>Cuidadora de idosas, uma de 87 e outra de 93 anos, sua rotina mudou desde o in\u00edcio da pandemia. Antes, ela trabalhava 24 horas e folgava nas 24 horas seguintes; agora, para evitar o entra e sai da casa, o turno passou para 48 horas e descanso nas outras 48 horas.<\/p>\n<p>N\u00e3o foram apenas os hor\u00e1rios de plant\u00e3o que mudaram na vida de Aline. Uma vez de volta para o seu lar, ela relata que n\u00e3o abra\u00e7a mais a m\u00e3e, fica dentro do quarto na maior parte do tempo e as duas evitam se aproximar.<\/p>\n<p>Contratada por meio da ag\u00eancia Duana Cuidadoras, no in\u00edcio da pandemia ela podia usar aplicativo de transporte privado. Agora, s\u00f3 em casos de extrema necessidade, j\u00e1 que os hor\u00e1rios dos profissionais foi ajustado.<\/p>\n<p>A dona da empresa, Vanderlea Monteiro, conta que, al\u00e9m da mudan\u00e7a nos hor\u00e1rios, casas que recebiam at\u00e9 quatro cuidadoras na semana dispensaram algumas delas.<\/p>\n<div>\n<div class=\"c-gallery c-amp-widget\">\n<div class=\"i-amphtml-slides-container i-amphtml-slidescroll-no-snap\" tabindex=\"-1\" aria-live=\"polite\">\n<div class=\"i-amphtml-slide-item i-amphtml-slide-item-show\">\n<figure class=\"slide c-gallery__slide amp-carousel-slide\" aria-hidden=\"false\">\n<div style=\"width: 778px\" class=\"wp-caption alignnone\"><img loading=\"lazy\" decoding=\"async\" class=\"i-amphtml-fill-content i-amphtml-replaced-content\" src=\"https:\/\/f.i.uol.com.br\/fotografia\/2020\/05\/29\/15907841095ed1706d96e05_1590784109_3x2_md.jpg\" alt=\"O cuidador L\u00e1zaro Melo com o assistido Luiz Gonzaga\" width=\"768\" height=\"512\" \/><p class=\"wp-caption-text\">O cuidador L\u00e1zaro Melo com o assistido Luiz Gonzaga.\u00a0Arquivo Pessoal<\/p><\/div><figcaption class=\"\" tabindex=\"0\" role=\"button\">\u00a0<\/figcaption><\/figure>\n<\/div>\n<div class=\"i-amphtml-slide-item i-amphtml-slide-item-show\">\n<figure class=\"slide c-gallery__slide amp-carousel-slide\" aria-hidden=\"true\">\n<div style=\"width: 442px\" class=\"wp-caption aligncenter\"><img loading=\"lazy\" decoding=\"async\" class=\"i-amphtml-fill-content i-amphtml-replaced-content\" src=\"https:\/\/f.i.uol.com.br\/fotografia\/2020\/05\/29\/15907838445ed16f64bfae8_1590783844_3x2_md.jpg\" alt=\"O cuidador L\u00e1zaro Melo com o assistido Luiz Gonzaga\" width=\"432\" height=\"768\" \/><p class=\"wp-caption-text\">O cuidador L\u00e1zaro Melo com o assistido Luiz Gonzaga.\u00a0Arquivo Pessoal<\/p><\/div><figcaption class=\"\" tabindex=\"0\" role=\"button\">\u00a0<\/figcaption><\/figure>\n<\/div>\n<\/div>\n<div class=\"i-amphtml-scrollable-carousel-container\" tabindex=\"-1\"><\/div>\n<\/div>\n<\/div>\n<p><a href=\"https:\/\/www1.folha.uol.com.br\/equilibrioesaude\/2020\/05\/escapadinha-de-idosos-na-quarentena-nao-e-recomendada-mas-ha-brechas.shtml\">Cuidadores s\u00e3o indispens\u00e1veis para idosos\u00a0<\/a>que, devido \u00e0 idade, apresentam limita\u00e7\u00f5es e precisam de aux\u00edlio para se alimentar, tomar banho e trocar de roupa. Profissionais da \u00e1rea relatam que t\u00eam regrado os h\u00e1bitos desde o in\u00edcio da quarentena a fim de evitar que seus pacientes e familiares sejam infectados.<\/p>\n<p>\u201cJ\u00e1 somos paranoicos com os cuidados de higiene necess\u00e1rios. Agora, \u00e9 como se eu tomasse banho de \u00e1lcool em gel\u201d, diz Aline que no in\u00edcio da pandemia teve crises de ansiedade.<\/p>\n<p>Ela relata que uma de suas pacientes consegue andar sozinha, mas tem problema de audi\u00e7\u00e3o. Por isso, para evitar o toque, ela usa m\u00e1scara e d\u00e1 as coordenadas falando mais alto.<\/p>\n<p>Ela conta que os filhos de uma de suas pacientes pedem para que ela evite que ela ou\u00e7am notici\u00e1rios, para n\u00e3o assust\u00e1-la. O mesmo acontece na casa de repouso em Natal (RN) em que Ana Carla Silvestre trabalha. \u201cAqui, a televis\u00e3o fica s\u00f3 ligada no desenho animado e nas missas\u201d, conta ela.<\/p>\n<div>\n<div class=\"c-gallery c-amp-widget\">\n<div class=\"i-amphtml-slides-container i-amphtml-slidescroll-no-snap\" tabindex=\"-1\" aria-live=\"polite\">\n<div class=\"i-amphtml-slide-item i-amphtml-slide-item-show\">\n<figure class=\"slide c-gallery__slide amp-carousel-slide\" aria-hidden=\"false\">\n<div style=\"width: 778px\" class=\"wp-caption alignnone\"><img loading=\"lazy\" decoding=\"async\" class=\"i-amphtml-fill-content i-amphtml-replaced-content\" src=\"https:\/\/f.i.uol.com.br\/fotografia\/2020\/03\/30\/15856022445e825ec48a363_1585602244_3x2_md.jpg\" alt=\"Moradores do Lar Vicentino, em S\u00e3o Paulo, ap\u00f3s o caf\u00e9 da manh\u00e3. Desde o come\u00e7o de mar\u00e7o, antes da OMS decretar pandemia de coronav\u00edrus, as visitas foram suspensas. \" width=\"768\" height=\"512\" \/><p class=\"wp-caption-text\">Folhapress\/Karime Xavier<\/p><\/div><figcaption class=\"\" tabindex=\"0\" role=\"button\">\u00a0<\/figcaption><figcaption class=\"\" tabindex=\"0\" role=\"button\"><\/figcaption><\/figure>\n<\/div>\n<div class=\"i-amphtml-slide-item i-amphtml-slide-item-show\">\n<figure class=\"slide c-gallery__slide amp-carousel-slide\" aria-hidden=\"true\">\n<div style=\"width: 778px\" class=\"wp-caption alignnone\"><img loading=\"lazy\" decoding=\"async\" class=\"i-amphtml-fill-content i-amphtml-replaced-content\" src=\"https:\/\/f.i.uol.com.br\/fotografia\/2020\/03\/30\/15856022455e825ec584ed0_1585602245_3x2_md.jpg\" alt=\"Na quarentena, asilos reduziram atividades e eventos religiosos\" width=\"768\" height=\"512\" \/><p class=\"wp-caption-text\">Folhapress\/Karime Xavier<\/p><\/div><figcaption class=\"\" tabindex=\"0\" role=\"button\">\u00a0<\/figcaption><figcaption class=\"\" tabindex=\"0\" role=\"button\"><\/figcaption><\/figure>\n<\/div>\n<\/div>\n<div class=\"i-amphtml-scrollable-carousel-container\" tabindex=\"-1\"><\/div>\n<\/div>\n<\/div>\n<p>Outra mudan\u00e7a foi a\u00a0<a href=\"https:\/\/www1.folha.uol.com.br\/cotidiano\/2020\/05\/mortes-causadas-por-covid-19-se-espalham-em-asilos-de-sp.shtml\">proibi\u00e7\u00e3o das visitas das fam\u00edlias nas casas de repouso.<\/a>\u00a0Como alguns n\u00e3o sabem o que est\u00e1, de fato, acontecendo no mundo, acabam se sentindo abandonados.<\/p>\n<p>\u201cSe at\u00e9 a gente que \u00e9 l\u00facido algumas horas perde a paci\u00eancia com o isolamento, imagina para eles que moram longe dos familiares\u201d, afirma Silvestre, que est\u00e1 no ramo h\u00e1 12 anos.<\/p>\n<p>Silvestre cuida da mesma paciente h\u00e1 cinco anos e estava terminando o curso de t\u00e9cnica de enfermagem. Por\u00e9m, as aulas foram interrompidas devido \u00e0 pandemia do coronav\u00edrus. Em casa, ela mora com o filho e com a irm\u00e3 e afirma que eles tamb\u00e9m t\u00eam respeitado a quarentena.<\/p>\n<p>Ela conta que, onde trabalha, \u00e9 recomendado que o profissional falte caso apresente qualquer sintoma, mesmo que dor de cabe\u00e7a. \u201c\u00c9 at\u00e9 uma quest\u00e3o de respeito com as pessoas que trabalham aqui\u201d, conta ela.<\/p>\n<div>\n<div class=\"c-gallery c-amp-widget\">\n<div class=\"i-amphtml-slides-container i-amphtml-slidescroll-no-snap\" tabindex=\"-1\" aria-live=\"polite\">\n<div class=\"i-amphtml-slide-item i-amphtml-slide-item-show\">\n<figure class=\"slide c-gallery__slide amp-carousel-slide\" aria-hidden=\"false\"><img decoding=\"async\" class=\"i-amphtml-fill-content i-amphtml-replaced-content\" src=\"https:\/\/f.i.uol.com.br\/fotografia\/2020\/03\/25\/15851812835e7bf26387016_1585181283_3x2_md.jpg\" alt=\"IDOSOS: Quem tem 60 anos ou mais costuma ser mais vulner\u00e1vel a doen\u00e7as infectocontagiosas \u0096e com a Covid-19 n\u00e3o \u00e9 exce\u00e7\u00e3o. Relat\u00f3rios da OMS e do Minist\u00e9rio da Sa\u00fade colocam os mais velhos entre os mais suscet\u00edveis e entre aqueles afetados pelos maiores \u00edndices de letalidade quando atingidos pelo novo coronav\u00edrus. Uma s\u00e9rie de fatores colabora para isso: sistema imunol\u00f3gico mais enfraquecido; as vacinas tomadas na juventude j\u00e1 n\u00e3o s\u00e3o t\u00e3o eficazes, portanto h\u00e1 menos anticorpos no organismo; os pulm\u00f5es e mucosas tornam-se mais fr\u00e1geis e vulner\u00e1veis a doen\u00e7as virais; o idoso costuma engasgar e aspirar mais, inclusive levando mais a m\u00e3o \u00e0 boca, aumentando o risco de cont\u00e1gio; ele tamb\u00e9m vai a hospitais com mais frequ\u00eancia, ficando mais exposto a micro-organismos\" \/><figcaption class=\"\" tabindex=\"0\" role=\"button\"><span class=\"c-gallery__author\">Folhapress\/Rivaldo Gomes<\/span><\/figcaption><\/figure>\n<\/div>\n<div class=\"i-amphtml-slide-item i-amphtml-slide-item-show\">\n<figure class=\"slide c-gallery__slide amp-carousel-slide\" aria-hidden=\"true\"><figcaption class=\"\" tabindex=\"0\" role=\"button\">\u00a0<\/figcaption><\/figure>\n<\/div>\n<\/div>\n<p class=\"amp-carousel-button amp-carousel-button-next\" tabindex=\"0\" title=\"Next item in carousel (2 of 7)\" role=\"button\" aria-disabled=\"false\">Tamb\u00e9m de Natal, Lazaro Melo \u00e9 t\u00e9cnico de enfermagem e trabalha como cuidador h\u00e1 seis anos. Durante a pandemia, ele relata que uma das coisas que mudaram foi que a Cuidare, empresa para qual ele trabalha, recomendou que os funcion\u00e1rios n\u00e3o fa\u00e7am trabalhos extras e restrinjam os <a href=\"https:\/\/www1.folha.uol.com.br\/equilibrioesaude\/2020\/05\/preconceito-contra-idosos-cresce-na-pandemia-afirma-ex-diretor-de-envelhecimento-da-oms.shtml\">cuidados a apenas um idoso.<\/a><\/p>\n<\/div>\n<\/div>\n<p>Melo conta que sempre tomava banho ao chegar na casa do paciente e lavava frequentemente as m\u00e3os, mas agora os cuidados foram redobrados, como o de ter um par de cal\u00e7ados apenas para ser usado dentro da resid\u00eancia.<\/p>\n<p>O banho e troca de roupa ao entrar na casa \u00e9 um h\u00e1bito relatado por todos os profissionais ouvidos pela reportagem. O geriatra do hospital Oswaldo Cruz Sergio Colenci recebeu muitas d\u00favidas de filhos de idosos que dependem de cuidadores sobre como proceder durante a pandemia.<\/p>\n<p>\u201cMuitos optaram por assumir o papel ou diminuir a equipe de cuidados, o que, claro, gerou uma sobrecarga f\u00edsica e ps\u00edquica\u201d, conta o m\u00e9dico.<\/p>\n<p>Ele diz que suas recomenda\u00e7\u00f5es s\u00e3o, basicamente, lavagem de m\u00e3os e antebra\u00e7o, banho sempre que poss\u00edvel, troca de roupa e uso de m\u00e1scara pelo menos quando o profissional estiver no mesmo c\u00f4modo que o paciente.<\/p>\n<p>Outra indica\u00e7\u00e3o do m\u00e9dico \u00e9 que os funcion\u00e1rios evitem o uso de acess\u00f3rios, como colares, brincos, an\u00e9is, piercings e rel\u00f3gios, pois, segundo ele, s\u00e3o dif\u00edceis de higienizar.<\/p>\n<p>Uma cartilha da Fiocruz com orienta\u00e7\u00f5es a cuidadores de pessoas idosas durante a pandemia tamb\u00e9m recomenda que os profissionais usem os cabelos presos, al\u00e9m de orientar que o funcion\u00e1rio utilize o transporte p\u00fablico em hor\u00e1rios que n\u00e3o os de pico.<\/p>\n<p>A entrada e sa\u00edda de cuidadores foi uma grande preocupa\u00e7\u00e3o para alguns dos familiares dos pacientes do geriatra do HCor Daniel Apolinario.<\/p>\n<p>\u201cHouve fam\u00edlias que propuseram que os cuidadores passassem a morar l\u00e1, mas isso, claramente, n\u00e3o deu certo. A pessoa precisa voltar a sua casa\u201d, conta o m\u00e9dico.<\/p>\n<p>Ele relembra um dos casos mais extremos que ele soube foi do filho de um idoso que tentou implementar \u201co que ele chamou de Arca de No\u00e9, ou seja, ningu\u00e9m sairia da casa e nem entraria\u201d. A medida, claro, n\u00e3o deu certo.<\/p>\n<p>\u201cA pessoa precisa entrar e sair, n\u00e3o tem jeito. N\u00e3o h\u00e1 outra possibilidade de rotina\u201d, disse Apolinario. Al\u00e9m das recomenda\u00e7\u00f5es citadas por Sergio Colenci, Apolinario complementa com outras poss\u00edveis medidas, como deixar o ambiente mais arejado, com janelas abertas sempre que poss\u00edvel.<\/p>\n<p>Para os idosos que precisam de cuidados mais \u00edntimos, Apolinario indica o uso de luvas e aventais descart\u00e1veis. Ele tamb\u00e9m cita que, caso o funcion\u00e1rio tenha qualquer sintoma, n\u00e3o deve ir para o trabalho. \u201cIsso \u00e9 um grande problema para as fam\u00edlias que n\u00e3o costumam ter um segundo cuidador, mas isso n\u00e3o d\u00e1 para flexibilizar e \u00e9 preciso ser muito rigoroso.\u201d<\/p>\n<p>&nbsp;<\/p>\n<p>Fonte: <a href=\"https:\/\/www1.folha.uol.com.br\/amp\/equilibrioesaude\/2020\/05\/cuidadores-regram-a-vida-para-evitar-contaminacao-de-pacientes-idosos.shtml\">Folha de S\u00e3o Paulo<\/a><\/p>\n","protected":false},"excerpt":{"rendered":"<p>De casa para um dos locais em que trabalha, Aline Sampaio precisa pegar dois \u00f4nibus. Ao todo, o trajeto pode demorar at\u00e9 duas horas &#8212;ela mora no Tucuruvi, zona norte de S\u00e3o Paulo, e seu destino final varia entre Cambuci e Interlagos. Cuidadora de idosas, uma de 87 e outra de 93 anos, sua rotina [&hellip;]<\/p>\n","protected":false},"author":3,"featured_media":2381,"comment_status":"open","ping_status":"open","sticky":false,"template":"","format":"standard","meta":{"pagelayer_contact_templates":[],"_pagelayer_content":"","footnotes":""},"categories":[41],"tags":[],"class_list":["post-2313","post","type-post","status-publish","format-standard","has-post-thumbnail","hentry","category-cuidare-na-midia"],"_links":{"self":[{"href":"https:\/\/cuidarebr.com.br\/novosite\/wp-json\/wp\/v2\/posts\/2313","targetHints":{"allow":["GET"]}}],"collection":[{"href":"https:\/\/cuidarebr.com.br\/novosite\/wp-json\/wp\/v2\/posts"}],"about":[{"href":"https:\/\/cuidarebr.com.br\/novosite\/wp-json\/wp\/v2\/types\/post"}],"author":[{"embeddable":true,"href":"https:\/\/cuidarebr.com.br\/novosite\/wp-json\/wp\/v2\/users\/3"}],"replies":[{"embeddable":true,"href":"https:\/\/cuidarebr.com.br\/novosite\/wp-json\/wp\/v2\/comments?post=2313"}],"version-history":[{"count":0,"href":"https:\/\/cuidarebr.com.br\/novosite\/wp-json\/wp\/v2\/posts\/2313\/revisions"}],"wp:featuredmedia":[{"embeddable":true,"href":"https:\/\/cuidarebr.com.br\/novosite\/wp-json\/wp\/v2\/media\/2381"}],"wp:attachment":[{"href":"https:\/\/cuidarebr.com.br\/novosite\/wp-json\/wp\/v2\/media?parent=2313"}],"wp:term":[{"taxonomy":"category","embeddable":true,"href":"https:\/\/cuidarebr.com.br\/novosite\/wp-json\/wp\/v2\/categories?post=2313"},{"taxonomy":"post_tag","embeddable":true,"href":"https:\/\/cuidarebr.com.br\/novosite\/wp-json\/wp\/v2\/tags?post=2313"}],"curies":[{"name":"wp","href":"https:\/\/api.w.org\/{rel}","templated":true}]}}