{"id":2395,"date":"2020-06-25T16:26:14","date_gmt":"2020-06-25T19:26:14","guid":{"rendered":"https:\/\/cuidarebr.com.br\/?p=2395"},"modified":"2020-06-25T16:26:14","modified_gmt":"2020-06-25T19:26:14","slug":"nova-maturidade-cuidado-e-cuidadores-em-meio-a-pandemia","status":"publish","type":"post","link":"https:\/\/cuidarebr.com.br\/novosite\/nova-maturidade-cuidado-e-cuidadores-em-meio-a-pandemia\/","title":{"rendered":"[Nova Maturidade] Cuidado e cuidadores em meio \u00e0 pandemia"},"content":{"rendered":"<figure class=\"feature-image\"><img loading=\"lazy\" decoding=\"async\" class=\"attachment-full size-full wp-post-image lazyloaded\" src=\"https:\/\/cdn.shortpixel.ai\/client\/to_webp,q_glossy,ret_img,w_1920\/https:\/\/novamaturidade.com.br\/wp-content\/uploads\/2020\/06\/hand-3952081_1920.jpg\" sizes=\"auto, (max-width: 1920px) 100vw, 1920px\" srcset=\"https:\/\/cdn.shortpixel.ai\/client\/to_webp,q_glossy,ret_img,w_1920\/https:\/\/novamaturidade.com.br\/wp-content\/uploads\/2020\/06\/hand-3952081_1920.jpg 1920w, https:\/\/cdn.shortpixel.ai\/client\/q_glossy,ret_img,w_300\/https:\/\/novamaturidade.com.br\/wp-content\/uploads\/2020\/06\/hand-3952081_1920-300x200.jpg 300w, https:\/\/cdn.shortpixel.ai\/client\/q_glossy,ret_img,w_1024\/https:\/\/novamaturidade.com.br\/wp-content\/uploads\/2020\/06\/hand-3952081_1920-1024x683.jpg 1024w, https:\/\/cdn.shortpixel.ai\/client\/q_glossy,ret_img,w_768\/https:\/\/novamaturidade.com.br\/wp-content\/uploads\/2020\/06\/hand-3952081_1920-768x512.jpg 768w, https:\/\/cdn.shortpixel.ai\/client\/q_glossy,ret_img,w_1536\/https:\/\/novamaturidade.com.br\/wp-content\/uploads\/2020\/06\/hand-3952081_1920-1536x1024.jpg 1536w, https:\/\/cdn.shortpixel.ai\/client\/q_glossy,ret_img,w_1320\/https:\/\/novamaturidade.com.br\/wp-content\/uploads\/2020\/06\/hand-3952081_1920-1320x880.jpg 1320w\" alt=\"Cuidado Cuidadores Cuidare\" width=\"1920\" height=\"1280\" data-src=\"https:\/\/cdn.shortpixel.ai\/client\/to_webp,q_glossy,ret_img,w_1920\/https:\/\/novamaturidade.com.br\/wp-content\/uploads\/2020\/06\/hand-3952081_1920.jpg\" data-srcset=\"https:\/\/cdn.shortpixel.ai\/client\/to_webp,q_glossy,ret_img,w_1920\/https:\/\/novamaturidade.com.br\/wp-content\/uploads\/2020\/06\/hand-3952081_1920.jpg 1920w, https:\/\/cdn.shortpixel.ai\/client\/q_glossy,ret_img,w_300\/https:\/\/novamaturidade.com.br\/wp-content\/uploads\/2020\/06\/hand-3952081_1920-300x200.jpg 300w, https:\/\/cdn.shortpixel.ai\/client\/q_glossy,ret_img,w_1024\/https:\/\/novamaturidade.com.br\/wp-content\/uploads\/2020\/06\/hand-3952081_1920-1024x683.jpg 1024w, https:\/\/cdn.shortpixel.ai\/client\/q_glossy,ret_img,w_768\/https:\/\/novamaturidade.com.br\/wp-content\/uploads\/2020\/06\/hand-3952081_1920-768x512.jpg 768w, https:\/\/cdn.shortpixel.ai\/client\/q_glossy,ret_img,w_1536\/https:\/\/novamaturidade.com.br\/wp-content\/uploads\/2020\/06\/hand-3952081_1920-1536x1024.jpg 1536w, https:\/\/cdn.shortpixel.ai\/client\/q_glossy,ret_img,w_1320\/https:\/\/novamaturidade.com.br\/wp-content\/uploads\/2020\/06\/hand-3952081_1920-1320x880.jpg 1320w\" data-sizes=\"(max-width: 1920px) 100vw, 1920px\" \/><\/figure>\n<article><strong>Val\u00e9ria Barrio Novo Gon\u00e7alves*<\/strong><\/p>\n<p><em>\u00a0\u201cAo tocar uma alma humana, seja apenas outra alma humana\u201d\u00a0<\/em>(Carl Jung)<\/p>\n<p>Essa frase sempre fez muito sentido para mim, mas atualmente, com a pandemia que se tornou uma crise de sa\u00fade mundial, o sentido passou a ser maior. Imagino que muitos que ainda n\u00e3o tinham percebido que somos feitos da mesma ess\u00eancia e que estamos expostos da mesma maneira, agora, talvez tenham come\u00e7ado a refletir, independente de suas cren\u00e7as, valores, que somos semelhantes e apenas almas humanas.<\/p>\n<p>Nesse sentido, o cuidado com o outro nunca foi t\u00e3o percebido e valorizado como nos dias atuais. Os cuidados com a higiene em tempos de pandemia foram redobrados, o que j\u00e1 era rigoroso se tornou quase que paranoico e o isolamento social passou a ser fundamental. Entretanto estes s\u00e3o os \u00fanicos instrumentos que temos em m\u00e3os para nos proteger e proteger quem amamos.<\/p>\n<p>Mas como falar sobre isolamento social do grupo de risco, se entre eles est\u00e3o os 60+ e justamente o isolamento social \u00e9 o grande vil\u00e3o a ser combatido por essas pessoas? Como proteger idosos dentro de um contexto onde o isolamento social \u00e9 imprescind\u00edvel? Sabemos que o isolamento social traz s\u00e9rios riscos \u00e0 sa\u00fade mental do idoso, como sentimentos de solid\u00e3o, estresse, tristeza, depress\u00e3o e medo do incerto.<\/p>\n<p>Muitos idosos vivem em institui\u00e7\u00f5es de longa perman\u00eancia, onde a visita\u00e7\u00e3o de familiares foi proibida, outros moram sozinhos e alguns mesmo que estejam com familiares, necessitam do aux\u00edlio de cuidadores nas atividades b\u00e1sicas di\u00e1rias.<\/p>\n<p>Com isso os cuidadores que atuam com esse grupo de pessoas passaram a ter um papel fundamental nesse novo cen\u00e1rio e muitos tiveram que readaptar suas rotinas de vida para se dedicarem aos cuidados de forma individual e humanizada, tanto com rela\u00e7\u00e3o \u00e0 higiene quanto com rela\u00e7\u00e3o \u00e0 sa\u00fade mental desses idosos que muitas vezes n\u00e3o t\u00eam mais nenhum elo familiar ou com o mundo exterior. Esses profissionais sofrem grande press\u00e3o, pois sabem da responsabilidade que isso representa e tamb\u00e9m precisam se proteger.<\/p>\n<p>Um grande desafio \u00e9 vivido diariamente, sair para uma batalha do bem, sair para levar o seu melhor para algu\u00e9m que precisa de cuidados e muitas vezes encontrar dificuldades em um ambiente que nem sempre \u00e9 amistoso. Por vezes o cuidado ser\u00e1 de muita paci\u00eancia e respeito \u00e0s limita\u00e7\u00f5es de cada pessoa. Por isso, os cuidadores tamb\u00e9m necessitam de apoio psicol\u00f3gico, social e de respeito para seguir em frente.<\/p>\n<p>Os protocolos de higiene adotados passaram a ser ainda mais r\u00edgidos do que antes, respeitando as orienta\u00e7\u00f5es dos \u00f3rg\u00e3os de sa\u00fade mundial para prote\u00e7\u00e3o individual em benef\u00edcio da pessoa assistida e de seus familiares.<\/p>\n<p>Para a preserva\u00e7\u00e3o da sa\u00fade mental de idosos, existem muitas alternativas, como o uso da tecnologia para comunica\u00e7\u00e3o com familiares e amigos que aproxima quando a orienta\u00e7\u00e3o \u00e9 distanciar. O contato traz o sentimento de pertencimento e de fazer parte do momento vivido por todos.<\/p>\n<div class=\"wp-block-image\">\n<figure class=\"alignleft size-large is-resized\"><img loading=\"lazy\" decoding=\"async\" class=\"wp-image-3697 lazyloaded\" src=\"https:\/\/cdn.shortpixel.ai\/client\/to_webp,q_glossy,ret_img,w_1024\/https:\/\/novamaturidade.com.br\/wp-content\/uploads\/2020\/06\/computer-3190630_1920-1024x683.jpg\" sizes=\"auto, (max-width: 353px) 100vw, 353px\" srcset=\"https:\/\/cdn.shortpixel.ai\/client\/to_webp,q_glossy,ret_img,w_1024\/https:\/\/novamaturidade.com.br\/wp-content\/uploads\/2020\/06\/computer-3190630_1920-1024x683.jpg 1024w, https:\/\/cdn.shortpixel.ai\/client\/q_glossy,ret_img,w_300\/https:\/\/novamaturidade.com.br\/wp-content\/uploads\/2020\/06\/computer-3190630_1920-300x200.jpg 300w, https:\/\/cdn.shortpixel.ai\/client\/q_glossy,ret_img,w_768\/https:\/\/novamaturidade.com.br\/wp-content\/uploads\/2020\/06\/computer-3190630_1920-768x512.jpg 768w, https:\/\/cdn.shortpixel.ai\/client\/q_glossy,ret_img,w_1536\/https:\/\/novamaturidade.com.br\/wp-content\/uploads\/2020\/06\/computer-3190630_1920-1536x1024.jpg 1536w, https:\/\/cdn.shortpixel.ai\/client\/q_glossy,ret_img,w_1320\/https:\/\/novamaturidade.com.br\/wp-content\/uploads\/2020\/06\/computer-3190630_1920-1320x880.jpg 1320w, https:\/\/cdn.shortpixel.ai\/client\/q_glossy,ret_img,w_1920\/https:\/\/novamaturidade.com.br\/wp-content\/uploads\/2020\/06\/computer-3190630_1920.jpg 1920w\" alt=\" Cuidado Cuidadores Cuidare\" width=\"353\" height=\"235\" data-src=\"https:\/\/cdn.shortpixel.ai\/client\/to_webp,q_glossy,ret_img,w_1024\/https:\/\/novamaturidade.com.br\/wp-content\/uploads\/2020\/06\/computer-3190630_1920-1024x683.jpg\" data-srcset=\"https:\/\/cdn.shortpixel.ai\/client\/to_webp,q_glossy,ret_img,w_1024\/https:\/\/novamaturidade.com.br\/wp-content\/uploads\/2020\/06\/computer-3190630_1920-1024x683.jpg 1024w, https:\/\/cdn.shortpixel.ai\/client\/q_glossy,ret_img,w_300\/https:\/\/novamaturidade.com.br\/wp-content\/uploads\/2020\/06\/computer-3190630_1920-300x200.jpg 300w, https:\/\/cdn.shortpixel.ai\/client\/q_glossy,ret_img,w_768\/https:\/\/novamaturidade.com.br\/wp-content\/uploads\/2020\/06\/computer-3190630_1920-768x512.jpg 768w, https:\/\/cdn.shortpixel.ai\/client\/q_glossy,ret_img,w_1536\/https:\/\/novamaturidade.com.br\/wp-content\/uploads\/2020\/06\/computer-3190630_1920-1536x1024.jpg 1536w, https:\/\/cdn.shortpixel.ai\/client\/q_glossy,ret_img,w_1320\/https:\/\/novamaturidade.com.br\/wp-content\/uploads\/2020\/06\/computer-3190630_1920-1320x880.jpg 1320w, https:\/\/cdn.shortpixel.ai\/client\/q_glossy,ret_img,w_1920\/https:\/\/novamaturidade.com.br\/wp-content\/uploads\/2020\/06\/computer-3190630_1920.jpg 1920w\" data-sizes=\"(max-width: 353px) 100vw, 353px\" \/><\/figure>\n<\/div>\n<p>Outras atividades utilizadas s\u00e3o os jogos, a leitura de livros, not\u00edcias atuais, ouvir e cantar m\u00fasicas que tragam boas recorda\u00e7\u00f5es e estimulem o relato de fatos, t\u00e9cnicas de respira\u00e7\u00e3o para relaxamento, entre outros. Essas atividades al\u00e9m de preencher o tempo do idoso, estimulam a cogni\u00e7\u00e3o, trazem o idoso para a situa\u00e7\u00e3o atual e mant\u00e9m o c\u00e9rebro em movimento.<\/p>\n<p>Por fim, al\u00e9m da t\u00e9cnica, do profissionalismo, dos cuidados com a higiene. Existe algo extremamente importante nesse momento em que todos n\u00f3s estamos fragilizados, onde o toque muitas vezes n\u00e3o \u00e9 poss\u00edvel\u2026 Por vezes um OLHAR carinhoso diz muito, a SIMPLICIDADE de estar presente para ESCUTAR \u00e9 o bastante, \u00e9 preciso ter ALMA, \u00e9 necess\u00e1rio RESPEITAR o outro, \u00e9 preciso SER HUMANO. (Imagens de\u00a0<a href=\"https:\/\/pixabay.com\/pt\/users\/sabinevanerp-2145163\/?utm_source=link-attribution&amp;utm_medium=referral&amp;utm_campaign=image&amp;utm_content=3952081\">Sabine van Erp<\/a>\u00a0por\u00a0<a href=\"https:\/\/pixabay.com\/pt\/?utm_source=link-attribution&amp;utm_medium=referral&amp;utm_campaign=image&amp;utm_content=3952081\">Pixabay<\/a>\u00a0)<\/p>\n<p><strong>Val\u00e9ria Barrio Novo Gon\u00e7alves*<\/strong><\/p>\n<div class=\"wp-block-image\">\n<figure class=\"alignleft size-large is-resized\"><img loading=\"lazy\" decoding=\"async\" class=\"wp-image-3692 lazyloaded\" src=\"https:\/\/cdn.shortpixel.ai\/client\/to_webp,q_glossy,ret_img,w_566\/https:\/\/novamaturidade.com.br\/wp-content\/uploads\/2020\/06\/valeria-barrio-cuidare.png\" sizes=\"auto, (max-width: 153px) 100vw, 153px\" srcset=\"https:\/\/cdn.shortpixel.ai\/client\/to_webp,q_glossy,ret_img,w_566\/https:\/\/novamaturidade.com.br\/wp-content\/uploads\/2020\/06\/valeria-barrio-cuidare.png 566w, https:\/\/cdn.shortpixel.ai\/client\/q_glossy,ret_img,w_225\/https:\/\/novamaturidade.com.br\/wp-content\/uploads\/2020\/06\/valeria-barrio-cuidare-225x300.png 225w\" alt=\"Valeria Barrio Cuidado Cuidadores Cuidare\" width=\"153\" height=\"203\" data-src=\"https:\/\/cdn.shortpixel.ai\/client\/to_webp,q_glossy,ret_img,w_566\/https:\/\/novamaturidade.com.br\/wp-content\/uploads\/2020\/06\/valeria-barrio-cuidare.png\" data-srcset=\"https:\/\/cdn.shortpixel.ai\/client\/to_webp,q_glossy,ret_img,w_566\/https:\/\/novamaturidade.com.br\/wp-content\/uploads\/2020\/06\/valeria-barrio-cuidare.png 566w, https:\/\/cdn.shortpixel.ai\/client\/q_glossy,ret_img,w_225\/https:\/\/novamaturidade.com.br\/wp-content\/uploads\/2020\/06\/valeria-barrio-cuidare-225x300.png 225w\" data-sizes=\"(max-width: 153px) 100vw, 153px\" \/><\/figure>\n<\/div>\n<p>Graduada em Administra\u00e7\u00e3o de Empresas com Habilita\u00e7\u00e3o em Com\u00e9rcio Exterior e p\u00f3s-graduada em Gest\u00e3o Empresarial pela Funda\u00e7\u00e3o Get\u00falio Vargas (FGV), atuei por 22 anos na \u00e1rea financeira e cont\u00e1bil de empresas de grande porte, entretanto sempre fui apaixonada pelo tema do envelhecimento at\u00e9 por quest\u00f5es familiares, que sempre me levaram a estar pr\u00f3xima de locais e pessoas que me propiciaram muitos aprendizados e me fizeram muito bem.<\/p>\n<p>Com o passar do tempo, o interesse pelo tema do Envelhecimento e de Cuidados s\u00f3 cresceu e me fez ingressar em uma P\u00f3s-Gradua\u00e7\u00e3o em Gerontologia na Faculdade Paulista de Servi\u00e7o Social (FAPSS) a qual estou em fase de conclus\u00e3o.<\/p>\n<p>Durante esse per\u00edodo realizei alguns cursos, dentre eles o de Estimula\u00e7\u00e3o Cognitiva para Idosos pela Associa\u00e7\u00e3o Brasileira de Gerontologia (ABG). Deixei a profiss\u00e3o que atuava e hoje sou respons\u00e1vel pela\u00a0<strong><a href=\"https:\/\/cuidarebr.com.br\/unidades\/a-cuidare-santo-amaro-sp\/\">Cuidare Santo Amaro<\/a><\/strong>, uma franquia de Cuidadores de Pessoas \u2013 idosos, adultos e crian\u00e7as, com ou sem necessidades especiais.<\/p>\n<p>A cada dia que passa tenho mais certeza de que estou no caminho certo e que nunca \u00e9 tarde para seguir o que o seu cora\u00e7\u00e3o diz. \u00a0Para conhecer mais sobre a Cuidare Santo Amaro, entre em contato pelos telefones (11) 4281-2717 ou (11) 93435-1977 ou pelo e-mail\u00a0<a href=\"mailto:santoamaro@cuidarebr.com.br\">santoamaro@cuidarebr.com.br<\/a>.<\/p>\n<p>&nbsp;<\/p>\n<p>Fonte: <a href=\"https:\/\/novamaturidade.com.br\/2020\/06\/02\/cuidado-e-cuidadores-em-meio-a-pandemia\/\">Nova Maturidade<\/a><\/p>\n<\/article>\n","protected":false},"excerpt":{"rendered":"<p>Val\u00e9ria Barrio Novo Gon\u00e7alves* \u00a0\u201cAo tocar uma alma humana, seja apenas outra alma humana\u201d\u00a0(Carl Jung) Essa frase sempre fez muito sentido para mim, mas atualmente, com a pandemia que se tornou uma crise de sa\u00fade mundial, o sentido passou a ser maior. Imagino que muitos que ainda n\u00e3o tinham percebido que somos feitos da mesma [&hellip;]<\/p>\n","protected":false},"author":3,"featured_media":2396,"comment_status":"open","ping_status":"open","sticky":false,"template":"","format":"standard","meta":{"pagelayer_contact_templates":[],"_pagelayer_content":"","footnotes":""},"categories":[41],"tags":[],"class_list":["post-2395","post","type-post","status-publish","format-standard","has-post-thumbnail","hentry","category-cuidare-na-midia"],"_links":{"self":[{"href":"https:\/\/cuidarebr.com.br\/novosite\/wp-json\/wp\/v2\/posts\/2395","targetHints":{"allow":["GET"]}}],"collection":[{"href":"https:\/\/cuidarebr.com.br\/novosite\/wp-json\/wp\/v2\/posts"}],"about":[{"href":"https:\/\/cuidarebr.com.br\/novosite\/wp-json\/wp\/v2\/types\/post"}],"author":[{"embeddable":true,"href":"https:\/\/cuidarebr.com.br\/novosite\/wp-json\/wp\/v2\/users\/3"}],"replies":[{"embeddable":true,"href":"https:\/\/cuidarebr.com.br\/novosite\/wp-json\/wp\/v2\/comments?post=2395"}],"version-history":[{"count":0,"href":"https:\/\/cuidarebr.com.br\/novosite\/wp-json\/wp\/v2\/posts\/2395\/revisions"}],"wp:featuredmedia":[{"embeddable":true,"href":"https:\/\/cuidarebr.com.br\/novosite\/wp-json\/wp\/v2\/media\/2396"}],"wp:attachment":[{"href":"https:\/\/cuidarebr.com.br\/novosite\/wp-json\/wp\/v2\/media?parent=2395"}],"wp:term":[{"taxonomy":"category","embeddable":true,"href":"https:\/\/cuidarebr.com.br\/novosite\/wp-json\/wp\/v2\/categories?post=2395"},{"taxonomy":"post_tag","embeddable":true,"href":"https:\/\/cuidarebr.com.br\/novosite\/wp-json\/wp\/v2\/tags?post=2395"}],"curies":[{"name":"wp","href":"https:\/\/api.w.org\/{rel}","templated":true}]}}