{"id":2462,"date":"2020-08-26T16:25:00","date_gmt":"2020-08-26T19:25:00","guid":{"rendered":"https:\/\/cuidarebr.com.br\/?p=2462"},"modified":"2020-08-26T16:25:00","modified_gmt":"2020-08-26T19:25:00","slug":"o-estresse-ocupacional-tem-lhe-afetado","status":"publish","type":"post","link":"https:\/\/cuidarebr.com.br\/novosite\/o-estresse-ocupacional-tem-lhe-afetado\/","title":{"rendered":"O estresse ocupacional tem lhe afetado?"},"content":{"rendered":"<p>A incerteza e a imprevisibilidade da pandemia t\u00eam um potencial consideravelmente alto para o surgimento do estresse, seja nos profissionais da area da sa\u00fade quanto os de outros setores, mas aqueles que possuem contato maior com a doen\u00e7a, podem sofrer de estresse ocupacional. Para saber mais sobre o assunto, abaixo voc\u00ea encontra o link para a leitura! Aproveite.<\/p>\n<p>&nbsp;<\/p>\n<p><a href=\"https:\/\/cuidarebr.com.br\/novosite\/wp-content\/uploads\/2020\/08\/2406_ebook_Cuidare_1.pdf\">Clique aqui para obter Estresse Ocupacional &#8211; Ebook<\/a><\/p>\n","protected":false},"excerpt":{"rendered":"<p>A incerteza e a imprevisibilidade da pandemia t\u00eam um potencial consideravelmente alto para o surgimento do estresse, seja nos profissionais da area da sa\u00fade quanto os de outros setores, mas aqueles que possuem contato maior com a doen\u00e7a, podem sofrer de estresse ocupacional. Para saber mais sobre o assunto, abaixo voc\u00ea encontra o link para [&hellip;]<\/p>\n","protected":false},"author":3,"featured_media":2464,"comment_status":"open","ping_status":"open","sticky":false,"template":"","format":"standard","meta":{"pagelayer_contact_templates":[],"_pagelayer_content":"","footnotes":""},"categories":[43,147],"tags":[],"class_list":["post-2462","post","type-post","status-publish","format-standard","has-post-thumbnail","hentry","category-blog-cuidare","category-conteudo-cuidare"],"_links":{"self":[{"href":"https:\/\/cuidarebr.com.br\/novosite\/wp-json\/wp\/v2\/posts\/2462","targetHints":{"allow":["GET"]}}],"collection":[{"href":"https:\/\/cuidarebr.com.br\/novosite\/wp-json\/wp\/v2\/posts"}],"about":[{"href":"https:\/\/cuidarebr.com.br\/novosite\/wp-json\/wp\/v2\/types\/post"}],"author":[{"embeddable":true,"href":"https:\/\/cuidarebr.com.br\/novosite\/wp-json\/wp\/v2\/users\/3"}],"replies":[{"embeddable":true,"href":"https:\/\/cuidarebr.com.br\/novosite\/wp-json\/wp\/v2\/comments?post=2462"}],"version-history":[{"count":0,"href":"https:\/\/cuidarebr.com.br\/novosite\/wp-json\/wp\/v2\/posts\/2462\/revisions"}],"wp:featuredmedia":[{"embeddable":true,"href":"https:\/\/cuidarebr.com.br\/novosite\/wp-json\/wp\/v2\/media\/2464"}],"wp:attachment":[{"href":"https:\/\/cuidarebr.com.br\/novosite\/wp-json\/wp\/v2\/media?parent=2462"}],"wp:term":[{"taxonomy":"category","embeddable":true,"href":"https:\/\/cuidarebr.com.br\/novosite\/wp-json\/wp\/v2\/categories?post=2462"},{"taxonomy":"post_tag","embeddable":true,"href":"https:\/\/cuidarebr.com.br\/novosite\/wp-json\/wp\/v2\/tags?post=2462"}],"curies":[{"name":"wp","href":"https:\/\/api.w.org\/{rel}","templated":true}]}}