{"id":2470,"date":"2020-09-02T16:49:16","date_gmt":"2020-09-02T19:49:16","guid":{"rendered":"https:\/\/cuidarebr.com.br\/?p=2470"},"modified":"2020-09-02T16:49:16","modified_gmt":"2020-09-02T19:49:16","slug":"cuidare-nazare-no-bom-dia-para","status":"publish","type":"post","link":"https:\/\/cuidarebr.com.br\/novosite\/cuidare-nazare-no-bom-dia-para\/","title":{"rendered":"Cuidare Nazar\u00e9 no Bom Dia Par\u00e1"},"content":{"rendered":"<p>No \u00faltimo dia 31, participamos de uma mat\u00e9ria super especial, onde falamos sobre o papel do cuidador de idosos. Abaixo, voc\u00ea encontra na integra a entrevista para a TV Liberal, afiliada da Globo, que foi ao ar no Bom Dia Par\u00e1. Conta para gente o que voc\u00ea achou! \ud83d\udc99\ud83e\udd70<\/p>\n<p>&nbsp;<\/p>\n<p><iframe loading=\"lazy\" title=\"Cuidare Nazar\u00e9 no Bom Dia Par\u00e1\" width=\"1080\" height=\"810\" src=\"https:\/\/www.youtube.com\/embed\/B6WPj0Y3Yno?feature=oembed\" frameborder=\"0\" allow=\"accelerometer; autoplay; clipboard-write; encrypted-media; gyroscope; picture-in-picture; web-share\" referrerpolicy=\"strict-origin-when-cross-origin\" allowfullscreen><\/iframe><\/p>\n","protected":false},"excerpt":{"rendered":"<p>No \u00faltimo dia 31, participamos de uma mat\u00e9ria super especial, onde falamos sobre o papel do cuidador de idosos. Abaixo, voc\u00ea encontra na integra a entrevista para a TV Liberal, afiliada da Globo, que foi ao ar no Bom Dia Par\u00e1. Conta para gente o que voc\u00ea achou! \ud83d\udc99\ud83e\udd70 &nbsp;<\/p>\n","protected":false},"author":3,"featured_media":2585,"comment_status":"open","ping_status":"open","sticky":false,"template":"","format":"standard","meta":{"pagelayer_contact_templates":[],"_pagelayer_content":"","footnotes":""},"categories":[41],"tags":[],"class_list":["post-2470","post","type-post","status-publish","format-standard","has-post-thumbnail","hentry","category-cuidare-na-midia"],"_links":{"self":[{"href":"https:\/\/cuidarebr.com.br\/novosite\/wp-json\/wp\/v2\/posts\/2470","targetHints":{"allow":["GET"]}}],"collection":[{"href":"https:\/\/cuidarebr.com.br\/novosite\/wp-json\/wp\/v2\/posts"}],"about":[{"href":"https:\/\/cuidarebr.com.br\/novosite\/wp-json\/wp\/v2\/types\/post"}],"author":[{"embeddable":true,"href":"https:\/\/cuidarebr.com.br\/novosite\/wp-json\/wp\/v2\/users\/3"}],"replies":[{"embeddable":true,"href":"https:\/\/cuidarebr.com.br\/novosite\/wp-json\/wp\/v2\/comments?post=2470"}],"version-history":[{"count":0,"href":"https:\/\/cuidarebr.com.br\/novosite\/wp-json\/wp\/v2\/posts\/2470\/revisions"}],"wp:featuredmedia":[{"embeddable":true,"href":"https:\/\/cuidarebr.com.br\/novosite\/wp-json\/wp\/v2\/media\/2585"}],"wp:attachment":[{"href":"https:\/\/cuidarebr.com.br\/novosite\/wp-json\/wp\/v2\/media?parent=2470"}],"wp:term":[{"taxonomy":"category","embeddable":true,"href":"https:\/\/cuidarebr.com.br\/novosite\/wp-json\/wp\/v2\/categories?post=2470"},{"taxonomy":"post_tag","embeddable":true,"href":"https:\/\/cuidarebr.com.br\/novosite\/wp-json\/wp\/v2\/tags?post=2470"}],"curies":[{"name":"wp","href":"https:\/\/api.w.org\/{rel}","templated":true}]}}