{"id":2488,"date":"2020-09-11T15:12:07","date_gmt":"2020-09-11T18:12:07","guid":{"rendered":"https:\/\/cuidarebr.com.br\/?p=2488"},"modified":"2020-09-11T15:12:07","modified_gmt":"2020-09-11T18:12:07","slug":"cuidare-santo-amaro-recebe-selo-safira-de-reconhecimento-da-silver-ocean-60","status":"publish","type":"post","link":"https:\/\/cuidarebr.com.br\/novosite\/cuidare-santo-amaro-recebe-selo-safira-de-reconhecimento-da-silver-ocean-60\/","title":{"rendered":"Cuidare Santo Amaro recebe selo Safira de Reconhecimento da Silver Ocean 60+"},"content":{"rendered":"<p>Oferecendo servi\u00e7os de excel\u00eancia, a Cuidare Santo Amaro \u00e9 destaque em S\u00e3o Paulo e teve seu trabalho reconhecido pelo Silver Ocean 60+. O empreendimento de impacto social que visa contribuir para o bem-estar de cidad\u00e3os e cidad\u00e3s de idade igual ou superior a 60 anos, concedeu o selo de Reconhecimento SAFIRA \u00e0 nossa unidade paulista.<\/p>\n<p>Essa conquista representa que nossos servi\u00e7os, cuidadores e nosso modo de opera\u00e7\u00e3o s\u00e3o refer\u00eancias e representam uma atividade vista de forma exemplar ao p\u00fablico +60. Para isso foram avaliados aspectos como agilidade no atendimento, atua\u00e7\u00e3o dos gestores com o p\u00fablico, qualidade dos profissionais e respeito. Esse resultado \u00e9 fruto de toda a confian\u00e7a que cada fam\u00edlia deposita em n\u00f3s.<br \/>\nSomos gratos pela conquista!<\/p>\n<p>&nbsp;<\/p>\n<p><a href=\"https:\/\/silverocean.com.br\/qualificados\">Aqui, voc\u00ea encontra a qualifica\u00e7\u00e3o da Cuidare.<\/a><\/p>\n","protected":false},"excerpt":{"rendered":"<p>Oferecendo servi\u00e7os de excel\u00eancia, a Cuidare Santo Amaro \u00e9 destaque em S\u00e3o Paulo e teve seu trabalho reconhecido pelo Silver Ocean 60+. O empreendimento de impacto social que visa contribuir para o bem-estar de cidad\u00e3os e cidad\u00e3s de idade igual ou superior a 60 anos, concedeu o selo de Reconhecimento SAFIRA \u00e0 nossa unidade paulista. [&hellip;]<\/p>\n","protected":false},"author":3,"featured_media":2489,"comment_status":"open","ping_status":"open","sticky":false,"template":"","format":"standard","meta":{"pagelayer_contact_templates":[],"_pagelayer_content":"","footnotes":""},"categories":[43,41],"tags":[],"class_list":["post-2488","post","type-post","status-publish","format-standard","has-post-thumbnail","hentry","category-blog-cuidare","category-cuidare-na-midia"],"_links":{"self":[{"href":"https:\/\/cuidarebr.com.br\/novosite\/wp-json\/wp\/v2\/posts\/2488","targetHints":{"allow":["GET"]}}],"collection":[{"href":"https:\/\/cuidarebr.com.br\/novosite\/wp-json\/wp\/v2\/posts"}],"about":[{"href":"https:\/\/cuidarebr.com.br\/novosite\/wp-json\/wp\/v2\/types\/post"}],"author":[{"embeddable":true,"href":"https:\/\/cuidarebr.com.br\/novosite\/wp-json\/wp\/v2\/users\/3"}],"replies":[{"embeddable":true,"href":"https:\/\/cuidarebr.com.br\/novosite\/wp-json\/wp\/v2\/comments?post=2488"}],"version-history":[{"count":0,"href":"https:\/\/cuidarebr.com.br\/novosite\/wp-json\/wp\/v2\/posts\/2488\/revisions"}],"wp:featuredmedia":[{"embeddable":true,"href":"https:\/\/cuidarebr.com.br\/novosite\/wp-json\/wp\/v2\/media\/2489"}],"wp:attachment":[{"href":"https:\/\/cuidarebr.com.br\/novosite\/wp-json\/wp\/v2\/media?parent=2488"}],"wp:term":[{"taxonomy":"category","embeddable":true,"href":"https:\/\/cuidarebr.com.br\/novosite\/wp-json\/wp\/v2\/categories?post=2488"},{"taxonomy":"post_tag","embeddable":true,"href":"https:\/\/cuidarebr.com.br\/novosite\/wp-json\/wp\/v2\/tags?post=2488"}],"curies":[{"name":"wp","href":"https:\/\/api.w.org\/{rel}","templated":true}]}}