{"id":2501,"date":"2020-09-18T17:11:52","date_gmt":"2020-09-18T20:11:52","guid":{"rendered":"https:\/\/cuidarebr.com.br\/?p=2501"},"modified":"2020-09-18T17:11:52","modified_gmt":"2020-09-18T20:11:52","slug":"21-de-setembro-dia-mundial-de-conscientizacao-do-alzheimer","status":"publish","type":"post","link":"https:\/\/cuidarebr.com.br\/novosite\/21-de-setembro-dia-mundial-de-conscientizacao-do-alzheimer\/","title":{"rendered":"21 de setembro \u2013 Dia Mundial de Conscientiza\u00e7\u00e3o do Alzheimer."},"content":{"rendered":"<p>O dia 21 de setembro marca a data global de conscientiza\u00e7\u00e3o sobre a Doen\u00e7a de Alzheimer. Setembro \u00e9 o m\u00eas em que toda a comunidade cientifica e m\u00e9dica se voltam para falar sobre o assunto t\u00e3o presente e ao mesmo tempo t\u00e3o carregado de estigmas. Pensando nessa situa\u00e7\u00e3o a Alzheimer\u2019s Disease International (ADI) e Organiza\u00e7\u00e3o Pan-Americana da Sa\u00fade (OPAS) lan\u00e7aram uma campanha \u201cVamos conversar sobre dem\u00eancia\u201d, que incentiva as pessoas a conversarem de maneira mais confort\u00e1vel e aberta sobre a doen\u00e7a de Alzheimer e outras dem\u00eancias.<\/p>\n<p>Certamente voc\u00ea j\u00e1 ouviu falar sobre essa doen\u00e7a e talvez at\u00e9 tenha algum parente ou conhecido que conviva com os sintomas, mas ser\u00e1 que sabe quais s\u00e3o suas principais caracter\u00edsticas, tratamento e ainda como agir com uma pessoa diagnosticada com Alzheimer e o que pode ser feito para atenuar e postergar o surgimento de sintomas?<\/p>\n<h2>\u25cf O que \u00e9 Alzheimer?<\/h2>\n<p>&nbsp;<\/p>\n<p>Alzheimer \u00e9 uma doen\u00e7a neurodegenerativa, progressiva, ou seja, apresenta piora com o tempo e ainda n\u00e3o possui cura. Ela afeta, principalmente, pessoas acima de 65 anos, impactando na mem\u00f3ria, linguagem, percep\u00e7\u00e3o do mundo, alterando o comportamento, personalidade e humor do indiv\u00edduo. Por ser progressiva, ela possui alguns est\u00e1gios, sendo eles:<\/p>\n<p>\u25cf Leve: o paciente come\u00e7a a apresentar falhas de mem\u00f3ria e esquecimentos constantes, dificuldades em realizar tarefas complexas (como cuidar das finan\u00e7as), perda de orienta\u00e7\u00e3o no tempo e no espa\u00e7o, apatia e perda de iniciativa, apresentando dist\u00farbios de humor e depress\u00e3o.<\/p>\n<p>\u25cf Moderado: o paciente apresenta dificuldades na apraxia (dificuldade de realizar movimentos motores) e na afasia (dificuldade na linguagem e na comunica\u00e7\u00e3o). Ademais, nota-se a perda parcial de reconhecer lugares e pessoas, aumento das confus\u00f5es mentais, tendo atitudes repetitivas e t\u00eam suas atividades de vida di\u00e1ria sob supervis\u00e3o de outra pessoa, necessitando de aux\u00edlio para desenvolv\u00ea-la.<\/p>\n<p>\u25cf Avan\u00e7ado:geralmente o paciente encontra-se acamado e impossibilitado de realizar suas atividades b\u00e1sicas de vida di\u00e1ria, apresentando uma defici\u00eancia motora progressiva e uma incontin\u00eancia urin\u00e1ria e fecal.<\/p>\n<p>Os novos tratamentos para Alzheimer aumentaram consideravelmente o desempenho das subst\u00e2ncias qu\u00edmicas na atividade cerebral, cuja fun\u00e7\u00e3o \u00e9 transportar informa\u00e7\u00f5es de uma c\u00e9lula para outra. No entanto, estes tratamentos ainda n\u00e3o impedem a deteriora\u00e7\u00e3o subjacente e a morte de certas c\u00e9lulas cerebrais. Assim, quanto mais c\u00e9lulas padecem, a doen\u00e7a de Alzheimer continua a progredir. No SUS, \u00e9 poss\u00edvel ter acesso aos principais medicamentos para o tratamento, como:<br \/>\n\u25cf Donepezila.<br \/>\n\u25cf Galantamina.<br \/>\n\u25cf Rivastigmina.<br \/>\n\u25cf Memantina.<\/p>\n<p>Ademais, estudos t\u00eam avan\u00e7ados em tratamento n\u00e3o farmacol\u00f3gicos com resultado bastante positivo. Como terapias de estimula\u00e7\u00e3o multissensorial, cognitivas, com animais dom\u00e9sticos, musicoterapia, pr\u00e1tica de atividades f\u00edsicas, controles de doen\u00e7as cr\u00f4nicas, entre outras.<br \/>\nHoje, cerca de 50 milh\u00f5es de pessoas no mundo possui o diagn\u00f3stico da doen\u00e7a. No brasil, esse n\u00famero chega a 1.2 milh\u00f5es de pessoas, sendo diagnosticados 100 mil novos casos por ano. Estimativas apontam para os pr\u00f3ximos 20 anos, cerca de 100 milh\u00f5es de pessoas convivendo com essa doen\u00e7a.<\/p>\n<h2>\u25cf Como lidar com uma pessoa diagnosticada com Alzheimer?<\/h2>\n<p>&nbsp;<\/p>\n<p>Para lidar com uma pessoa diagnosticada com Alzheimer, entendemos que existem tr\u00eas pilares importantes, que envolvem n\u00e3o s\u00f3 o cuidador principal, mas todos aqueles que cercam o assistido:<\/p>\n<p>\u25cf Conhecimento (informa\u00e7\u00e3o\/capacita\u00e7\u00e3o\/ conscientiza\u00e7\u00e3o)<br \/>\n\u25cf Empatia<br \/>\n\u25cf Paci\u00eancia<\/p>\n<p>Nem sempre o que se aplica a um indiv\u00edduo no momento de picos dos sintomas da doen\u00e7a (agita\u00e7\u00e3o, inquieta\u00e7\u00e3o e at\u00e9 agressividade) servir\u00e1 para o outro, mas de maneira geral, a fala mansa, proximidade para gerar seguran\u00e7a ao assistido (avaliando sempre nesse ponto, a seguran\u00e7a tamb\u00e9m do cuidador principal, para garantir a integridade f\u00edsica de ambos), frases mais curtas e sem complexidade e envolvimento no quadro do assistido (no sentido de n\u00e3o contrari\u00e1-lo) tendem a ajudar, tranquilizar e contornar as crises.<br \/>\nEm alguns casos, ter objetos de apego (algo que a pessoa goste ou que remete a algo de sua inf\u00e2ncia), ouvir m\u00fasicas antigas, fotos da fam\u00edlia, costumam tamb\u00e9m gerar conforto e tranquilidade ao assistido.<\/p>\n<p>O acompanhamento m\u00e9dico \u00e9 fundamental para identificar o n\u00edvel da doen\u00e7a e prescrever medicamentos que ajudem a controlar e amenizar os sintomas e a evolu\u00e7\u00e3o mais r\u00e1pida do Alzheimer.<\/p>\n<p>Esse elo entre cuidador, equipe m\u00e9dica e fam\u00edlia, tende a tornar o ambiente mais prop\u00edcio para que seu familiar possa ter tempo de qualidade com aqueles que o amam.<\/p>\n<h2>Quais h\u00e1bitos que posso ter para atenuar e postergar o surgimento dos sintomas desta doen\u00e7a?<\/h2>\n<p>&nbsp;<\/p>\n<p>\u25cf Tenha uma vida e mente ativa;<br \/>\n\u25cf Pratique atividade f\u00edsica regular por pelo menos 150 minutos por semana;<br \/>\n\u25cf Previna o aparecimento das doen\u00e7as cr\u00f4nicas, como hipertens\u00e3o e diabetes;<br \/>\n\u25cf Tenha uma alimenta\u00e7\u00e3o adequada;<br \/>\n\u25cf Procure se manter atualizado nos estudos;<br \/>\n\u25cf Tenha uma rotina de sono adequada;<br \/>\n\u25cf Controle e previna problemas psicol\u00f3gicos;<\/p>\n","protected":false},"excerpt":{"rendered":"<p>O dia 21 de setembro marca a data global de conscientiza\u00e7\u00e3o sobre a Doen\u00e7a de Alzheimer. Setembro \u00e9 o m\u00eas em que toda a comunidade cientifica e m\u00e9dica se voltam para falar sobre o assunto t\u00e3o presente e ao mesmo tempo t\u00e3o carregado de estigmas. Pensando nessa situa\u00e7\u00e3o a Alzheimer\u2019s Disease International (ADI) e Organiza\u00e7\u00e3o [&hellip;]<\/p>\n","protected":false},"author":3,"featured_media":2502,"comment_status":"open","ping_status":"open","sticky":false,"template":"","format":"standard","meta":{"pagelayer_contact_templates":[],"_pagelayer_content":"","footnotes":""},"categories":[43,147],"tags":[],"class_list":["post-2501","post","type-post","status-publish","format-standard","has-post-thumbnail","hentry","category-blog-cuidare","category-conteudo-cuidare"],"_links":{"self":[{"href":"https:\/\/cuidarebr.com.br\/novosite\/wp-json\/wp\/v2\/posts\/2501","targetHints":{"allow":["GET"]}}],"collection":[{"href":"https:\/\/cuidarebr.com.br\/novosite\/wp-json\/wp\/v2\/posts"}],"about":[{"href":"https:\/\/cuidarebr.com.br\/novosite\/wp-json\/wp\/v2\/types\/post"}],"author":[{"embeddable":true,"href":"https:\/\/cuidarebr.com.br\/novosite\/wp-json\/wp\/v2\/users\/3"}],"replies":[{"embeddable":true,"href":"https:\/\/cuidarebr.com.br\/novosite\/wp-json\/wp\/v2\/comments?post=2501"}],"version-history":[{"count":0,"href":"https:\/\/cuidarebr.com.br\/novosite\/wp-json\/wp\/v2\/posts\/2501\/revisions"}],"wp:featuredmedia":[{"embeddable":true,"href":"https:\/\/cuidarebr.com.br\/novosite\/wp-json\/wp\/v2\/media\/2502"}],"wp:attachment":[{"href":"https:\/\/cuidarebr.com.br\/novosite\/wp-json\/wp\/v2\/media?parent=2501"}],"wp:term":[{"taxonomy":"category","embeddable":true,"href":"https:\/\/cuidarebr.com.br\/novosite\/wp-json\/wp\/v2\/categories?post=2501"},{"taxonomy":"post_tag","embeddable":true,"href":"https:\/\/cuidarebr.com.br\/novosite\/wp-json\/wp\/v2\/tags?post=2501"}],"curies":[{"name":"wp","href":"https:\/\/api.w.org\/{rel}","templated":true}]}}