{"id":2661,"date":"2020-12-17T13:31:42","date_gmt":"2020-12-17T16:31:42","guid":{"rendered":"https:\/\/cuidarebr.com.br\/?p=2661"},"modified":"2020-12-17T13:31:42","modified_gmt":"2020-12-17T16:31:42","slug":"sua-franquia-mercado-de-cuidadores-de-idosos-cresce-em-fortaleza-durante-a-pandemia","status":"publish","type":"post","link":"https:\/\/cuidarebr.com.br\/novosite\/sua-franquia-mercado-de-cuidadores-de-idosos-cresce-em-fortaleza-durante-a-pandemia\/","title":{"rendered":"[Sua Franquia] Mercado de cuidadores de idosos cresce em Fortaleza durante a pandemia"},"content":{"rendered":"<p>&nbsp;<\/p>\n<p><img decoding=\"async\" src=\"https:\/\/www.suafranquia.com\/views\/sources\/images\/conteudo\/principal\/76bd6d0d03b7396925516ee4adf83fcb.png\" \/><\/p>\n<p>&nbsp;<\/p>\n<p>A profiss\u00e3o de cuidador de idosos \u00e9 a que mais cresce no Brasil. Segundo o Cadastro Geral de Empregados e Desempregados (CAGED), do Minist\u00e9rio do Trabalho, de 2007 para c\u00e1, o n\u00famero de profissionais saltou de 5.263 para 34.051, um avan\u00e7o de 547%. N\u00fameros t\u00e3o expressivos quanto o seu pano de fundo: o envelhecimento dos brasileiros. De acordo com o IBGE, a popula\u00e7\u00e3o com mais de 60 anos mais que dobrar\u00e1 at\u00e9 2050. Exemplo de sucesso nesse mercado, a Cuidare Brasil, uma das maiores redes de cuidadores de pessoas do pa\u00eds, segue em franco crescimento para suprir as necessidades das fam\u00edlias com efici\u00eancia e profissionais qualificados durante a pandemia. A franqueadora ajustou toda a sua cadeia de opera\u00e7\u00e3o e a gest\u00e3o \u00e0 log\u00edstica do seu quadro para atender, com seguran\u00e7a, a demanda, que subiu 30% no \u00faltimo semestre. As mudan\u00e7as t\u00eam surtido efeito e rendido frutos no tamanho da empresa, que j\u00e1 ultrapassa 80 unidades franqueadas em 20 estados brasileiros, no Distrito Federal e em Portugal, al\u00e9m de opera\u00e7\u00f5es em fase de implanta\u00e7\u00e3o na Argentina e no Canad\u00e1.<\/p>\n<p>De olho nesse potencial, o engenheiro civil Igor Carvalho decidiu investir para levar a segunda unidade da franquia para Fortaleza, mais precisamente no bairro de Meireles, na zona nobre da capital cearense. \u201cTrata-se de um bairro com alto \u00edndice de desenvolvimento social e econ\u00f4mico, com boas proje\u00e7\u00f5es para a prospec\u00e7\u00e3o de clientes e networking\u201d, analisa o empreendedor.<\/p>\n<p>Igor trabalhou durante alguns anos no setor p\u00fablico e hoje atua no setor privado numa construtora ao lado da irm\u00e3. A ideia de empreender com a Cuidare surgiu da necessidade de ampliar a renda da fam\u00edlia e de ter o pr\u00f3prio neg\u00f3cio num mercado em crescimento. Al\u00e9m disso, afirma que a experi\u00eancia com a franquia at\u00e9 agora foi a melhor poss\u00edvel.<\/p>\n<p>&#8211; O treinamento foi muito bom e o know how passado ficou acima das expectativas. Desejo um crescimento tanto na minha unidade, como o crescimento da franquia Cuidare Brasil. Afinal, penso que, quando se tem um bom time trabalhando e todo um apoio de um franqueador da magnitude da Cuidare, tudo fica mais f\u00e1cil. \u00c9 uma rela\u00e7\u00e3o de parceria, praticamente uma fam\u00edlia, ent\u00e3o a dedica\u00e7\u00e3o dos dois lados vai haver sempre \u2013 declara.<\/p>\n<p>Vagas de emprego<\/p>\n<p>A nova unidade da Cuidare tamb\u00e9m vai oferecer chances para aqueles que buscam uma oportunidade profissional. Os interessados poder\u00e3o encaminhar seus curr\u00edculos pelo site www.cuidarebr.com.br ou pelo e-mail meireles@cuidarebr.com.br.<\/p>\n<p>Para saber mais, acesse www.cuidarebr.com.br<\/p>\n<p>Fonte: <a href=\"https:\/\/www.suafranquia.com\/noticias\/eventos\/2020\/12\/mercado-de-cuidadores-de-idosos-cresce-em-fortaleza-durante-a-pandemia\/\" target=\"_blank\" rel=\"noopener noreferrer\">Sua Franquia<\/a><\/p>\n","protected":false},"excerpt":{"rendered":"<p>&nbsp; &nbsp; A profiss\u00e3o de cuidador de idosos \u00e9 a que mais cresce no Brasil. Segundo o Cadastro Geral de Empregados e Desempregados (CAGED), do Minist\u00e9rio do Trabalho, de 2007 para c\u00e1, o n\u00famero de profissionais saltou de 5.263 para 34.051, um avan\u00e7o de 547%. N\u00fameros t\u00e3o expressivos quanto o seu pano de fundo: o [&hellip;]<\/p>\n","protected":false},"author":3,"featured_media":2662,"comment_status":"open","ping_status":"open","sticky":false,"template":"","format":"standard","meta":{"pagelayer_contact_templates":[],"_pagelayer_content":"","footnotes":""},"categories":[41],"tags":[],"class_list":["post-2661","post","type-post","status-publish","format-standard","has-post-thumbnail","hentry","category-cuidare-na-midia"],"_links":{"self":[{"href":"https:\/\/cuidarebr.com.br\/novosite\/wp-json\/wp\/v2\/posts\/2661","targetHints":{"allow":["GET"]}}],"collection":[{"href":"https:\/\/cuidarebr.com.br\/novosite\/wp-json\/wp\/v2\/posts"}],"about":[{"href":"https:\/\/cuidarebr.com.br\/novosite\/wp-json\/wp\/v2\/types\/post"}],"author":[{"embeddable":true,"href":"https:\/\/cuidarebr.com.br\/novosite\/wp-json\/wp\/v2\/users\/3"}],"replies":[{"embeddable":true,"href":"https:\/\/cuidarebr.com.br\/novosite\/wp-json\/wp\/v2\/comments?post=2661"}],"version-history":[{"count":0,"href":"https:\/\/cuidarebr.com.br\/novosite\/wp-json\/wp\/v2\/posts\/2661\/revisions"}],"wp:featuredmedia":[{"embeddable":true,"href":"https:\/\/cuidarebr.com.br\/novosite\/wp-json\/wp\/v2\/media\/2662"}],"wp:attachment":[{"href":"https:\/\/cuidarebr.com.br\/novosite\/wp-json\/wp\/v2\/media?parent=2661"}],"wp:term":[{"taxonomy":"category","embeddable":true,"href":"https:\/\/cuidarebr.com.br\/novosite\/wp-json\/wp\/v2\/categories?post=2661"},{"taxonomy":"post_tag","embeddable":true,"href":"https:\/\/cuidarebr.com.br\/novosite\/wp-json\/wp\/v2\/tags?post=2661"}],"curies":[{"name":"wp","href":"https:\/\/api.w.org\/{rel}","templated":true}]}}