{"id":2664,"date":"2020-12-17T13:44:45","date_gmt":"2020-12-17T16:44:45","guid":{"rendered":"https:\/\/cuidarebr.com.br\/?p=2664"},"modified":"2020-12-17T13:44:45","modified_gmt":"2020-12-17T16:44:45","slug":"sua-franquia-rede-de-cuidadores-inaugura-a-sua-sexta-unidade-no-rio-grande-do-sul-em-canoas","status":"publish","type":"post","link":"https:\/\/cuidarebr.com.br\/novosite\/sua-franquia-rede-de-cuidadores-inaugura-a-sua-sexta-unidade-no-rio-grande-do-sul-em-canoas\/","title":{"rendered":"[Sua Franquia] Rede de cuidadores inaugura a sua sexta unidade no Rio Grande do Sul, em Canoas"},"content":{"rendered":"<h2 class=\"h3 subtitulo\"><\/h2>\n<p><img decoding=\"async\" class=\"img-responsive lazyloaded\" src=\"https:\/\/www.suafranquia.com\/views\/sources\/images\/conteudo\/principal\/683cc749de3e219f0886e626acf9d082.png\" data-src=\"https:\/\/www.suafranquia.com\/views\/sources\/images\/conteudo\/principal\/683cc749de3e219f0886e626acf9d082.png\" \/><\/p>\n<div class=\"marginTop\">\n<p>&nbsp;<\/p>\n<p><strong>Rede de cuidadores inaugura a sua sexta unidade no Rio Grande do Sul, em Canoas<\/strong><\/p>\n<p>&nbsp;<\/p>\n<table border=\"0\" width=\"299\" cellspacing=\"8\" cellpadding=\"0\" align=\"right\">\n<tbody>\n<tr>\n<td><img loading=\"lazy\" decoding=\"async\" title=\"THUMB CONTE\u00daDO 360 X 264 _ BARBARA (3).png\" src=\"https:\/\/www.suafranquia.com\/views\/sources\/images\/conteudo\/conteudo\/37d91a21d79c23f9d18ec0832b22e39e.png\" alt=\"Cuidare\" width=\"270\" height=\"197\" \/><\/td>\n<\/tr>\n<\/tbody>\n<\/table>\n<p>A Cuidare Brasil, uma das maiores redes de cuidadores do pa\u00eds, segue em franco crescimento durante a pandemia. A franqueadora ajustou toda a sua cadeia de opera\u00e7\u00e3o e a gest\u00e3o \u00e0 log\u00edstica dos profissionais para atender, com seguran\u00e7a, a demanda, que subiu 30% no \u00faltimo semestre. As mudan\u00e7as t\u00eam surtido efeito e rendido frutos no tamanho da empresa, que j\u00e1 ultrapassa 80 unidades franqueadas em 20 estados brasileiros, no Distrito Federal e em Portugal, al\u00e9m de opera\u00e7\u00f5es em fase de implanta\u00e7\u00e3o na Argentina e no Canad\u00e1.<\/p>\n<p>&nbsp;<\/p>\n<p>De olho nesse potencial,\u00a0Ju\u00e7ara Rheingantz, de 53 anos, decidiu investir para levar a primeira unidade da franquia para o munic\u00edpio de Canoas, a sexta no Rio Grande do Sul. Casada e m\u00e3e de dois filhos, formada em Administra\u00e7\u00e3o de Empresa, com MBA em Gest\u00e3o Estrat\u00e9gica, ela trabalhou por 34 anos, sendo 25 na Prefeitura de Porto Alegre e 15 na Secretaria da Sa\u00fade.<\/p>\n<p>&nbsp;<\/p>\n<p>&#8220;Aposentei-me em setembro do ano passado, mas j\u00e1 sabia que iria procurar uma atividade. Dos modelos de franquia que pude pesquisar, foi com o da Cuidare que mais me identifiquei. Moro em Porto Alegre, mas escolhi Canoas pelo seu grande potencial para absorver os seus servi\u00e7os. \u00c9 uma cidade em crescimento, sendo o terceiro PIB do nosso estado e com aproximadamente 350 mil habitantes. Quanto \u00e0 franqueadora, a experi\u00eancia tem sido \u00f3tima. Tenho todo o suporte e os materiais necess\u00e1rios. O mais interessante \u00e9 que, depois que escolhi a Cuidare para empreender, todos os meus familiares e amigos dizem que \u00e9 a minha cara esse tipo de servi\u00e7o&#8221; \u2013 revela.<\/p>\n<p>&nbsp;<\/p>\n<p>A data para o in\u00edcio da opera\u00e7\u00e3o \u00e9 especial: 1\u00ba de outubro, quando \u00e9 comemorado do Dia do Idoso.<\/p>\n<p>&nbsp;<\/p>\n<p><strong>Empreender na profiss\u00e3o que mais cresce no Brasil<\/strong><\/p>\n<p>&nbsp;<\/p>\n<p>A profiss\u00e3o de cuidador de idosos \u00e9 a que mais cresce no Brasil. Segundo o Cadastro Geral de Empregados e Desempregados (CAGED), do Minist\u00e9rio do Trabalho, de 2007 para c\u00e1, o n\u00famero de profissionais saltou de 5.263 para 34.051, um avan\u00e7o de 547%. N\u00fameros t\u00e3o expressivos quanto o seu pano de fundo: o envelhecimento dos brasileiros. De acordo com o IBGE, a popula\u00e7\u00e3o com mais de 60 anos mais que dobrar\u00e1 at\u00e9 2050.<\/p>\n<p>&nbsp;<\/p>\n<p>Para saber mais, acesse\u00a0<a href=\"http:\/\/www.cuidarebr.com.br\/\">www.cuidarebr.com.br<\/a><\/p>\n<p>&nbsp;<\/p>\n<p>Fonte: <a href=\"https:\/\/www.suafranquia.com\/noticias\/eventos\/2020\/12\/cuidare-em-expansao-pelo-sul-do-brasil\/\">Sua Franquia<\/a><\/p>\n<\/div>\n","protected":false},"excerpt":{"rendered":"<p>&nbsp; Rede de cuidadores inaugura a sua sexta unidade no Rio Grande do Sul, em Canoas &nbsp; A Cuidare Brasil, uma das maiores redes de cuidadores do pa\u00eds, segue em franco crescimento durante a pandemia. A franqueadora ajustou toda a sua cadeia de opera\u00e7\u00e3o e a gest\u00e3o \u00e0 log\u00edstica dos profissionais para atender, com seguran\u00e7a, [&hellip;]<\/p>\n","protected":false},"author":3,"featured_media":2665,"comment_status":"open","ping_status":"open","sticky":false,"template":"","format":"standard","meta":{"pagelayer_contact_templates":[],"_pagelayer_content":"","footnotes":""},"categories":[41],"tags":[],"class_list":["post-2664","post","type-post","status-publish","format-standard","has-post-thumbnail","hentry","category-cuidare-na-midia"],"_links":{"self":[{"href":"https:\/\/cuidarebr.com.br\/novosite\/wp-json\/wp\/v2\/posts\/2664","targetHints":{"allow":["GET"]}}],"collection":[{"href":"https:\/\/cuidarebr.com.br\/novosite\/wp-json\/wp\/v2\/posts"}],"about":[{"href":"https:\/\/cuidarebr.com.br\/novosite\/wp-json\/wp\/v2\/types\/post"}],"author":[{"embeddable":true,"href":"https:\/\/cuidarebr.com.br\/novosite\/wp-json\/wp\/v2\/users\/3"}],"replies":[{"embeddable":true,"href":"https:\/\/cuidarebr.com.br\/novosite\/wp-json\/wp\/v2\/comments?post=2664"}],"version-history":[{"count":0,"href":"https:\/\/cuidarebr.com.br\/novosite\/wp-json\/wp\/v2\/posts\/2664\/revisions"}],"wp:featuredmedia":[{"embeddable":true,"href":"https:\/\/cuidarebr.com.br\/novosite\/wp-json\/wp\/v2\/media\/2665"}],"wp:attachment":[{"href":"https:\/\/cuidarebr.com.br\/novosite\/wp-json\/wp\/v2\/media?parent=2664"}],"wp:term":[{"taxonomy":"category","embeddable":true,"href":"https:\/\/cuidarebr.com.br\/novosite\/wp-json\/wp\/v2\/categories?post=2664"},{"taxonomy":"post_tag","embeddable":true,"href":"https:\/\/cuidarebr.com.br\/novosite\/wp-json\/wp\/v2\/tags?post=2664"}],"curies":[{"name":"wp","href":"https:\/\/api.w.org\/{rel}","templated":true}]}}