{"id":2667,"date":"2020-12-17T15:27:52","date_gmt":"2020-12-17T18:27:52","guid":{"rendered":"https:\/\/cuidarebr.com.br\/?p=2667"},"modified":"2020-12-17T15:27:52","modified_gmt":"2020-12-17T18:27:52","slug":"abf-sucesso-mesmo-em-periodo-de-crise-a-rede-cuidare-tem-destaque","status":"publish","type":"post","link":"https:\/\/cuidarebr.com.br\/novosite\/abf-sucesso-mesmo-em-periodo-de-crise-a-rede-cuidare-tem-destaque\/","title":{"rendered":"[ABF] Sucesso mesmo em per\u00edodo de crise, a Rede Cuidare tem destaque!"},"content":{"rendered":"<h1>Sucesso mesmo em per\u00edodo de crise: Veja as franquias que cresceram em 2020!<\/h1>\n<div class=\"post-thumbnail-single\"><img loading=\"lazy\" decoding=\"async\" class=\"attachment-franchising-image-size-974-557 lazy wp-post-image loaded alignnone\" src=\"https:\/\/content.portaldofranchising.com.br\/wp-content\/uploads\/2020\/12\/10141709\/sucesso.jpg\" sizes=\"auto, (max-width: 974px) 100vw, 974px\" srcset=\"https:\/\/content.portaldofranchising.com.br\/wp-content\/uploads\/2020\/12\/10141709\/sucesso.jpg 974w, https:\/\/content.portaldofranchising.com.br\/wp-content\/uploads\/2020\/12\/10141709\/sucesso-300x172.jpg 300w, https:\/\/content.portaldofranchising.com.br\/wp-content\/uploads\/2020\/12\/10141709\/sucesso-768x439.jpg 768w\" alt=\"franquias que cresceram em 2020\" width=\"974\" height=\"557\" data-src=\"https:\/\/content.portaldofranchising.com.br\/wp-content\/uploads\/2020\/12\/10141709\/sucesso.jpg\" data-was-processed=\"true\" \/><\/div>\n<div class=\"the-content\">\n<p>N\u00e3o h\u00e1 como negar que 2020 foi um ano bastante dif\u00edcil!<\/p>\n<p>Muitos neg\u00f3cios fecharam as portas definitivamente por conta da crise causada pelo novo coronav\u00edrus.<\/p>\n<p>No franchising, o primeiro semestre foi o mais dif\u00edcil e o setor sentiu o impacto do fechamento das lojas de forma consider\u00e1vel.<\/p>\n<p>Mas a partir do terceiro trimestre as franquias come\u00e7aram a demonstrar os sinais de recupera\u00e7\u00e3o. Dados da\u00a0<strong><a href=\"https:\/\/www.abf.com.br\/\" target=\"_blank\" rel=\"noopener noreferrer\">Associa\u00e7\u00e3o Brasileira de Franchising<\/a><\/strong>\u00a0(ABF) apontam uma queda de 6,9% nos n\u00fameros do setor se comparado a\u00a0 2019.<\/p>\n<blockquote><p>\u201cSeguimos com forte efeito da pandemia no faturamento do setor de Franchising, mas os resultados mostram recupera\u00e7\u00e3o, quando comparado com o 2\u00ba trimestre\u201d, destaca a entidade.<\/p><\/blockquote>\n<p>Mas nem tudo s\u00e3o trevas.<\/p>\n<p>H\u00e1 tamb\u00e9m hist\u00f3rias (muitas, por sinal) de empreendedores e empresas que tiveram bons resultados, mesmo em um cen\u00e1rio t\u00e3o complicado quanto o do \u00faltimo ano.<\/p>\n<p>Muitas dessas hist\u00f3rias est\u00e3o no franchising!<\/p>\n<p>Se voc\u00ea est\u00e1 pensando abrir um neg\u00f3cio, \u00e9 bom analisar como a rede que voc\u00ea est\u00e1 interessado agiu durante a pandemia.<\/p>\n<p>Uma das vantagens das franquias \u00e9 a \u201crede\u201d, que permite a colabora\u00e7\u00e3o entre franqueadora e franqueados em prol dos bons resultados do neg\u00f3cio.<\/p>\n<p>Foi justamente esse \u201cesp\u00edrito de equipe\u201d que ajudou a diminuir as perdas para muitos empreendedores e at\u00e9 contribuiu para aumentar o lucro, mesmo com as adversidades.<\/p>\n<blockquote><p>\u201cO mercado \u00e9 sempre assim, ruim para um e bom para o outro. De um modo geral, n\u00e3o foi um ano perdido porque muita gente cresceu\u201d, comenta Fred Henrique, diretor comercial do Grupo Hashtag Franquias.<\/p><\/blockquote>\n<p>As franqueadoras n\u00e3o pouparam esfor\u00e7os para buscar alternativas para adaptar o cen\u00e1rio para a nova realidade.<\/p>\n<p>E, dessa forma, algumas redes tiveram um n\u00famero de crescimento consider\u00e1vel no faturamento ao longo de 2020.<\/p>\n<p>H\u00e1 redes que bateram recordes no faturamento!<\/p>\n<p>Por outro lado, franqueados tamb\u00e9m viram a oportunidade de investir em um novo neg\u00f3cio nesse momento, em que os alugu\u00e9is est\u00e3o mais baratos e as franqueadoras est\u00e3o oferecendo condi\u00e7\u00f5es mais atrativas.<\/p>\n<div class=\"the-content\">\n<p>&nbsp;<\/p>\n<h3>Franquias que cresceram \u2014 Cuidare<\/h3>\n<div class=\"video-embed\"><iframe loading=\"lazy\" title=\"Cuidare Brasil - Franquia de Cuidadores de Pessoas\" src=\"https:\/\/www.youtube.com\/embed\/P6GttzazWYs?feature=oembed\" width=\"768\" height=\"432\" frameborder=\"0\" allowfullscreen=\"allowfullscreen\" data-mce-fragment=\"1\"><\/iframe><\/div>\n<blockquote><p>\u201cApesar da pandemia, 2020 foi um ano de expans\u00e3o para a franquia Cuidare. Investimos em tecnologia, estrutura f\u00edsica e pessoas, e os resultados est\u00e3o superando nossas expectativas.<\/p>\n<p>Comercializamos 18 novas unidades, metade delas de mar\u00e7o a dezembro; iniciamos a internacionaliza\u00e7\u00e3o da marca, sendo Portugal o ponto de partida da Cuidare no exterior; al\u00e9m de\u00a0<strong>aumentarmos o faturamento da rede em at\u00e9 30%<\/strong>, em rela\u00e7\u00e3o ao mesmo per\u00edodo do ano anterior.<\/p>\n<p>E as conquistas n\u00e3o param por a\u00ed: fomos eleitas uma das melhores franquias para se investir, segundo o guia da PE&amp;GN e entramos oficialmente para a ABF como associados. Para 2021, as expectativas s\u00e3o as melhores,\u00a0<strong>pretendemos abrir mais de 30 novas unidades em diversas partes do Brasil<\/strong>, entre outras a\u00e7\u00f5es estrat\u00e9gicas j\u00e1 em andamento\u201d, relata o diretor de expans\u00e3o da Cuidare Brasil, Daniel Costa.<\/p>\n<p>&nbsp;<\/p>\n<p>&nbsp;<\/p>\n<p>Fonte: <a href=\"https:\/\/www.portaldofranchising.com.br\/franquias\/franquias-que-cresceram\/\">ABF<\/a><\/p><\/blockquote>\n<\/div>\n<\/div>\n","protected":false},"excerpt":{"rendered":"<p>Sucesso mesmo em per\u00edodo de crise: Veja as franquias que cresceram em 2020! N\u00e3o h\u00e1 como negar que 2020 foi um ano bastante dif\u00edcil! Muitos neg\u00f3cios fecharam as portas definitivamente por conta da crise causada pelo novo coronav\u00edrus. No franchising, o primeiro semestre foi o mais dif\u00edcil e o setor sentiu o impacto do fechamento [&hellip;]<\/p>\n","protected":false},"author":3,"featured_media":2668,"comment_status":"open","ping_status":"open","sticky":false,"template":"","format":"standard","meta":{"pagelayer_contact_templates":[],"_pagelayer_content":"","footnotes":""},"categories":[41],"tags":[],"class_list":["post-2667","post","type-post","status-publish","format-standard","has-post-thumbnail","hentry","category-cuidare-na-midia"],"_links":{"self":[{"href":"https:\/\/cuidarebr.com.br\/novosite\/wp-json\/wp\/v2\/posts\/2667","targetHints":{"allow":["GET"]}}],"collection":[{"href":"https:\/\/cuidarebr.com.br\/novosite\/wp-json\/wp\/v2\/posts"}],"about":[{"href":"https:\/\/cuidarebr.com.br\/novosite\/wp-json\/wp\/v2\/types\/post"}],"author":[{"embeddable":true,"href":"https:\/\/cuidarebr.com.br\/novosite\/wp-json\/wp\/v2\/users\/3"}],"replies":[{"embeddable":true,"href":"https:\/\/cuidarebr.com.br\/novosite\/wp-json\/wp\/v2\/comments?post=2667"}],"version-history":[{"count":0,"href":"https:\/\/cuidarebr.com.br\/novosite\/wp-json\/wp\/v2\/posts\/2667\/revisions"}],"wp:featuredmedia":[{"embeddable":true,"href":"https:\/\/cuidarebr.com.br\/novosite\/wp-json\/wp\/v2\/media\/2668"}],"wp:attachment":[{"href":"https:\/\/cuidarebr.com.br\/novosite\/wp-json\/wp\/v2\/media?parent=2667"}],"wp:term":[{"taxonomy":"category","embeddable":true,"href":"https:\/\/cuidarebr.com.br\/novosite\/wp-json\/wp\/v2\/categories?post=2667"},{"taxonomy":"post_tag","embeddable":true,"href":"https:\/\/cuidarebr.com.br\/novosite\/wp-json\/wp\/v2\/tags?post=2667"}],"curies":[{"name":"wp","href":"https:\/\/api.w.org\/{rel}","templated":true}]}}