{"id":276,"date":"2016-09-15T10:57:59","date_gmt":"2016-09-15T13:57:59","guid":{"rendered":"http:\/\/cuidarebr.com.br\/novosite\/?p=276"},"modified":"2016-09-15T10:57:59","modified_gmt":"2016-09-15T13:57:59","slug":"microfranquia-de-cuidadores-de-idosos-e-opcao-de-negocio-com-baixo-investimento-para-profissionais-da-saude","status":"publish","type":"post","link":"https:\/\/cuidarebr.com.br\/novosite\/microfranquia-de-cuidadores-de-idosos-e-opcao-de-negocio-com-baixo-investimento-para-profissionais-da-saude\/","title":{"rendered":"Microfranquia de cuidadores de idosos \u00e9 op\u00e7\u00e3o de neg\u00f3cio com baixo investimento para profissionais da sa\u00fade"},"content":{"rendered":"<div id=\"attachment_277\" style=\"width: 690px\" class=\"wp-caption alignnone\"><img loading=\"lazy\" decoding=\"async\" aria-describedby=\"caption-attachment-277\" class=\"wp-image-277 size-full\" src=\"http:\/\/cuidarebr.com.br\/novosite\/media\/2ab50684-4381-4cca-9105-cf7605fbd3b7.jpg\" alt=\"\" width=\"680\" height=\"453\" \/><p id=\"caption-attachment-277\" class=\"wp-caption-text\">&#8220;Estamos vivendo um cen\u00e1rio favor\u00e1vel para o setor, nosso p\u00fablico-alvo \u00e9 crescente: em 4 anos o n\u00famero de idosos aumentou 18,8% e de acordo com as pesquisas, at\u00e9 2050 &#8220;, explica Daniel Costa &#8211; gerente de expans\u00e3o.<\/p><\/div>\n<p>&nbsp;<\/p>\n<p>Em um pa\u00eds em que a popula\u00e7\u00e3o idosa aumenta a cada dia, investir em uma franquia de cuidadores de pessoas com foco na terceira idade pode ser uma boa op\u00e7\u00e3o de neg\u00f3cios, uma vez que a demanda por estes servi\u00e7os tamb\u00e9m \u00e9 crescente.<\/p>\n<p>\u201cO papel deste profissional \u00e9 fundamental na rotina dos assistidos. Ele auxilia nas atividades como, banho, alimenta\u00e7\u00e3o, passeios, locomo\u00e7\u00e3o, hidrata\u00e7\u00e3o, entre outras tarefas que o idoso n\u00e3o consegue fazer sozinho\u201d, explica a enfermeira J\u00e9ssica Ramalho \u2013 franqueada.<\/p>\n<p>Com quatro anos no mercado e tr\u00eas unidades em funcionamento nas cidades de Belo Horizonte (MG), Jo\u00e3o Pessoa (PB) e Natal (RN), a Cuidare- especializada em cuidadores de idosos- est\u00e1 oferecendo condi\u00e7\u00f5es especiais para os profissionais da sa\u00fade que desejam abrir uma microfranquia neste ramo.<\/p>\n<p>As vantagens v\u00e3o desde taxas abaixo da concorr\u00eancia \u00e0 isen\u00e7\u00e3o de royalties nos primeiros meses de opera\u00e7\u00e3o. O objetivo \u00e9 ajudar enfermeiros, t\u00e9cnicos de enfermagem, nutricionistas, fisioterapeutas, entre outros, a realizarem o sonho de empreender.<\/p>\n<p>Ao optar por uma franquia o investidor \/ operador n\u00e3o precisar passar por todas dificuldades iniciais de abrir uma empresa do zero. No sistema de franchising os riscos s\u00e3o menores, o franqueado recebe todo know-how e suporte necess\u00e1rios para obter \u00eaxito.<\/p>\n<p>\u201cTemos uma marca forte, testada e aprovada pelo consumidor e queremos levar a nossa receita de sucesso para todo territ\u00f3rio nacional\u201d, afirma Daniel Costa \u2013 gerente de expans\u00e3o.<\/p>\n<p>Dados do IBGE revelam mercado promissor em virtude ao crescimento do p\u00fablico-alvo: o Brasil tem 29,6 milh\u00f5es de pessoas acima de 60 anos, o que corresponde a mais 13,5% da nossa popula\u00e7\u00e3o.<br \/>\nEm quatro anos a quantidade de idosos aumentou 18,8% e de acordo com as pesquisas at\u00e9 2050, a terceira idade representar\u00e1 30% dos brasileiros.<\/p>\n<p>Insatisfeita com o sal\u00e1rio que ganhava na rede p\u00fablica de sa\u00fade, a enfermeira Nath\u00e1lia Dias do Carmo, juntou algumas economias e apostou em uma microfranquia Cuidare. Segundo ela o investimento j\u00e1 rendeu lucros.<\/p>\n<p>\u201d Estou feliz com minha franquia, conseguimos recuperar o valor investido j\u00e1 no sexto m\u00eas de opera\u00e7\u00e3o e apesar da crise, aumentamos o nossa receita em 20% no segundo trimestre, nossa meta agora \u00e9 ampliar nosso atendimento\u201d, afirma Nath\u00e1lia Dias do Carmo- franqueada.<\/p>\n<p>Fatores como a falta de tempo, a dificuldade de estar presente nos n\u00facleos familiares, situa\u00e7\u00f5es de p\u00f3s-parto, p\u00f3s-operat\u00f3rio, tamb\u00e9m abrem espa\u00e7o para a contrata\u00e7\u00e3o dos profissionais que prestam cuidados em domicilio, ampliando o faturamento das franquias de cuidadores.<\/p>\n<p>\u201d O suporte operacional e o apoio na gest\u00e3o e marketing que recebemos fazem a diferen\u00e7a e acredito que esses s\u00e3o itens que me ajudaram a ter sucesso em minha unidade. Mesmo sendo da \u00e1rea, talvez n\u00e3o conseguiria iniciar minha empresa do zero, sem este respaldo\u201d, afirma J\u00e9ssica Ramalho- franqueada.<\/p>\n<p>Para quem decide entrar neste mercado, a dica \u00e9 obter conhecimento e ter afinidade com o trabalho realizado.<br \/>\nNa Cuidare, os servi\u00e7os s\u00e3o supervisionados enfermeiros.<\/p>\n<p>\u201cOferecemos acompanhamento parcial (eventual) e\/ou integral (mensal), dia, noite e finais de semana. Incluindo atividades de lazer, como caminhadas e acompanhamento a eventos, e cuidados espec\u00edficos, como banho, curativos, reabilita\u00e7\u00e3o, entre outros\u201d, explica Daniel Costa \u2013 gerente de expans\u00e3o.<\/p>\n<p>Raio-X da Franquia<\/p>\n<p>Unidades pr\u00f3prias: 01<br \/>\nUnidades franqueadas: 02<\/p>\n<p>Taxa de franquia:<br \/>\nR$ 30.000,00 (acima de 500 mil habitantes)<br \/>\nR$ 25.000,00 (entre 100 e 500 mil habitantes)<br \/>\nR$ 20.000,00 (abaixo de 100 mil habitantes)<\/p>\n<p>Capital de Giro: isento<br \/>\nRoyalties: 1 sal\u00e1rio m\u00ednimo por m\u00eas ( isento por 4 meses iniciais)<br \/>\nFundo Nacional de Propaganda: isento<br \/>\nFaturamento mensal bruto: R$ 10 mil no primeiro ano e R$ 25 mil a partir do segundo ano<br \/>\nPrazo de retorno: de 6 a 12 meses<br \/>\nSuporte: cont\u00ednuo<br \/>\nTreinamentos: oferece<\/p>\n<p>Servi\u00e7o:<\/p>\n<p>Site:\u00a0<a href=\"http:\/\/www.cuidarebr.com.br\/\" target=\"_blank\" rel=\"noopener\">www.cuidarebr.com.br<\/a><\/p>\n<p><a href=\"mailto:expansao@cuidarebr.com.br\" target=\"_blank\" rel=\"noopener\">expansao@cuidarebr.com.br<\/a><\/p>\n<p>(11) 4095-5331 \u2013 fixo<\/p>\n<p>(11) 9 4971- 9773- Whatsapp<br \/>\nWebsite:\u00a0<a href=\"http:\/\/cuidarebr.com.br\/\">http:\/\/cuidarebr.com.br\/<\/a><\/p>\n","protected":false},"excerpt":{"rendered":"<p>&nbsp; Em um pa\u00eds em que a popula\u00e7\u00e3o idosa aumenta a cada dia, investir em uma franquia de cuidadores de pessoas com foco na terceira idade pode ser uma boa op\u00e7\u00e3o de neg\u00f3cios, uma vez que a demanda por estes servi\u00e7os tamb\u00e9m \u00e9 crescente. \u201cO papel deste profissional \u00e9 fundamental na rotina dos assistidos. Ele [&hellip;]<\/p>\n","protected":false},"author":2,"featured_media":93,"comment_status":"open","ping_status":"open","sticky":false,"template":"","format":"standard","meta":{"pagelayer_contact_templates":[],"_pagelayer_content":"","footnotes":""},"categories":[41],"tags":[],"class_list":["post-276","post","type-post","status-publish","format-standard","has-post-thumbnail","hentry","category-cuidare-na-midia"],"_links":{"self":[{"href":"https:\/\/cuidarebr.com.br\/novosite\/wp-json\/wp\/v2\/posts\/276","targetHints":{"allow":["GET"]}}],"collection":[{"href":"https:\/\/cuidarebr.com.br\/novosite\/wp-json\/wp\/v2\/posts"}],"about":[{"href":"https:\/\/cuidarebr.com.br\/novosite\/wp-json\/wp\/v2\/types\/post"}],"author":[{"embeddable":true,"href":"https:\/\/cuidarebr.com.br\/novosite\/wp-json\/wp\/v2\/users\/2"}],"replies":[{"embeddable":true,"href":"https:\/\/cuidarebr.com.br\/novosite\/wp-json\/wp\/v2\/comments?post=276"}],"version-history":[{"count":0,"href":"https:\/\/cuidarebr.com.br\/novosite\/wp-json\/wp\/v2\/posts\/276\/revisions"}],"wp:featuredmedia":[{"embeddable":true,"href":"https:\/\/cuidarebr.com.br\/novosite\/wp-json\/wp\/v2\/media\/93"}],"wp:attachment":[{"href":"https:\/\/cuidarebr.com.br\/novosite\/wp-json\/wp\/v2\/media?parent=276"}],"wp:term":[{"taxonomy":"category","embeddable":true,"href":"https:\/\/cuidarebr.com.br\/novosite\/wp-json\/wp\/v2\/categories?post=276"},{"taxonomy":"post_tag","embeddable":true,"href":"https:\/\/cuidarebr.com.br\/novosite\/wp-json\/wp\/v2\/tags?post=276"}],"curies":[{"name":"wp","href":"https:\/\/api.w.org\/{rel}","templated":true}]}}