{"id":288,"date":"2017-03-30T15:43:00","date_gmt":"2017-03-30T18:43:00","guid":{"rendered":"http:\/\/cuidarebr.com.br\/novosite\/?p=288"},"modified":"2017-03-30T15:43:00","modified_gmt":"2017-03-30T18:43:00","slug":"envelhecimento-do-brasileiro-aquece-o-segmento-cuidados-com-idosos-especialistas-indicam-franquias-como-opcao-segura-para-investir","status":"publish","type":"post","link":"https:\/\/cuidarebr.com.br\/novosite\/envelhecimento-do-brasileiro-aquece-o-segmento-cuidados-com-idosos-especialistas-indicam-franquias-como-opcao-segura-para-investir\/","title":{"rendered":"Envelhecimento do brasileiro aquece o segmento cuidados com idosos, especialistas indicam franquias como op\u00e7\u00e3o segura para investir"},"content":{"rendered":"<p>O envelhecimento da na\u00e7\u00e3o est\u00e1 causando impacto social, econ\u00f4mico e impulsionando novos neg\u00f3cios voltados a este p\u00fablico. Entre eles, o segmento &#8220;cuidados profissionais para com Idosos em casa&#8221; se destaca como op\u00e7\u00e3o lucrativa para se investir, nos pr\u00f3ximos anos.<\/p>\n<div id=\"attachment_289\" style=\"width: 1034px\" class=\"wp-caption alignnone\"><img loading=\"lazy\" decoding=\"async\" aria-describedby=\"caption-attachment-289\" class=\"size-full wp-image-289\" src=\"http:\/\/cuidarebr.com.br\/novosite\/media\/geriatria1.jpg\" alt=\"\" width=\"1024\" height=\"683\" \/><p id=\"caption-attachment-289\" class=\"wp-caption-text\">Foto: DINO<\/p><\/div>\n<p>&nbsp;<\/p>\n<p class=\"text\">De acordo com o IBGE (Instituto Brasileiro de Geografia e Estat\u00edstica), temos 29,6 milh\u00f5es de pessoas acima de 60 anos, o que corresponde a mais 14,3% da nossa popula\u00e7\u00e3o. Em quatro anos, a quantidade de idosos aumentou 18,8% e at\u00e9 2050, a terceira idade representar\u00e1 30% dos brasileiros.<\/p>\n<p class=\"text\">A Cuidare- Cuidadores de Pessoas est\u00e1 vivendo este fen\u00f4meno e, \u00e9 exemplo de que o mercado est\u00e1 em plena expans\u00e3o. Desde que iniciou no franchising, h\u00e1 dezoito meses, a marca ampliou de um para seis, o n\u00famero de unidades em opera\u00e7\u00e3o , a mais recente inaugurou no in\u00edcio de mar\u00e7o, em Macei\u00f3 (AL), outras cinco j\u00e1 foram comercializadas. A meta at\u00e9 o final de 2017 \u00e9 abrir de 25 novas unidades pelo pa\u00eds.<\/p>\n<p class=\"text\">Apesar de uma parcela significativa da terceira idade ser independente, gra\u00e7as \u00e0s melhorias na qualidade de vida, ocorridas nas \u00faltimas d\u00e9cadas, pessoas com seus 70, 80 anos precisam dos cuidados especiais e do aux\u00edlio oferecido pelos cuidadores profissionais.<br \/>\n&#8220;Esses servi\u00e7os fazem o dia a dia do idoso se tornar mais f\u00e1cil, mais agrad\u00e1vel e contribui para as boas condi\u00e7\u00f5es de sa\u00fade do corpo e mente&#8221;, explica Daniel Costa, diretor de expans\u00e3o.<\/p>\n<p class=\"text\">A oferta e a procura por cuidadores profissionais tamb\u00e9m t\u00eam crescido devido a outros dois fatores: a falta de tempo dos familiares em estar com seus ente queridos e ao sistema de franquias, que possibilita a padroniza\u00e7\u00e3o da qualidade dos servi\u00e7os prestados.<\/p>\n<p class=\"text\">&#8220;Nossos cuidadores s\u00e3o em sua maioria t\u00e9cnicos de enfermagem especializados em cuidados com idosos. Eles ajudam nas atividades di\u00e1rias como banho, alimenta\u00e7\u00e3o, passeio, locomo\u00e7\u00e3o e hidrata\u00e7\u00e3o. S\u00e3o tarefas que o idoso n\u00e3o consegue fazer sozinho&#8221;, explica a enfermeira J\u00e9ssica Ramalho &#8211; franqueada.<\/p>\n<p class=\"text\">Cuidar de idosos, al\u00e9m de ser uma profiss\u00e3o nobre e requisitada, oferece sal\u00e1rios convidativos, que chegam a mais de R$ 2 mil. J\u00e1 para quem decide abrir uma franquia, o investimento varia de R$ 20 mil \u00e0 R$ 30 mil Reais, custo considerado baixo para um neg\u00f3cio que chega a faturar R$ 70 mil por m\u00eas e prev\u00ea retorno a partir dos seis primeiros meses.<\/p>\n<div id=\"advCard3\" class=\"advertising impactAdv visible\"><\/div>\n<p class=\"text\">Para ser franqueado, a Cuidare n\u00e3o exige que os donos da unidade sejam formados na \u00e1rea da sa\u00fade, mas os funcion\u00e1rios devem ser no m\u00ednimo t\u00e9cnicos de enfermagem, um diferencial da marca que garante melhor qualidade e seguran\u00e7a.<\/p>\n<p class=\"text\">Raio-X Cuidare &#8211; Cuidadores de Pessoas<br \/>\nUnidades pr\u00f3prias: 01;<br \/>\nUnidades franqueadas: 05;<br \/>\nTaxa de franquia: R$ 20.000,00 ( promocional aos primeiros 15 franqueados);<br \/>\nCapital de Giro: R$ 1 mil por m\u00eas (nos primeiros 6 meses);<br \/>\nRoyalties: 1 sal\u00e1rio m\u00ednimo por m\u00eas ( isento por 3 meses iniciais);<br \/>\nFundo Nacional de Propaganda: isento ( no entanto a empresa recomenda um pequeno investimento em m\u00eddia local);<br \/>\nFaturamento mensal bruto: R$ 55 mil por m\u00eas (primeiro ano) e R$ 90 mil a R$ 110 mil, a partir do segundo ano;<br \/>\nPrazo de retorno: de 6 a 12 meses;<br \/>\nSuporte: cont\u00ednuo para todos setores;<br \/>\nTreinamentos: oferece.<\/p>\n<p>Fale com a Cuidare:<br \/>\nhttp:\/\/www.cuidarebr.com.br\/seja-um-franqueado\/<br \/>\nexpansao@cuidarebr.com.br<br \/>\n(11) 4095-5331 &#8211; fixo<br \/>\n(11) 9 4971- 9773- WhatsApp<br \/>\nDaniel Costa &#8211; diretor de expans\u00e3o<\/p>\n","protected":false},"excerpt":{"rendered":"<p>O envelhecimento da na\u00e7\u00e3o est\u00e1 causando impacto social, econ\u00f4mico e impulsionando novos neg\u00f3cios voltados a este p\u00fablico. Entre eles, o segmento &#8220;cuidados profissionais para com Idosos em casa&#8221; se destaca como op\u00e7\u00e3o lucrativa para se investir, nos pr\u00f3ximos anos. &nbsp; De acordo com o IBGE (Instituto Brasileiro de Geografia e Estat\u00edstica), temos 29,6 milh\u00f5es de [&hellip;]<\/p>\n","protected":false},"author":2,"featured_media":275,"comment_status":"open","ping_status":"open","sticky":false,"template":"","format":"standard","meta":{"pagelayer_contact_templates":[],"_pagelayer_content":"","footnotes":""},"categories":[41],"tags":[],"class_list":["post-288","post","type-post","status-publish","format-standard","has-post-thumbnail","hentry","category-cuidare-na-midia"],"_links":{"self":[{"href":"https:\/\/cuidarebr.com.br\/novosite\/wp-json\/wp\/v2\/posts\/288","targetHints":{"allow":["GET"]}}],"collection":[{"href":"https:\/\/cuidarebr.com.br\/novosite\/wp-json\/wp\/v2\/posts"}],"about":[{"href":"https:\/\/cuidarebr.com.br\/novosite\/wp-json\/wp\/v2\/types\/post"}],"author":[{"embeddable":true,"href":"https:\/\/cuidarebr.com.br\/novosite\/wp-json\/wp\/v2\/users\/2"}],"replies":[{"embeddable":true,"href":"https:\/\/cuidarebr.com.br\/novosite\/wp-json\/wp\/v2\/comments?post=288"}],"version-history":[{"count":0,"href":"https:\/\/cuidarebr.com.br\/novosite\/wp-json\/wp\/v2\/posts\/288\/revisions"}],"wp:featuredmedia":[{"embeddable":true,"href":"https:\/\/cuidarebr.com.br\/novosite\/wp-json\/wp\/v2\/media\/275"}],"wp:attachment":[{"href":"https:\/\/cuidarebr.com.br\/novosite\/wp-json\/wp\/v2\/media?parent=288"}],"wp:term":[{"taxonomy":"category","embeddable":true,"href":"https:\/\/cuidarebr.com.br\/novosite\/wp-json\/wp\/v2\/categories?post=288"},{"taxonomy":"post_tag","embeddable":true,"href":"https:\/\/cuidarebr.com.br\/novosite\/wp-json\/wp\/v2\/tags?post=288"}],"curies":[{"name":"wp","href":"https:\/\/api.w.org\/{rel}","templated":true}]}}