{"id":4384,"date":"2021-05-05T17:56:18","date_gmt":"2021-05-05T20:56:18","guid":{"rendered":"https:\/\/cuidarebr.com.br\/?p=4384"},"modified":"2021-05-05T17:56:18","modified_gmt":"2021-05-05T20:56:18","slug":"com-expansao-acelerada-cuidare-abre-nova-unidade-em-ribeirao-preto","status":"publish","type":"post","link":"https:\/\/cuidarebr.com.br\/novosite\/com-expansao-acelerada-cuidare-abre-nova-unidade-em-ribeirao-preto\/","title":{"rendered":"Com expans\u00e3o acelerada, Cuidare abre nova unidade em Ribeir\u00e3o Preto."},"content":{"rendered":"<p>A\u00a0<a href=\"https:\/\/guiafranquiasdesucesso.com\/franquias\/cuidare\/\">Cuidare<\/a>, uma das maiores redes de cuidadores do pa\u00eds, expandiu suas unidades para uma nova regi\u00e3o no interior de S\u00e3o Paulo, em Ribeir\u00e3o Preto.<\/p>\n<p>Esse crescimento \u00e9 um dos reflexos do bom desempenho da rede nos \u00faltimos meses, em que se fez ainda mais necess\u00e1rio para as fam\u00edlias contar com profissionais qualificados, que pudessem cuidar dos idosos e pessoas doentes durante a pandemia.<\/p>\n<p>Essa nova franquia est\u00e1 aos cuidados da investidora D\u00e9bora Mazoroski, que \u00e9 uma fisioterapeuta que enxergou um alto potencial no neg\u00f3cio, principalmente durante a pandemia. Isso porque, por conta do coronav\u00edrus, fez ainda mais necess\u00e1rio o cuidado de profissionais para atender idosos e pessoas incapacitadas em suas casas e seguindo todos os protocolos de seguran\u00e7a.<\/p>\n<p>Al\u00e9m disso, durante o dia a dia de trabalho em sua profiss\u00e3o na \u00e1rea geri\u00e1trica, a fisioterapeuta p\u00f4de ver de perto a necessidade de profissionais qualificados para cuidar dos pacientes, inclusive em conjunto com a fun\u00e7\u00e3o que ela exercia.<\/p>\n<p>\u201cO trabalho do cuidador \u00e9 muito importante junto a minha profiss\u00e3o, pois quando vou embora da resid\u00eancia do assistido, ele fica sem est\u00edmulo e s\u00f3 retorna \u00e0s atividades no pr\u00f3ximo dia da fisioterapia. Com o cuidador, tenho a certeza de que continuar\u00e1 ativo, algo muito importante para a continuidade do tratamento\u201d, conta D\u00e9bora.<\/p>\n<p>A nova investidora tamb\u00e9m ressalta que a equipe da franqueadora est\u00e1 sendo fundamental para dar assist\u00eancia necess\u00e1ria para o novo neg\u00f3cio<\/p>\n<p>Iniciante no empreendedorismo, D\u00e9bora escolheu minuciosamente o local de atua\u00e7\u00e3o da sua unidade. De acordo com ela, Ribeir\u00e3o Preto \u00e9 uma cidade grande, que possui um alto n\u00famero de idosos, portanto, ter\u00e1 alta demanda do servi\u00e7o de cuidadores de pessoas, al\u00e9m de not\u00e1veis escolas voltadas para a forma\u00e7\u00e3o t\u00e9cnica em enfermagem.<\/p>\n<h2><strong>Crescimento em ritmo acelerado<\/strong><\/h2>\n<p>&nbsp;<\/p>\n<p>Durante esse momento de combate ao coronav\u00edrus, em que o<a href=\"https:\/\/guiafranquiasdesucesso.com\/franquias\/beleza-e-saude\/\">\u00a0setor de sa\u00fade<\/a>\u00a0teve um aumento muito consider\u00e1vel, a franqueadora ajustou a sua cadeia de opera\u00e7\u00e3o e gest\u00e3o para que pudesse atender com seguran\u00e7a essa procura, que subiu 30% no \u00faltimo semestre.<\/p>\n<p>Com isso, certamente esse segmento foi um dos que mais se desenvolveu durante a pandemia.<\/p>\n<p>Atualmente a Cuidare j\u00e1 conta com mais de 80 unidades franqueadas em\u00a0<a href=\"https:\/\/guiafranquiasdesucesso.com\/noticias\/cuidare-brasil-expansao-sul\/\">20 estados brasileiros<\/a>, no Distrito Federal e em Portugal, al\u00e9m de opera\u00e7\u00f5es internacionais em fase de implanta\u00e7\u00e3o na Argentina e no Canad\u00e1.<\/p>\n<p>&nbsp;<\/p>\n<p>Fonte: <a href=\"https:\/\/guiafranquiasdesucesso.com\/noticias\/cuidare-unidade-ribeirao-preto\/\">Guia Franquias de Sucesso<\/a><\/p>\n","protected":false},"excerpt":{"rendered":"<p>A\u00a0Cuidare, uma das maiores redes de cuidadores do pa\u00eds, expandiu suas unidades para uma nova regi\u00e3o no interior de S\u00e3o Paulo, em Ribeir\u00e3o Preto. Esse crescimento \u00e9 um dos reflexos do bom desempenho da rede nos \u00faltimos meses, em que se fez ainda mais necess\u00e1rio para as fam\u00edlias contar com profissionais qualificados, que pudessem cuidar [&hellip;]<\/p>\n","protected":false},"author":3,"featured_media":4423,"comment_status":"open","ping_status":"open","sticky":false,"template":"","format":"standard","meta":{"pagelayer_contact_templates":[],"_pagelayer_content":"","footnotes":""},"categories":[41],"tags":[],"class_list":["post-4384","post","type-post","status-publish","format-standard","has-post-thumbnail","hentry","category-cuidare-na-midia"],"_links":{"self":[{"href":"https:\/\/cuidarebr.com.br\/novosite\/wp-json\/wp\/v2\/posts\/4384","targetHints":{"allow":["GET"]}}],"collection":[{"href":"https:\/\/cuidarebr.com.br\/novosite\/wp-json\/wp\/v2\/posts"}],"about":[{"href":"https:\/\/cuidarebr.com.br\/novosite\/wp-json\/wp\/v2\/types\/post"}],"author":[{"embeddable":true,"href":"https:\/\/cuidarebr.com.br\/novosite\/wp-json\/wp\/v2\/users\/3"}],"replies":[{"embeddable":true,"href":"https:\/\/cuidarebr.com.br\/novosite\/wp-json\/wp\/v2\/comments?post=4384"}],"version-history":[{"count":0,"href":"https:\/\/cuidarebr.com.br\/novosite\/wp-json\/wp\/v2\/posts\/4384\/revisions"}],"wp:featuredmedia":[{"embeddable":true,"href":"https:\/\/cuidarebr.com.br\/novosite\/wp-json\/wp\/v2\/media\/4423"}],"wp:attachment":[{"href":"https:\/\/cuidarebr.com.br\/novosite\/wp-json\/wp\/v2\/media?parent=4384"}],"wp:term":[{"taxonomy":"category","embeddable":true,"href":"https:\/\/cuidarebr.com.br\/novosite\/wp-json\/wp\/v2\/categories?post=4384"},{"taxonomy":"post_tag","embeddable":true,"href":"https:\/\/cuidarebr.com.br\/novosite\/wp-json\/wp\/v2\/tags?post=4384"}],"curies":[{"name":"wp","href":"https:\/\/api.w.org\/{rel}","templated":true}]}}