{"id":4402,"date":"2021-05-18T16:22:43","date_gmt":"2021-05-18T19:22:43","guid":{"rendered":"https:\/\/cuidarebr.com.br\/?p=4402"},"modified":"2021-05-18T16:22:43","modified_gmt":"2021-05-18T19:22:43","slug":"r7-cartao-de-visita-maes-revelam-os-desafios-de-conciliar-negocios-e-filhos","status":"publish","type":"post","link":"https:\/\/cuidarebr.com.br\/novosite\/r7-cartao-de-visita-maes-revelam-os-desafios-de-conciliar-negocios-e-filhos\/","title":{"rendered":"[R7 &#8211; Cart\u00e3o de Visita] M\u00e3es revelam os desafios de conciliar neg\u00f3cios e filhos."},"content":{"rendered":"<p>O empreendedorismo e a maternidade possuem pontos em comum. Envolvem gera\u00e7\u00e3o e crescimento. Exigem cuidados, em especial, nos primeiros anos, dedica\u00e7\u00e3o e investimento de tempo e de dinheiro. Viver as duas experi\u00eancias simultaneamente \u00e9 um desafio e tanto, mas tem demonstrado dois atributos maternos importantes tamb\u00e9m nos neg\u00f3cios: a capacidade de cuidar e de se adaptar rapidamente a situa\u00e7\u00f5es de crise.<\/p>\n<p>De acordo com dados do Sebrae, 74% das empreendedoras brasileiras s\u00e3o m\u00e3es e, segundo a Rede Mulher Empreendedora (RME), 68% come\u00e7aram a empreender depois de ter filho. Muitas optaram por esse caminho como forma de ter mais tempo com a fam\u00edlia.<\/p>\n<p><strong>Conhe\u00e7a as m\u00e3es empreendedoras que possuem a marca da supera\u00e7\u00e3o em suas trajet\u00f3rias:<\/strong><\/p>\n<p><img decoding=\"async\" src=\"https:\/\/www.cartaodevisita.com.br\/upload\/upload_img\/2%20-%20Izabelly%20Miranda%20-%20Fundadora%20e%20Diretora%20T%C3%A9cnica%20da%20Cuidare.jpg\" \/><\/p>\n<p>Ap\u00f3s se formar em enfermagem, a potiguar\u00a0Izabelly\u00a0Miranda, de 31 anos, decidiu empreender criando com o marido, Etevaldo Miranda, a\u00a0Cuidare\u00a0em 2016, em Natal, projeto que come\u00e7ou ainda na faculdade a partir da car\u00eancia percebida de servi\u00e7os de cuidadores qualificados e de forma humanizada. A empresa cresceu rapidamente e, ap\u00f3s dois anos liderando o mercado local,\u00a0Izabelly\u00a0decidiu formatar a franquia da marca e dar oportunidade para outras empreendedoras.\u00a0Atualmente, as mulheres correspondem a 80% dos postos de lideran\u00e7a da rede. A marca se transformou numa das maiores redes de cuidadores do pa\u00eds, presente em 20 estados e no Distrito Federal, no Brasil, e em Lisboa, Portugal, com mais de 80 unidades, e opera\u00e7\u00f5es em curso no Canad\u00e1 e na Argentina.\u00a0Atualmente, as mulheres correspondem a mais de 70% dos postos de lideran\u00e7a da rede, a maioria formada por m\u00e3es.\u00a0Com a pandemia do novo coronav\u00edrus e as regras de isolamento social, a procura pelos servi\u00e7os da rede aumentou em 30%.<\/p>\n<p>M\u00e3e de uma menina de 5 anos e um menino de 2 anos, ela relata que conciliar a maternidade com o dia a dia do neg\u00f3cio exige muita dedica\u00e7\u00e3o e tempo, mas empreender possibilita um planejamento maior do seu tempo. \u201c\u00c9 um desafio, mas consigo me dedicar muito mais aos meus filhos, pois fa\u00e7o os meus hor\u00e1rios e consigo flexibilizar muito mais. N\u00e3o tenho d\u00favidas que trabalho muito mais, pois preciso dar conta de todas as demandas, por\u00e9m consigo ser presente em todos os momentos da vida dos meus filhos e tenho certeza que isso \u00e9 a maior satisfa\u00e7\u00e3o do meu trabalho. Sou realizada profissionalmente e na maternidade\u201d.<\/p>\n<p>Site:\u00a0<a href=\"http:\/\/www.cuidarebr.com.br\/\" rel=\"external noopener noreferrer\" data-saferedirecturl=\"https:\/\/www.google.com\/url?q=http:\/\/www.cuidarebr.com.br&amp;source=gmail&amp;ust=1620839066688000&amp;usg=AFQjCNEnVpxWO-77LL98NcQ1uFIV0wwJsg\" data-wpel-link=\"external\">www.cuidarebr.com.br<\/a><\/p>\n<p>Fonte: <a href=\"https:\/\/www.cartaodevisita.com.br\/conteudo\/34934\/maes-revelam-os-desafios-de-conciliar-negocios-e-filhos\">Cart\u00e3o de Visita<\/a><\/p>\n","protected":false},"excerpt":{"rendered":"<p>O empreendedorismo e a maternidade possuem pontos em comum. Envolvem gera\u00e7\u00e3o e crescimento. Exigem cuidados, em especial, nos primeiros anos, dedica\u00e7\u00e3o e investimento de tempo e de dinheiro. Viver as duas experi\u00eancias simultaneamente \u00e9 um desafio e tanto, mas tem demonstrado dois atributos maternos importantes tamb\u00e9m nos neg\u00f3cios: a capacidade de cuidar e de se [&hellip;]<\/p>\n","protected":false},"author":3,"featured_media":4422,"comment_status":"open","ping_status":"open","sticky":false,"template":"","format":"standard","meta":{"pagelayer_contact_templates":[],"_pagelayer_content":"","footnotes":""},"categories":[41],"tags":[],"class_list":["post-4402","post","type-post","status-publish","format-standard","has-post-thumbnail","hentry","category-cuidare-na-midia"],"_links":{"self":[{"href":"https:\/\/cuidarebr.com.br\/novosite\/wp-json\/wp\/v2\/posts\/4402","targetHints":{"allow":["GET"]}}],"collection":[{"href":"https:\/\/cuidarebr.com.br\/novosite\/wp-json\/wp\/v2\/posts"}],"about":[{"href":"https:\/\/cuidarebr.com.br\/novosite\/wp-json\/wp\/v2\/types\/post"}],"author":[{"embeddable":true,"href":"https:\/\/cuidarebr.com.br\/novosite\/wp-json\/wp\/v2\/users\/3"}],"replies":[{"embeddable":true,"href":"https:\/\/cuidarebr.com.br\/novosite\/wp-json\/wp\/v2\/comments?post=4402"}],"version-history":[{"count":0,"href":"https:\/\/cuidarebr.com.br\/novosite\/wp-json\/wp\/v2\/posts\/4402\/revisions"}],"wp:featuredmedia":[{"embeddable":true,"href":"https:\/\/cuidarebr.com.br\/novosite\/wp-json\/wp\/v2\/media\/4422"}],"wp:attachment":[{"href":"https:\/\/cuidarebr.com.br\/novosite\/wp-json\/wp\/v2\/media?parent=4402"}],"wp:term":[{"taxonomy":"category","embeddable":true,"href":"https:\/\/cuidarebr.com.br\/novosite\/wp-json\/wp\/v2\/categories?post=4402"},{"taxonomy":"post_tag","embeddable":true,"href":"https:\/\/cuidarebr.com.br\/novosite\/wp-json\/wp\/v2\/tags?post=4402"}],"curies":[{"name":"wp","href":"https:\/\/api.w.org\/{rel}","templated":true}]}}