{"id":4416,"date":"2021-05-31T16:51:17","date_gmt":"2021-05-31T19:51:17","guid":{"rendered":"https:\/\/cuidarebr.com.br\/?p=4416"},"modified":"2021-05-31T16:51:17","modified_gmt":"2021-05-31T19:51:17","slug":"acre-news-jovem-medico-acreano-compra-franquia-internacional-especializada-em-cuidar-de-idosos","status":"publish","type":"post","link":"https:\/\/cuidarebr.com.br\/novosite\/acre-news-jovem-medico-acreano-compra-franquia-internacional-especializada-em-cuidar-de-idosos\/","title":{"rendered":"[Acre News] Jovem m\u00e9dico acreano compra franquia internacional especializada em cuidar de idosos."},"content":{"rendered":"<p>Um jovem e a realiza\u00e7\u00e3o de dois sonhos, tudo isso em menos de 29 anos! Assim pode ser \u201cligeiramente\u201d definido o sucesso de vida de Pablo Ruan de Macedo Monteiro, de 28 anos, que vem ganhando destaque na sociedade acreana pela profiss\u00e3o que escolheu e agora pela ousadia em empreender num neg\u00f3cio moderno, vanguardeiro voltado ao cuidado da fam\u00edlia. O Acre News bateu um papo com o profissional e empres\u00e1rio sobre a franquia Cuidare, dos servi\u00e7os inovadores, que comentou ainda da vis\u00e3o empreendedora e do mercado local em crescimento mesmo em \u00e9poca de pandemia do novo Coronav\u00edrus.<\/p>\n<div class=\"wp-block-image\">\n<figure class=\"alignright size-large\"><img loading=\"lazy\" decoding=\"async\" class=\"wp-image-4894\" src=\"https:\/\/acrenews.com.br\/wp-content\/uploads\/2021\/05\/Pablo-e-mae-1024x576.jpg\" sizes=\"auto, (max-width: 1024px) 100vw, 1024px\" srcset=\"https:\/\/acrenews.com.br\/wp-content\/uploads\/2021\/05\/Pablo-e-mae-1024x576.jpg 1024w, https:\/\/acrenews.com.br\/wp-content\/uploads\/2021\/05\/Pablo-e-mae-300x169.jpg 300w, https:\/\/acrenews.com.br\/wp-content\/uploads\/2021\/05\/Pablo-e-mae-768x432.jpg 768w, https:\/\/acrenews.com.br\/wp-content\/uploads\/2021\/05\/Pablo-e-mae.jpg 1280w\" alt=\"\" width=\"1024\" height=\"576\" \/><figcaption>Pablo ao lado de sua m\u00e3e, e s\u00f3cia nos neg\u00f3cios, dona Adriana Macedo<\/figcaption><\/figure>\n<\/div>\n<p><strong>Leia na \u00edntegra:<\/strong><\/p>\n<p><strong>Acre News:\u00a0<\/strong>Pablo, conte-nos sobre a carreira de m\u00e9dico. Foi voca\u00e7\u00e3o ou apenas um desses \u2018deslizes\u2019 que a vida proporciona?<\/p>\n<p><strong>Pablo Monteiro:<\/strong>\u00a0A Medicina foi um sonho desde crian\u00e7a. Formei na Universidade Federal do Acre (UFAC) na turma de 2014 e terminei em 2019. Logo em seguida, fui embora pra S\u00e3o Paulo, a fim de buscar mais conhecimento e come\u00e7ar a trabalhar. Atualmente sou residente de Cirurgia Geral, pelo Hospital das Cl\u00ednicas do Acre.<\/p>\n<p><strong>Acre News:<\/strong>\u00a0Seis anos de estudo num curso bastante exigente, e como surgiu essa vontade de empreender? S\u00f3 a carreira de m\u00e9dico n\u00e3o seria suficiente?<\/p>\n<p><strong>Pablo Monteiro:<\/strong>\u00a0Sempre tive vontade de empreender, ir al\u00e9m do trabalho que exer\u00e7o como m\u00e9dico. Depois de formado pensei que seria ideal juntar as duas coisas, a vontade de empreender junto \u00e0 sa\u00fade, que \u00e9 minha \u00e1rea de atua\u00e7\u00e3o. Vi que o Acre n\u00e3o tinha uma empresa especializada, organizada e estruturada para realizar cuidado no domic\u00edlio com excel\u00eancia, ent\u00e3o decidi trazer a rede Cuidare pra nossa capital. Conversei com minha m\u00e3e e ela topou ser minha s\u00f3cia. Estamos muito felizes em trazer pra c\u00e1 a primeira franquia de cuidadores de pessoas, somos os pioneiros.<\/p>\n<p><strong>Acre News:<\/strong>\u00a0Como funciona, basicamente, o empreendimento?<\/p>\n<p><strong>Pablo Monteiro:\u00a0<\/strong>A Cuidare Acre tem como prop\u00f3sito a gest\u00e3o de pessoas e cuidados de forma humanizada e com conhecimentos t\u00e9cnicos espec\u00edficos na disciplina de cuidados assistenciais. A franqueadora \u00e9 uma refer\u00eancia neste tipo de atendimento e tem como diferencial um amplo estudo de mercado que oferece sempre solu\u00e7\u00f5es assertivas para manter um servi\u00e7o de excel\u00eancia, bem como o constante aperfei\u00e7oamento de seus colaboradores.<\/p>\n<p>Lembrando que a Cuidare n\u00e3o cuida apenas de idosos. Nosso foco \u00e9 voltado para esse p\u00fablico porque, em geral, \u00e9 o que mais demanda cuidado domiciliar. Por\u00e9m, atendemos crian\u00e7as que necessitem de cuidado, atendemos p\u00f3s-operat\u00f3rio, p\u00f3s-parto. Enfim, cuidamos de pessoas, n\u00e3o importa o cuidado necess\u00e1rio. O que queremos \u00e9 fazer a diferen\u00e7a, trazer um servi\u00e7o de cuidados excelente, com responsabilidade e carinho. Nosso lema \u00e9 \u201cquem ama cuida\u201d.<\/p>\n<p><strong>Acre News:<\/strong>\u00a0Claro que antes de investir nesse tipo de empreendimento voc\u00ea analisou, pesquisou, consultou, mas o Estado tem realmente um campo prop\u00edcio para este mercado?<\/p>\n<p><strong>Pablo Monteiro:\u00a0<\/strong>Sem d\u00favidas, o estado tem muito mercado pra isso. A popula\u00e7\u00e3o brasileira em geral tem envelhecido gra\u00e7as a maior longevidade no pa\u00eds. Por exemplo, a profiss\u00e3o de cuidador de idosos \u00e9 a que mais cresce no Brasil. O Minist\u00e9rio do Trabalho publicou dados que de 2007 para c\u00e1, o n\u00famero de profissionais chegou a 34 mil.<\/p>\n<p><strong>Acre News:<\/strong>\u00a0E a Pandemia, a crise financeira, n\u00e3o deixou voc\u00ea com medo\/receio em investir?<\/p>\n<p><strong>Pablo Monteiro:\u00a0<\/strong>Na verdade, a pandemia me deixou com um \u2018p\u00e9 na frente\u2019 em aderir ao neg\u00f3cio. Esse momento que o mundo enfrenta demanda ainda mais cuidado no domic\u00edlio, seja ele ap\u00f3s-infec\u00e7\u00e3o por Covid-19 ou porque a fam\u00edlia preferiu se afastar do idoso para proteg\u00ea-lo de uma poss\u00edvel infec\u00e7\u00e3o pelo novo coronav\u00edrus.<\/p>\n<p><strong>Acre News:<\/strong>\u00a0Como funciona o Cuidare-Acre? Existe algum plano, os valores s\u00e3o tabelados?<\/p>\n<p><strong>Pablo Monteiro:\u00a0<\/strong>Os valores divergem! \u00c9 preciso levantar um or\u00e7amento conforme a necessidade do cliente. Lembrando que n\u00e3o necessariamente o cliente precisa fechar um contrato, ele pode precisar apenas de plant\u00f5es avulsos, por determinados dias. Trabalhamos com esses plant\u00f5es tamb\u00e9m.<\/p>\n<p><strong>Acre News:<\/strong>\u00a0Caso algu\u00e9m procure os servi\u00e7os, qual o procedimento?<\/p>\n<p><strong>Pablo Monteiro:\u00a0<\/strong>Devido \u00e0 pandemia, n\u00f3s estamos optando pelo modelo Coworking. Encontramos o cliente no escrit\u00f3rio na Avenida Cear\u00e1, na Casa Urbana, em frente a Park Academia. Isso se o cliente preferir nos visitar, caso contr\u00e1rio acertamos visitas diretamente no domic\u00edlio, assim facilita para o cliente. A franquia est\u00e1 aguardando a vacina\u00e7\u00e3o e a queda da pandemia para inaugurar um espa\u00e7o para receber nossos clientes diariamente.<\/p>\n<p><strong>Acre News:<\/strong>\u00a0Para finalizar, de acordo com a plataforma Cuidare, a empresa j\u00e1 ultrapassou 80 unidades em 20 estados brasileiros, no Distrito Federal e em Portugal, al\u00e9m de opera\u00e7\u00f5es em fase de implanta\u00e7\u00e3o na Argentina e no Canad\u00e1. Pablo, obrigado pela entrevista, desejamos sucesso na jornada!<\/p>\n<p><strong>Pablo Monteiro:\u00a0<\/strong>N\u00f3s agradecemos o espa\u00e7o e aguardamos os clientes que queiram conhecer os nossos servi\u00e7os e produtos. Sa\u00fade!<\/p>\n<p>Fonte: <a href=\"https:\/\/acrenews.com.br\/acre\/jovem-medico-acreano-compra-franquia-internacional-especializada-em-cuidar-de-idosos-pablo-ao-lado-de-sua-mae-e-socia-nos-negocios-dona-adriana-macedo\/\">Acre News<\/a><\/p>\n","protected":false},"excerpt":{"rendered":"<p>Um jovem e a realiza\u00e7\u00e3o de dois sonhos, tudo isso em menos de 29 anos! Assim pode ser \u201cligeiramente\u201d definido o sucesso de vida de Pablo Ruan de Macedo Monteiro, de 28 anos, que vem ganhando destaque na sociedade acreana pela profiss\u00e3o que escolheu e agora pela ousadia em empreender num neg\u00f3cio moderno, vanguardeiro voltado [&hellip;]<\/p>\n","protected":false},"author":3,"featured_media":4421,"comment_status":"open","ping_status":"open","sticky":false,"template":"","format":"standard","meta":{"pagelayer_contact_templates":[],"_pagelayer_content":"","footnotes":""},"categories":[41],"tags":[],"class_list":["post-4416","post","type-post","status-publish","format-standard","has-post-thumbnail","hentry","category-cuidare-na-midia"],"_links":{"self":[{"href":"https:\/\/cuidarebr.com.br\/novosite\/wp-json\/wp\/v2\/posts\/4416","targetHints":{"allow":["GET"]}}],"collection":[{"href":"https:\/\/cuidarebr.com.br\/novosite\/wp-json\/wp\/v2\/posts"}],"about":[{"href":"https:\/\/cuidarebr.com.br\/novosite\/wp-json\/wp\/v2\/types\/post"}],"author":[{"embeddable":true,"href":"https:\/\/cuidarebr.com.br\/novosite\/wp-json\/wp\/v2\/users\/3"}],"replies":[{"embeddable":true,"href":"https:\/\/cuidarebr.com.br\/novosite\/wp-json\/wp\/v2\/comments?post=4416"}],"version-history":[{"count":0,"href":"https:\/\/cuidarebr.com.br\/novosite\/wp-json\/wp\/v2\/posts\/4416\/revisions"}],"wp:featuredmedia":[{"embeddable":true,"href":"https:\/\/cuidarebr.com.br\/novosite\/wp-json\/wp\/v2\/media\/4421"}],"wp:attachment":[{"href":"https:\/\/cuidarebr.com.br\/novosite\/wp-json\/wp\/v2\/media?parent=4416"}],"wp:term":[{"taxonomy":"category","embeddable":true,"href":"https:\/\/cuidarebr.com.br\/novosite\/wp-json\/wp\/v2\/categories?post=4416"},{"taxonomy":"post_tag","embeddable":true,"href":"https:\/\/cuidarebr.com.br\/novosite\/wp-json\/wp\/v2\/tags?post=4416"}],"curies":[{"name":"wp","href":"https:\/\/api.w.org\/{rel}","templated":true}]}}