{"id":4444,"date":"2021-06-23T15:09:30","date_gmt":"2021-06-23T18:09:30","guid":{"rendered":"https:\/\/cuidarebr.com.br\/?p=4444"},"modified":"2021-06-23T15:09:30","modified_gmt":"2021-06-23T18:09:30","slug":"diario-tv-2a-edicao-empresas-especializadas-em-home-care-relatam-dificuldades-para-encontrar-profissionais","status":"publish","type":"post","link":"https:\/\/cuidarebr.com.br\/novosite\/diario-tv-2a-edicao-empresas-especializadas-em-home-care-relatam-dificuldades-para-encontrar-profissionais\/","title":{"rendered":"[Di\u00e1rio TV 2\u00aa Edi\u00e7\u00e3o] Empresas especializadas em &#8216;home care&#8217; relatam dificuldades para encontrar profissionais."},"content":{"rendered":"<div class=\"video-stage video-stage--extended\">\n<div class=\"video-stage__container\">\n<div class=\"video-stage__stage-wrapper\">\n<div class=\"video-stage__video-info-area-wrapper\">\n<div class=\"wrapper-video-info\">\n<div class=\"info-area\">\n<div class=\"playkit-video-info__container_info playkit-video-stage__area-video-info-container\">\n<section class=\"playkit-video-info\">\n<p class=\"playkit-video-info__ep-description\">Por conta da pandemia, aumentou o n\u00famero de pessoas que precisam de um aux\u00edlio em casa para cuidar da sa\u00fade. No entanto, setor enfrenta d\u00e9ficit de profissionais especializados.<\/p>\n<\/section>\n<\/div>\n<div class=\"info-social\">\n<div class=\"social-info-area\">\n<div><\/div>\n<\/div>\n<\/div>\n<\/div>\n<\/div>\n<\/div>\n<\/div>\n<\/div>\n<\/div>\n<div class=\"offer-unit\">\n<div class=\"grid\">\n<p><iframe loading=\"lazy\" title=\"Empresas especializadas em &#039;home care&#039; relatam dificuldades para encontrar profissionais.\" width=\"1080\" height=\"608\" src=\"https:\/\/www.youtube.com\/embed\/7lDpymLwijs?feature=oembed\" frameborder=\"0\" allow=\"accelerometer; autoplay; clipboard-write; encrypted-media; gyroscope; picture-in-picture; web-share\" referrerpolicy=\"strict-origin-when-cross-origin\" allowfullscreen><\/iframe><\/p>\n<\/div>\n<\/div>\n","protected":false},"excerpt":{"rendered":"<p>Por conta da pandemia, aumentou o n\u00famero de pessoas que precisam de um aux\u00edlio em casa para cuidar da sa\u00fade. No entanto, setor enfrenta d\u00e9ficit de profissionais especializados.<\/p>\n","protected":false},"author":3,"featured_media":5025,"comment_status":"open","ping_status":"open","sticky":false,"template":"","format":"standard","meta":{"pagelayer_contact_templates":[],"_pagelayer_content":"","footnotes":""},"categories":[41],"tags":[],"class_list":["post-4444","post","type-post","status-publish","format-standard","has-post-thumbnail","hentry","category-cuidare-na-midia"],"_links":{"self":[{"href":"https:\/\/cuidarebr.com.br\/novosite\/wp-json\/wp\/v2\/posts\/4444","targetHints":{"allow":["GET"]}}],"collection":[{"href":"https:\/\/cuidarebr.com.br\/novosite\/wp-json\/wp\/v2\/posts"}],"about":[{"href":"https:\/\/cuidarebr.com.br\/novosite\/wp-json\/wp\/v2\/types\/post"}],"author":[{"embeddable":true,"href":"https:\/\/cuidarebr.com.br\/novosite\/wp-json\/wp\/v2\/users\/3"}],"replies":[{"embeddable":true,"href":"https:\/\/cuidarebr.com.br\/novosite\/wp-json\/wp\/v2\/comments?post=4444"}],"version-history":[{"count":0,"href":"https:\/\/cuidarebr.com.br\/novosite\/wp-json\/wp\/v2\/posts\/4444\/revisions"}],"wp:featuredmedia":[{"embeddable":true,"href":"https:\/\/cuidarebr.com.br\/novosite\/wp-json\/wp\/v2\/media\/5025"}],"wp:attachment":[{"href":"https:\/\/cuidarebr.com.br\/novosite\/wp-json\/wp\/v2\/media?parent=4444"}],"wp:term":[{"taxonomy":"category","embeddable":true,"href":"https:\/\/cuidarebr.com.br\/novosite\/wp-json\/wp\/v2\/categories?post=4444"},{"taxonomy":"post_tag","embeddable":true,"href":"https:\/\/cuidarebr.com.br\/novosite\/wp-json\/wp\/v2\/tags?post=4444"}],"curies":[{"name":"wp","href":"https:\/\/api.w.org\/{rel}","templated":true}]}}