{"id":4489,"date":"2021-09-24T16:15:49","date_gmt":"2021-09-24T19:15:49","guid":{"rendered":"https:\/\/cuidarebr.com.br\/?p=4489"},"modified":"2021-09-24T16:15:49","modified_gmt":"2021-09-24T19:15:49","slug":"franquias-para-migrantes-mudei-de-cidade-para-abrir-meu-proprio-negocio","status":"publish","type":"post","link":"https:\/\/cuidarebr.com.br\/novosite\/franquias-para-migrantes-mudei-de-cidade-para-abrir-meu-proprio-negocio\/","title":{"rendered":"[Portal do Franchising] Franquias para migrantes: mudei de cidade para abrir meu pr\u00f3prio neg\u00f3cio."},"content":{"rendered":"<p>J\u00e1 pensou em mudar de cidade para abrir um novo neg\u00f3cio?<\/p>\n<p>Acredite, essa pode ser uma grande oportunidade para a sua vida!<\/p>\n<p>H\u00e1 muitas franquias para migrantes, principalmente por causa de um fen\u00f4meno chamado interioriza\u00e7\u00e3o de franquias.<\/p>\n<p>Antes, muitas redes de franquias se concentravam no eixo Rio-S\u00e3o Paulo.<\/p>\n<p>Hoje, as franquias est\u00e3o se espalhando pelo Brasil e abrindo as portas em muitas cidades diferentes.<\/p>\n<p>Isso significa que pode n\u00e3o ter uma oportunidade para o neg\u00f3cio que voc\u00ea deseja abrir na regi\u00e3o em que vive, mas voc\u00ea pode migrar para outra cidade e ter um neg\u00f3cio de sucesso!<\/p>\n<p>Isso pode ter v\u00e1rios aspectos positivos, pois muitas vezes as franqueadoras j\u00e1 t\u00eam pontos estrat\u00e9gicos mapeados para instalar uma nova unidade.<\/p>\n<p>Al\u00e9m disso, uma marca forte de uma franquia pode te ajudar a conquistar clientes em uma nova cidade!<\/p>\n<p>O lado ruim \u00e9 que muitas vezes \u00e9 preciso ir para longe de amigos e fam\u00edlia, algo que tamb\u00e9m deve ser colocado na balan\u00e7a.<\/p>\n<p>Antes de fazer a mudan\u00e7a, \u00e9 preciso estudar com cautela se realmente vale a pena mudar de cidade para come\u00e7ar um novo neg\u00f3cio.<\/p>\n<p>Perguntamos como foi o processo de mudan\u00e7a, quais as vantagens, desvantagens e as dicas para quem pensa em fazer o mesmo.<\/p>\n<h4>Nivaldo Silva Silveira mudou de S\u00e3o Paulo (SP) para Sorocaba (SP) e \u00e9 franqueado Cuidare<\/h4>\n<blockquote><p><em>\u201cEm 2020 trabalhava em uma home care, na cidade de Cotia (SP).<\/em><\/p>\n<p>&nbsp;<\/p>\n<p><em>A partir de pesquisas sobre cidades e sobre o setor, cheguei \u00e0 conclus\u00e3o de que abrir uma Cuidare em Sorocaba daria um bom casamento. Foi a\u00ed que entrei em contato com os franqueadores, os mesmos me atenderam com todo amor e carinho, e eu iniciei o processo de abertura da franquia em Sorocaba.<\/em><\/p>\n<p>&nbsp;<\/p>\n<p><em>A mudan\u00e7a ocorreu entre os meses de junho e julho, e para mim foi maravilhoso. Entrei aqui quando ainda estava tudo na faixa vermelha, tudo fechado, n\u00e3o poderia funcionar o escrit\u00f3rio, estava bem dif\u00edcil no come\u00e7o. Mas a\u00ed comecei a fazer os panfletos e percebi que o nome da Cuidare por si s\u00f3 j\u00e1 falava muito.\u201d<\/em><\/p><\/blockquote>\n<p>&nbsp;<\/p>\n<p>Leia na integra: <a href=\"https:\/\/www.portaldofranchising.com.br\/franquias\/franquias-para-migrantes\/\">Portal do Franchising<\/a><\/p>\n","protected":false},"excerpt":{"rendered":"<p>J\u00e1 pensou em mudar de cidade para abrir um novo neg\u00f3cio? Acredite, essa pode ser uma grande oportunidade para a sua vida! H\u00e1 muitas franquias para migrantes, principalmente por causa de um fen\u00f4meno chamado interioriza\u00e7\u00e3o de franquias. Antes, muitas redes de franquias se concentravam no eixo Rio-S\u00e3o Paulo. Hoje, as franquias est\u00e3o se espalhando pelo [&hellip;]<\/p>\n","protected":false},"author":3,"featured_media":5024,"comment_status":"open","ping_status":"open","sticky":false,"template":"","format":"standard","meta":{"pagelayer_contact_templates":[],"_pagelayer_content":"","footnotes":""},"categories":[41],"tags":[],"class_list":["post-4489","post","type-post","status-publish","format-standard","has-post-thumbnail","hentry","category-cuidare-na-midia"],"_links":{"self":[{"href":"https:\/\/cuidarebr.com.br\/novosite\/wp-json\/wp\/v2\/posts\/4489","targetHints":{"allow":["GET"]}}],"collection":[{"href":"https:\/\/cuidarebr.com.br\/novosite\/wp-json\/wp\/v2\/posts"}],"about":[{"href":"https:\/\/cuidarebr.com.br\/novosite\/wp-json\/wp\/v2\/types\/post"}],"author":[{"embeddable":true,"href":"https:\/\/cuidarebr.com.br\/novosite\/wp-json\/wp\/v2\/users\/3"}],"replies":[{"embeddable":true,"href":"https:\/\/cuidarebr.com.br\/novosite\/wp-json\/wp\/v2\/comments?post=4489"}],"version-history":[{"count":0,"href":"https:\/\/cuidarebr.com.br\/novosite\/wp-json\/wp\/v2\/posts\/4489\/revisions"}],"wp:featuredmedia":[{"embeddable":true,"href":"https:\/\/cuidarebr.com.br\/novosite\/wp-json\/wp\/v2\/media\/5024"}],"wp:attachment":[{"href":"https:\/\/cuidarebr.com.br\/novosite\/wp-json\/wp\/v2\/media?parent=4489"}],"wp:term":[{"taxonomy":"category","embeddable":true,"href":"https:\/\/cuidarebr.com.br\/novosite\/wp-json\/wp\/v2\/categories?post=4489"},{"taxonomy":"post_tag","embeddable":true,"href":"https:\/\/cuidarebr.com.br\/novosite\/wp-json\/wp\/v2\/tags?post=4489"}],"curies":[{"name":"wp","href":"https:\/\/api.w.org\/{rel}","templated":true}]}}