{"id":4521,"date":"2021-10-22T11:57:29","date_gmt":"2021-10-22T14:57:29","guid":{"rendered":"https:\/\/cuidarebr.com.br\/?p=4521"},"modified":"2021-10-22T11:57:29","modified_gmt":"2021-10-22T14:57:29","slug":"portal-do-franchising-franquias-para-migrantes-mudei-de-cidade-para-abrir-meu-proprio-negocio","status":"publish","type":"post","link":"https:\/\/cuidarebr.com.br\/novosite\/portal-do-franchising-franquias-para-migrantes-mudei-de-cidade-para-abrir-meu-proprio-negocio\/","title":{"rendered":"[PORTAL DO FRANCHISING] Franquias para migrantes: mudei de cidade para abrir meu pr\u00f3prio neg\u00f3cio"},"content":{"rendered":"<p>J\u00e1 pensou em mudar de cidade para abrir um novo neg\u00f3cio?<\/p>\n<p>Acredite, essa pode ser uma grande oportunidade para a sua vida!<\/p>\n<p>H\u00e1 muitas franquias para migrantes, principalmente por causa de um fen\u00f4meno chamado interioriza\u00e7\u00e3o de franquias.<\/p>\n<p>Antes, muitas redes de franquias se concentravam no eixo Rio-S\u00e3o Paulo.<\/p>\n<p>Hoje, as franquias est\u00e3o se espalhando pelo Brasil e abrindo as portas em muitas cidades diferentes.<\/p>\n<p>Isso significa que pode n\u00e3o ter uma oportunidade para o neg\u00f3cio que voc\u00ea deseja abrir na regi\u00e3o em que vive, mas voc\u00ea pode migrar para outra cidade e ter um neg\u00f3cio de sucesso!<\/p>\n<p>Isso pode ter v\u00e1rios aspectos positivos, pois muitas vezes as franqueadoras j\u00e1 t\u00eam pontos estrat\u00e9gicos mapeados para instalar uma nova unidade.<\/p>\n<p>Al\u00e9m disso, uma marca forte de uma franquia pode te ajudar a conquistar clientes em uma nova cidade!<\/p>\n<p>O lado ruim \u00e9 que muitas vezes \u00e9 preciso ir para longe de amigos e fam\u00edlia, algo que tamb\u00e9m deve ser colocado na balan\u00e7a.<\/p>\n<p>Antes de fazer a mudan\u00e7a, \u00e9 preciso estudar com cautela se realmente vale a pena mudar de cidade para come\u00e7ar um novo neg\u00f3cio.<\/p>\n<p>Separamos hist\u00f3rias de franqueadores que decidiram mudar de cidade ou de estado para come\u00e7ar um novo neg\u00f3cio.<\/p>\n<p>Perguntamos a eles quais como foi o processo de mudan\u00e7a, quais as vantagens, desvantagens e as dicas para quem pensa em fazer o mesmo.<\/p>\n<p>&nbsp;<\/p>\n<p>Confira:<\/p>\n<h4>Franquias para migrantes: Jaqueline Moreno, 31 anos, mudou de Assis (SP) para Vit\u00f3ria (SP) e \u00e9 franqueada da Maria Brasileira<\/h4>\n<blockquote><p><em>\u201cEu era de Assis (SP). Eu, meu noivo e s\u00f3cio Diogo, e cachorrinho border collie, Bacon, nos mudamos para Vit\u00f3ria (ES), em junho de 2019. Nossa mudan\u00e7a se resumiu ao que coube dentro do carro, ou seja, praticamente, n\u00f3s tr\u00eas.<\/em><\/p>\n<p><em>Diogo \u00e9 engenheiro e trabalhava numa multinacional. Eu sou publicit\u00e1ria e trabalhava numa ag\u00eancia de publicidade. N\u00e3o quer\u00edamos mais essa vida e, sim, ter o pr\u00f3prio neg\u00f3cio.<\/em><\/p>\n<p><em>Come\u00e7amos a pesquisar por modelos de microfranquias, que cabia no bolso e que oferecia todo o suporte operacional. Aliado a isso, vimos que o setor de limpeza estava em alta e, ent\u00e3o, chegamos \u00e0 Maria Brasileira. A franqueadora nos ofereceu Vit\u00f3ria e amamos a ideia, porque nosso sonho tamb\u00e9m era morar na praia.<\/em><\/p>\n<p><em>Vimos dois sonhos sendo realizados e aceitamos. Mudamos de cidade exclusivamente por causa da franquia. Nunca t\u00ednhamos sequer visitado o Esp\u00edrito Santo antes de assinarmos a compra da unidade e foi a melhor escolha das nossas vidas. Aqui \u00e9 perfeito!!!!<\/em><\/p>\n<p><em>N\u00e3o tenho do que reclamar, foi uma mudan\u00e7a feliz, nunca tivemos d\u00favida de que seria a maior e melhor mudan\u00e7a de nossa vida. Fomos muito bem recebidos na cidade e com a empresa tivemos uma adapta\u00e7\u00e3o tranquila, sem termos que abdicarmos de muito.<\/em><\/p>\n<p><em>Toda mudan\u00e7a traz uma certa inseguran\u00e7a inicial, mas nada que seja caracterizado como dificuldade. Lidar com pessoas de regi\u00f5es diferentes nunca foi um empecilho para n\u00f3s.<\/em><\/p>\n<p><em>Estude o local, as pessoas e se voc\u00ea est\u00e1 preparado para essa mudan\u00e7a. Eu nunca tive medo de mudar (amo inclusive), ent\u00e3o pra mim \u00e9 sempre uma aventura e eu topo tudo.<\/em><\/p>\n<p><em>Mas se voc\u00ea tiver alguma d\u00favida talvez seja melhor preparar o seu psicol\u00f3gico. Ser dono do seu pr\u00f3prio neg\u00f3cio, gerir os frutos e frustra\u00e7\u00f5es \u00e9, sem d\u00favida, o trabalho mais desgastante e ao mesmo tempo mais recompensador que existe. Eu recomendo!\u201d<\/em><\/p><\/blockquote>\n<p><strong><a href=\"https:\/\/www.portaldofranchising.com.br\/franquia-maria-brasileira-limpeza-e-conservacao\/\" target=\"_blank\" rel=\"noopener noreferrer\">SAIBA MAIS SOBRE A FRANQUIA MARIA BRASILEIRA<\/a><\/strong><\/p>\n<p>&nbsp;<\/p>\n<h4>Franquias para migrantes: Priscilla Carvalho, 34 anos, mudou de Belo Horizonte (MG) para Natal (RN) e \u00e9 franqueada da Constance<em>\u00a0<\/em><\/h4>\n<blockquote><p><em>\u201cSou casada com Junio Xavier e somos franqueados da Constance Cal\u00e7ados. Tenho 34 anos, ele 32 anos e iniciamos a opera\u00e7\u00e3o no dia 11 de agosto de 2020. Meu marido e eu somos de Belo Horizonte (MG). Somos franqueados em Natal (RN), no Shopping Midway Mall, o principal shopping da cidade.<\/em><\/p>\n<p><em>A mudan\u00e7a ocorreu exclusivamente pelo desejo de ser franqueada da Constance, que eu j\u00e1 conhecia e adorava. Na \u00e9poca, eu buscava um neg\u00f3cio para investir e sabia que n\u00e3o poderia ser franqueada da marca em Belo Horizonte.<\/em><\/p>\n<p><em>Antes de escolher essa empresa, pesquisamos em diversos outros mercados, mas n\u00e3o sentimos a seguran\u00e7a necess\u00e1ria para arriscar naqueles modelos de neg\u00f3cio.<\/em><\/p>\n<p><em>Por\u00e9m, em conversa com meu marido e hoje meu s\u00f3cio, discutimos sobre a possibilidade de nos mudarmos, e aos poucos, essa ideia foi amadurecendo e ganhando forma.<\/em><\/p>\n<p><em>\u00a0Escolhemos a cidade de Natal depois de uma longa pesquisa de campo e identificamos que l\u00e1 n\u00e3o havia nenhuma loja da Constance. Esse foi um ponto muito importante para decidirmos, j\u00e1 que o objetivo era nos tornarmos os principais franqueados naquela regi\u00e3o. Outro ponto decisivo foi viajar para S\u00e3o Paulo, em 2018, para conhecer a Feira de Franchising.<\/em><\/p>\n<p><em>Sa\u00edmos do evento extremamente satisfeitos com o que ouvimos e pelo atendimento feito pelas consultoras, diretores e, em especial, o diretor de expans\u00e3o, Gleisson Fernandes, al\u00e9m do CEO, C\u00e1ssio Noronha.<\/em><\/p>\n<p><em>O processo de mudan\u00e7a aconteceu no ano de 2020, em meio ao caos da pandemia. Planejamos muito e contamos tamb\u00e9m com o aux\u00edlio da franqueadora, que foi primordial em todo o processo. No come\u00e7o, a maior dificuldade era ficar longe da fam\u00edlia e amigos, mas a nossa intui\u00e7\u00e3o falava mais alto, e ent\u00e3o decidimos encarar juntos o desafio.<\/em><\/p>\n<p><em>Para quem pensa em se mudar para abrir um pr\u00f3prio neg\u00f3cio, o conselho que damos \u00e9: escolha uma marca em que voc\u00ea acredita, que te d\u00ea o suporte necess\u00e1rio e fa\u00e7a um bom planejamento. Mas, se algo n\u00e3o seguir de acordo com o planejado, n\u00e3o desanime e siga em frente! Fazendo o m\u00e1ximo que puder diariamente, os resultados aparecem!\u201d<\/em><\/p><\/blockquote>\n<p><strong><a href=\"https:\/\/www.portaldofranchising.com.br\/franquia-constance-acessorios-pessoais-e-calcados\/\" target=\"_blank\" rel=\"noopener noreferrer\">SAIBA MAIS SOBRE A FRANQUIA CONSTANCE<\/a><\/strong><\/p>\n<p>&nbsp;<\/p>\n<h4>Franquias para migrantes: Ivander Scarpeta mudou de Umuarama (PR) para Dourados (MS) e \u00e9 franqueado do Acesso Sa\u00fade<em>\u00a0<\/em><\/h4>\n<blockquote><p><em>\u201cOptamos e fechamos o contrato com o Acesso Sa\u00fade e inauguramos nossa unidade em Dourados, em Mato Grosso do Sul, em Agosto de 2019.<\/em><\/p>\n<p><em>Mudamos de Umuarama (PR) para Dourados (MS). Moramos por 15 anos no extremo norte do MS, em Sonora, e fomos para Umuarama com intuito de montarmos um neg\u00f3cio ali, pois ficar\u00edamos perto da fam\u00edlia.<\/em><\/p>\n<p><em>Por\u00e9m nos defrontamos com dois problemas: a viabilidade do neg\u00f3cio para aquela cidade, que n\u00e3o se mostrou positivo, e tamb\u00e9m nossa vontade de voltar para o MS, que s\u00f3 aflorou poucos meses ap\u00f3s a mudan\u00e7a para Umuarama.<\/em><\/p>\n<p><em>Dourados foi uma cidade em que tive v\u00e1rios contatos e j\u00e1 estava no nosso radar mesmo quando trabalhava como executivo de uma grande empresa e pensava em montar meu pr\u00f3prio neg\u00f3cio.<\/em><\/p>\n<p><em>Tudo convergia para Dourados e assim fizemos, mesmo n\u00e3o tendo ningu\u00e9m da fam\u00edlia aqui, nem amigos pr\u00f3ximos. Foi muito pela intui\u00e7\u00e3o, sensibilidade e an\u00e1lise do potencial da cidade e da regi\u00e3o.<\/em><\/p>\n<p><em>Chegamos aqui e j\u00e1 nos sentimos em casa, apesar das dificuldades de estar em uma cidade diferente. Durante o processo de contrata\u00e7\u00e3o da franquia, fomos conhecer algumas unidades e conseguimos vislumbrar uma unidade aqui em Dourados, n\u00e3o conseguimos v\u00ea-la em Umuarama. Tamb\u00e9m ouvimos opini\u00f5es de pessoas experientes como de alguns franqueados e da pr\u00f3pria franquia.<\/em><\/p>\n<p><em>Tivemos muita dificuldade de conseguir um im\u00f3vel que casasse com nossas perspectivas e condi\u00e7\u00f5es, tamb\u00e9m de estar entrando em uma \u00e1rea bem desconhecida, pois eu vinha de Gest\u00e3o do setor Sucroenerg\u00e9tico para a \u00e1rea da Sa\u00fade \u00e1rea e minha esposa da \u00e1rea da educa\u00e7\u00e3o.<\/em><\/p>\n<p><em>Foi uma \u2018virada de chave\u2019 completa. Mas tudo deu certo, tudo foi se encaixando, a assessoria da franquia foi muito importante para esta fase.<\/em><\/p>\n<p><em>Quem estiver pensando em mudar de cidade para montar o seu neg\u00f3cio, precisa estudar muito a cidade pretendida e a regi\u00e3o de abrang\u00eancia dela, qual o potencial, demandas, car\u00eancias, como o mercado est\u00e1 sendo assistido pela concorr\u00eancia, o que sua empresa vai apresentar de diferencial naquela localidade.<\/em><\/p>\n<p><em>Fa\u00e7a um Business Map. + Business Plan, analise com detalhe para entender onde instalar, qual o tamanho (potencial), qual o foco principal, parceiros (laborat\u00f3rios, etc). Outra coisa importante: Esta cidade pretendida, vai atender \u00e0s suas demandas e de sua fam\u00edlia? Isto a m\u00e9dio\/ longo prazo vai pesar muito.<\/em><\/p>\n<p><em>Mesmo que opte por um modelo menor da franquia, tente alugar um im\u00f3vel que lhe d\u00ea op\u00e7\u00f5es de amplia\u00e7\u00e3o sem ter que mudar de endere\u00e7o e evitar assim um segundo custo de instala\u00e7\u00e3o. Vai com f\u00e9 e muita for\u00e7a de vontade de fazer dar certo, que d\u00e1 certo\u201d.<\/em><\/p><\/blockquote>\n<p><strong><a href=\"https:\/\/www.portaldofranchising.com.br\/franquia-acesso-saude-estetica\/\" target=\"_blank\" rel=\"noopener noreferrer\">SAIBA MAIS SOBRE A FRANQUIA ACESSO SA\u00daDE<\/a><\/strong><\/p>\n<p>&nbsp;<\/p>\n<h4>Franquias para migrantes: Fabiano M Castro mudou de Ribeir\u00e3o Preto (SP) para Bel\u00e9m (PA) e \u00e9 franqueado MINDS<\/h4>\n<blockquote><p><em>\u201cA mudan\u00e7a aconteceu por causa da oportunidade de neg\u00f3cio em uma regi\u00e3o pr\u00f3spera na regi\u00e3o norte, e tamb\u00e9m por causa da qualidade e diferencial da franquia que iria se destacar muito na cidade de Bel\u00e9m com algo diferenciado!<\/em><\/p>\n<p><em>A mudan\u00e7a foi dif\u00edcil.<\/em><\/p>\n<p><em>A maior adapta\u00e7\u00e3o foi com a cultura local, a regi\u00e3o norte \u00e9 bem diferente da sudeste! Cultura, gastronomia, estilo de vida e trabalho, entre outros, al\u00e9m da dist\u00e2ncia da fam\u00edlia. Dificuldade do p\u00fablico criar confian\u00e7a na franquia por ser de S\u00e3o Paulo. Achavam que ir\u00edamos entrar na cidade para dar o golpe financeiro e ir embora. Mas superamos tudo isso com um trabalho honesto, de qualidade e de muita dedica\u00e7\u00e3o.<\/em><\/p>\n<p><em>(Se voc\u00ea tamb\u00e9m quer mudar para ter o seu neg\u00f3cio) n\u00e3o tenha medo! Coragem! Acredite na sua intui\u00e7\u00e3o e fa\u00e7a o seu melhor! E principalmente, n\u00e3o v\u00e1 sozinho! Trabalhe com parceiros de trabalho, seja um s\u00f3cio ou gestor de trabalho que tenha um excelente trabalho de lideran\u00e7a para montar o seu time! Acredite no seu sonho e tenha F\u00e9 que do mais Deus providenciar\u00e1 com o esfor\u00e7o do seu trabalho e a sua dedica\u00e7\u00e3o!\u201d<\/em><\/p><\/blockquote>\n<p><strong><a href=\"https:\/\/www.portaldofranchising.com.br\/franquia-minds-english-school-escola-de-idiomas\/\" target=\"_blank\" rel=\"noopener noreferrer\">SAIBA MAIS SOBRE A FRANQUIA MINDS<\/a><\/strong><\/p>\n<p>&nbsp;<\/p>\n<h4>Franquias para migrantes: Lucas Amaral Carvalho, 32 anos, mudou de Rondon\u00f3polis (MT) para Blumenau (SC) e \u00e9 franqueado CEBRAC<\/h4>\n<blockquote><p><em>\u201cMudei de cidade para abrir a franquia mesmo, por\u00e9m j\u00e1 conhecia a cidade, j\u00e1 morei na regi\u00e3o por 3 anos.<\/em><\/p>\n<p><em>Mudan\u00e7a \u00e9 sempre estressante e necessita de um per\u00edodo de adapta\u00e7\u00e3o. A maior dificuldade foi a falta da fam\u00edlia e amigos, a solid\u00e3o at\u00e9 se adaptar, por\u00e9m \u00e9 algo que passa.<\/em><\/p>\n<p><em>A melhor forma de mudar de cidade para abrir um neg\u00f3cio \u00e9 estar aberto a relacionamentos e networking, visitar associa\u00e7\u00f5es comerciais, visitar fornecedores locais, entidade relacionada aos neg\u00f3cios, poss\u00edveis parceiros, pois assim, voc\u00ea pode encontrar pessoas que podem te dar suporte, indica\u00e7\u00f5es necess\u00e1rias e at\u00e9 criar novas amizades.\u201d<\/em><\/p><\/blockquote>\n<p><strong><a href=\"https:\/\/www.portaldofranchising.com.br\/franquia-cebrac-educacao\/\" target=\"_blank\" rel=\"noopener noreferrer\">SAIBA MAIS SOBRE A FRANQUIA CEBRAC<\/a><\/strong><\/p>\n<p>&nbsp;<\/p>\n<h4>Franquias para migrantes: Nivaldo Silva Silveira mudou de S\u00e3o Paulo (SP) para Sorocaba (SP) e \u00e9 franqueado Cuidare<\/h4>\n<blockquote><p><em>\u201cEm 2020 trabalhava em uma home care, na cidade de Cotia (SP), e minha esposa atuava em uma escola, mas logo no in\u00edcio da pandemia ela foi desligada, a\u00ed surgiu a ideia em nos mudarmos e eu dar continuidade ao servi\u00e7o que j\u00e1 desempenhava.<\/em><\/p>\n<p><em>A partir de pesquisas sobre cidades e sobre o setor, cheguei \u00e0 conclus\u00e3o de que abrir uma Cuidare em Sorocaba daria um bom casamento. Foi a\u00ed que entrei em contato com os franqueadores, os mesmos me atenderam com todo amor e carinho, e eu iniciei o processo de abertura da franquia em Sorocaba.<\/em><\/p>\n<p><em>A mudan\u00e7a ocorreu entre os meses de junho e julho, e para mim foi maravilhoso. Entrei aqui quando ainda estava tudo na faixa vermelha, tudo fechado, n\u00e3o poderia funcionar o escrit\u00f3rio, estava bem dif\u00edcil no come\u00e7o. Mas a\u00ed comecei a fazer os panfletos e percebi que o nome da Cuidare por si s\u00f3 j\u00e1 falava muito.\u201d<\/em><\/p><\/blockquote>\n<p><strong><a href=\"https:\/\/www.portaldofranchising.com.br\/franquia-cuidare-brasil-cuidadores-de-pessoas\/\" target=\"_blank\" rel=\"noopener noreferrer\">SAIBA MAIS SOBRE A FRANQUIA CUIDARE<\/a><\/strong><\/p>\n<p>&nbsp;<\/p>\n<h4>Franquias para migrantes: Rejane Bezerra, 47 anos, mudou de Goi\u00e2nia (GO) para Bras\u00edlia (DF) e \u00e9 franqueada YES! Idiomas<\/h4>\n<blockquote><p><em>\u201cMudei de cidade porque Bras\u00edlia \u00e9 uma cidade jovem, promissora, com in\u00fameras oportunidades de investimento. Aqui em Bras\u00edlia, por ser uma cidade administrativa e com muitos funcion\u00e1rios p\u00fablicos, certamente a necessidade das pessoas em investir em educa\u00e7\u00e3o teria uma grande demanda. Por isso, uma escola de idiomas para crian\u00e7as e adultos \u00e9 certamente atrativa.<\/em><\/p>\n<p><em>O processo de mudan\u00e7a foi gradativo, aceitando as novas condi\u00e7\u00f5es e desafios com paci\u00eancia. As maiores dificuldades da adapta\u00e7\u00e3o foram entender a din\u00e2mica da cidade, hor\u00e1rios e fluxo dos clientes e adquirir servi\u00e7os e insumos nos lugares certos.<\/em><\/p>\n<p><em>Eu n\u00e3o tinha planos de empreender, at\u00e9 me mudar para c\u00e1. Percebendo as oportunidades de mercado e o potencial da cidade, me despertou o interesse em investir em um neg\u00f3cio mais estruturado, com tradi\u00e7\u00e3o e know-how. Isso ajuda muito a ter mais confian\u00e7a na hora de abrir uma franquia em outra cidade. Conheci a YES! em pesquisas e na feira de franchising de Bras\u00edlia. Da\u00ed n\u00e3o tive d\u00favidas que tinha encontrado o neg\u00f3cio certo para investir.<\/em><\/p>\n<p><em>A dica que eu dou para quem est\u00e1 pensando em mudar de cidade e abrir o pr\u00f3prio neg\u00f3cio: observar bem o perfil dos moradores da cidade, fazer muita pesquisa e buscar opini\u00f5es de quem j\u00e1 est\u00e1 no mercado h\u00e1 mais tempo. O neg\u00f3cio que voc\u00ea for abrir n\u00e3o pode ser apenas uma modinha do lugar, mas sim algo seguro e com qualidade, que atenda \u00e0s necessidades de quem vive na cidade.\u201d<\/em><\/p><\/blockquote>\n<p><strong><a href=\"https:\/\/www.portaldofranchising.com.br\/franquia-yes-escola-de-idiomas\/\" target=\"_blank\" rel=\"noopener noreferrer\">SAIBA MAIS SOBRE A FRANQUIA YES!<\/a><\/strong><\/p>\n<p>&nbsp;<\/p>\n<h4>Franquias para migrantes: Tatiana Lopes e Fl\u00e1vio Valeriano, 39 anos e 54, mudaram de Leopoldina (MG) para Ju\u00edz de Fora (MG) e s\u00e3o franqueados Megamatte<\/h4>\n<blockquote><p><em>\u201cInvestimos na Franquia da Megamatte em 2019. Por\u00e9m, por conta da pandemia, s\u00f3 inauguramos nossa loja (um quiosque), em abril de 2021.<\/em><\/p>\n<p><em>Somos de Minas Gerais e mor\u00e1vamos em Leopoldina. Atualmente estamos residindo em Juiz de Fora, tamb\u00e9m na Zona da Mata mineira, e estamos a 90 quil\u00f4metros de dist\u00e2ncia de nossa cidade.<br \/>\n<\/em><\/p>\n<p><em>Decidimos mudar para Juiz de Fora, pois Leopoldina \u00e9 bem pequena e precis\u00e1vamos estar em uma cidade cuja popula\u00e7\u00e3o fosse maior para termos melhor desempenho em nosso neg\u00f3cio.<br \/>\n<\/em><\/p>\n<p><em>J\u00e1 t\u00ednhamos planos de mudar para outro estado, mas com a decis\u00e3o de investirmos em uma franquia da Megamatte, resolvemos ficar em Minas Gerais.<br \/>\n<\/em><\/p>\n<p><em>Mudar de casa, sair de sua cidade, e ficar longe da fam\u00edlia s\u00e3o passos complicados, mas com o passar do tempo vai se tornando mais f\u00e1cil. Nossos filhos, Jo\u00e3o Pedro, de seis anos, e Raabe, de 10, se adaptaram mais facilmente. Em nosso caso, os desafios e as mudan\u00e7as foram e continuam sendo enormes. Tanto Fl\u00e1vio quanto eu viemos de outras \u00e1reas e a mera decis\u00e3o de nos tornarmos empreendedores j\u00e1 foi um grande desafio.<br \/>\n<\/em><\/p>\n<p><em>Uma dica importante para quem quer mudar de cidade e ser um empreendedor \u00e9 avaliar todos os detalhes antes de tomar uma decis\u00e3o.<\/em><\/p>\n<p><em>\u00c9 preciso saber em qual segmento ir\u00e1 investir e, em paralelo, avaliar que regi\u00e3o ser\u00e1 melhor para abrir seu neg\u00f3cio. Tamb\u00e9m \u00e9 fundamental pensar em quanto voc\u00ea pode gastar.<\/em><\/p>\n<p><em>O empreendedor geralmente come\u00e7a com a reserva que acumulou durante sua vida de trabalho e uma escolha errada pode p\u00f4r tudo a perder. \u00c9 uma gama imensa de informa\u00e7\u00f5es, por isso \u00e9 necess\u00e1rio manter o foco e eliminar o que n\u00e3o tem muita afinidade com voc\u00ea.<\/em><\/p>\n<p><em>Existem muitas franquias, mas ao optar por esse modelo de neg\u00f3cio \u00e9 importante avaliar bem a franqueadora e seus procedimentos. A forma como a franqueadora lida com seus franqueados pode determinar o sucesso ou o fracasso de um empreendimento.<\/em><\/p>\n<p><em>Este \u00e9 um universo novo que come\u00e7amos a desbravar, mas o suporte que tivemos de toda a equipe da franqueadora, desde o in\u00edcio at\u00e9 hoje, nos\u00a0 refor\u00e7a a certeza de que estamos no caminho certo.\u201d<\/em><\/p><\/blockquote>\n<p><strong><a href=\"https:\/\/www.portaldofranchising.com.br\/franquia-megamatte-bebidas\/\" target=\"_blank\" rel=\"noopener noreferrer\">SAIBA MAIS SOBRE A FRANQUIA MEGAMATTE<\/a><\/strong><\/p>\n<h4>Franquias para migrantes: Eliezer de Mello Silva, 37 anos, mudou de Riter\u00f3i (RJ) para Vit\u00f3ria (ES) e \u00e9 franqueado DrogaVET<\/h4>\n<blockquote><p><strong><em>\u201c<\/em><\/strong><em>A decis\u00e3o veio durante o processo de entrevista com a DrogaVET, que me apresentou a proposta de abrir a unidade em Vit\u00f3ria (ES). Claro que bate aquele frio na espinha, mas, no final, foi um processo importante, de amadurecer a ideia e partir para encarar o desafio, j\u00e1 que eu j\u00e1 tinha planos de sair do estado do Rio de Janeiro para morar em uma cidade com mais qualidade de vida.<\/em><\/p>\n<p><em>Levei um tempo para me adaptar e, quando vim para Vit\u00f3ria para realizar as pesquisas, percebi que mesmo havendo outras farm\u00e1cias de manipula\u00e7\u00e3o veterin\u00e1ria os tutores n\u00e3o entendiam muito bem sobre a import\u00e2ncia do medicamento manipulado e do tratamento personalizado.\u00a0 Tamb\u00e9m tive dificuldade para entender o comportamento do p\u00fablico Capixaba. Quando chega perto do hor\u00e1rio da hora do almo\u00e7o, por exemplo, as ruas em Vit\u00f3ria ficam com pouco movimento, enquanto l\u00e1 no Rio de Janeiro, independente do hor\u00e1rio, sempre h\u00e1 muitas pessoas andando na rua.<\/em><\/p>\n<p><em>(Se voc\u00ea est\u00e1 pensando em mudar de cidade, a dica que eu dou \u00e9) analisar os aspectos demogr\u00e1ficos e econ\u00f4micos da popula\u00e7\u00e3o local, tais como: quantidade de habitantes e renda per capita, poder aquisitivo etc. Al\u00e9m disso, minha sugest\u00e3o \u00e9 pesquisar bastante a cidade do ponto de vista dos h\u00e1bitos de consumo e do perfil do p\u00fablico que ir\u00e1 atender. Fazer um mapeamento para ver se est\u00e1 saturado ou n\u00e3o o mercado, se o seu produto \u00e9 diferenciado o suficiente para conseguir concorrer e se estabelecer com ades\u00e3o junto aos clientes e conversar diretamente com o p\u00fablico que ser\u00e1 atendido, tudo antes de implantar a unidade.\u201d<\/em><\/p><\/blockquote>\n<p><strong><a href=\"https:\/\/www.portaldofranchising.com.br\/franquia-drogavet-servicos-e-outros-negocios\/\" target=\"_blank\" rel=\"noopener noreferrer\">SAIBA MAIS SOBRE A FRANQUIA DROGAVET<\/a><\/strong><\/p>\n<p>&nbsp;<\/p>\n<h4>Franquias para migrantes: Francielle Castro dos Santos Campano Cesario, 35 anos, mudou de Londrina (PR) para Divin\u00f3polis (MG) e \u00e9 franqueada OralSin<strong>\u00a0<\/strong><\/h4>\n<blockquote><p><em>\u201cJ\u00e1 trabalhava na OralSin unidade de Londrina, onde exercia a fun\u00e7\u00e3o de avaliadora, mas tamb\u00e9m fui gerente t\u00e9cnica e treinadora da franquia desta \u00e1rea de GT.<br \/>\n<\/em><\/p>\n<p><em>A filosofia da OralSin me encantou desde o in\u00edcio. Com o passar do tempo surgiu o interesse de passar de colaboradora a franqueada. Meu esposo abriu m\u00e3o da carreira dele para seguir meu sonho. Hoje trabalhamos juntos na empresa.<\/em><\/p>\n<p><em>O processo foi r\u00e1pido, a mudan\u00e7a foi feita e a cl\u00ednica inaugurada. Fomos muito bem acolhidos tanto profissionalmente quanto no pessoal. O mineiro \u00e9 muito acolhedor, o que facilitou muito nossa adapta\u00e7\u00e3o. Toda minha fam\u00edlia est\u00e1 no sul e aqui em Minas s\u00f3 est\u00e3o, eu, meu esposo e meus dois filhos, o ca\u00e7ula de apenas 4 meses j\u00e1 \u00e9 um mineirinho nato. E neste momento estou em fase de implanta\u00e7\u00e3o de uma nova unidade da OralSin em Petr\u00f3polis (Rj). Nova mudan\u00e7a, novas conquistas.\u201d<\/em><\/p><\/blockquote>\n<p><strong><a href=\"https:\/\/www.portaldofranchising.com.br\/franquia-oral-sin-implantes\/\" target=\"_blank\" rel=\"noopener noreferrer\">SAIBA MAIS SOBRE A FRANQUIA ORALSIN<\/a><\/strong><\/p>\n<p>&nbsp;<\/p>\n<h4>Franquias para migrantes: Lorena Cessel Campo e o noivo William Br\u00e1s Sim\u00f5es, ambos com 26 anos, mudaram de Joinville (SC) para Dourados (MS) e s\u00e3o franqueados Royal Face Est\u00e9tica Facial<\/h4>\n<blockquote><p><strong><em>\u201c<\/em><\/strong><em>Estudamos o investimento em franquia e nos identificamos com a marca. A mudan\u00e7a ocorreu pela disponibilidade da rede em montar em Dourados. Est\u00e1vamos abertos e dispostos a isso.<\/em><\/p>\n<p><em>Uma nova vida juntos. Somos noivos, trabalhamos juntos e vamos nos casar em novembro.\u00a0 Eu j\u00e1 trabalhava na unidade de Joinville e vi uma oportunidade de investir na cidade. Depois de um estudo de viabilidade, abrimos a unidade em setembro de 2020.<\/em><\/p>\n<p><em>A mudan\u00e7a foi resultado de muita avalia\u00e7\u00e3o. Afinal, \u00e9 uma mudan\u00e7a de vida, de regi\u00e3o. Tudo foi pensado. Nunca tinha ido a Dourados, fomos conhecer primeiro.<\/em><\/p>\n<p><em>A maior dificuldade \u00e9 a cultura local que \u00e9 diferente. No sul \u00e9 uma, no Centro Oeste \u00e9 outra. Mas mesmo com esse e outros desafios como procura de ponto, montar equipe qualificada e, sem conhecer ningu\u00e9m, conseguimos montar equipe, adequar o im\u00f3vel e gerir com sucesso o neg\u00f3cio.<\/em><\/p>\n<p><em>(Se voc\u00ea est\u00e1 pensando em mudar de cidade, a dica que eu dou \u00e9)\u00a0 ir at\u00e9 a cidade para conhecer o com\u00e9rcio local, observar as avenidas de maior fluxo, procurar ponto comercial, come\u00e7ar a seguir as redes socais, as blogueiras e sites locais e de estabelecimentos dessa cidade para conhecer mais as pessoas.<\/em><\/p>\n<p><em>Ao escolher o ponto, converse com os vizinhos comerciantes. Eles sempre te indicam pessoas como contadores, pedreiros, marceneiros e outros servi\u00e7os que o empreendedor vai precisar no dia a dia do neg\u00f3cio.<\/em><\/p>\n<p><em>A busca dos h\u00e1bitos e conhecimentos regionais facilita muito a entrada numa cidade. Temos muitos Brasis dentro de um mesmo pa\u00eds. Se adequar \u00e9 fundamental\u201d.<\/em><\/p>\n<p>&nbsp;<\/p>\n<p>&nbsp;<\/p>\n<h4>Fonte: https:\/\/www.portaldofranchising.com.br\/franquias\/franquias-para-migrantes\/<\/h4>\n<\/blockquote>\n","protected":false},"excerpt":{"rendered":"<p>J\u00e1 pensou em mudar de cidade para abrir um novo neg\u00f3cio? Acredite, essa pode ser uma grande oportunidade para a sua vida! H\u00e1 muitas franquias para migrantes, principalmente por causa de um fen\u00f4meno chamado interioriza\u00e7\u00e3o de franquias. Antes, muitas redes de franquias se concentravam no eixo Rio-S\u00e3o Paulo. Hoje, as franquias est\u00e3o se espalhando pelo [&hellip;]<\/p>\n","protected":false},"author":3,"featured_media":5024,"comment_status":"open","ping_status":"open","sticky":false,"template":"","format":"standard","meta":{"pagelayer_contact_templates":[],"_pagelayer_content":"","footnotes":""},"categories":[41],"tags":[],"class_list":["post-4521","post","type-post","status-publish","format-standard","has-post-thumbnail","hentry","category-cuidare-na-midia"],"_links":{"self":[{"href":"https:\/\/cuidarebr.com.br\/novosite\/wp-json\/wp\/v2\/posts\/4521","targetHints":{"allow":["GET"]}}],"collection":[{"href":"https:\/\/cuidarebr.com.br\/novosite\/wp-json\/wp\/v2\/posts"}],"about":[{"href":"https:\/\/cuidarebr.com.br\/novosite\/wp-json\/wp\/v2\/types\/post"}],"author":[{"embeddable":true,"href":"https:\/\/cuidarebr.com.br\/novosite\/wp-json\/wp\/v2\/users\/3"}],"replies":[{"embeddable":true,"href":"https:\/\/cuidarebr.com.br\/novosite\/wp-json\/wp\/v2\/comments?post=4521"}],"version-history":[{"count":0,"href":"https:\/\/cuidarebr.com.br\/novosite\/wp-json\/wp\/v2\/posts\/4521\/revisions"}],"wp:featuredmedia":[{"embeddable":true,"href":"https:\/\/cuidarebr.com.br\/novosite\/wp-json\/wp\/v2\/media\/5024"}],"wp:attachment":[{"href":"https:\/\/cuidarebr.com.br\/novosite\/wp-json\/wp\/v2\/media?parent=4521"}],"wp:term":[{"taxonomy":"category","embeddable":true,"href":"https:\/\/cuidarebr.com.br\/novosite\/wp-json\/wp\/v2\/categories?post=4521"},{"taxonomy":"post_tag","embeddable":true,"href":"https:\/\/cuidarebr.com.br\/novosite\/wp-json\/wp\/v2\/tags?post=4521"}],"curies":[{"name":"wp","href":"https:\/\/api.w.org\/{rel}","templated":true}]}}