{"id":5017,"date":"2023-02-08T09:16:48","date_gmt":"2023-02-08T12:16:48","guid":{"rendered":"https:\/\/cuidarebr.com.br\/?p=5017"},"modified":"2023-02-08T09:16:48","modified_gmt":"2023-02-08T12:16:48","slug":"rede-cuidare-e-destaque-no-jornal-do-empreendedor","status":"publish","type":"post","link":"https:\/\/cuidarebr.com.br\/novosite\/rede-cuidare-e-destaque-no-jornal-do-empreendedor\/","title":{"rendered":"Rede Cuidare \u00e9 destaque no Jornal do Empreendedor"},"content":{"rendered":"<p>Empreender \u00e9 encontrar oportunidades e ocupar espa\u00e7os que carecem de servi\u00e7os, que al\u00e9m da excel\u00eancia, entregam amor!\ud83d\udc99<br \/>\nNossa fundadora, Izabelly Miranda, conversou um pouco sobre o in\u00edcio da trajet\u00f3ria da Rede Cuidare, sobre os nossos valores e muito mais. Confira, assistindo a entrevista completa.<\/p>\n<p>Se voc\u00ea tamb\u00e9m tem o sonho de empreender na \u00e1rea que mais cresce no Brasil, junte-se \u00e0 Rede Cuidare.<\/p>\n<p><iframe loading=\"lazy\" title=\"Entrevista Cuidare no Jornal do Empreendedor\" width=\"1080\" height=\"608\" src=\"https:\/\/www.youtube.com\/embed\/YuAid2no8QM?feature=oembed\" frameborder=\"0\" allow=\"accelerometer; autoplay; clipboard-write; encrypted-media; gyroscope; picture-in-picture; web-share\" referrerpolicy=\"strict-origin-when-cross-origin\" allowfullscreen><\/iframe><\/p>\n","protected":false},"excerpt":{"rendered":"<p>Empreender \u00e9 encontrar oportunidades e ocupar espa\u00e7os que carecem de servi\u00e7os, que al\u00e9m da excel\u00eancia, entregam amor!\ud83d\udc99 Nossa fundadora, Izabelly Miranda, conversou um pouco sobre o in\u00edcio da trajet\u00f3ria da Rede Cuidare, sobre os nossos valores e muito mais. Confira, assistindo a entrevista completa. Se voc\u00ea tamb\u00e9m tem o sonho de empreender na \u00e1rea que [&hellip;]<\/p>\n","protected":false},"author":3,"featured_media":0,"comment_status":"open","ping_status":"open","sticky":false,"template":"","format":"standard","meta":{"pagelayer_contact_templates":[],"_pagelayer_content":"","footnotes":""},"categories":[43],"tags":[],"class_list":["post-5017","post","type-post","status-publish","format-standard","hentry","category-blog-cuidare"],"_links":{"self":[{"href":"https:\/\/cuidarebr.com.br\/novosite\/wp-json\/wp\/v2\/posts\/5017","targetHints":{"allow":["GET"]}}],"collection":[{"href":"https:\/\/cuidarebr.com.br\/novosite\/wp-json\/wp\/v2\/posts"}],"about":[{"href":"https:\/\/cuidarebr.com.br\/novosite\/wp-json\/wp\/v2\/types\/post"}],"author":[{"embeddable":true,"href":"https:\/\/cuidarebr.com.br\/novosite\/wp-json\/wp\/v2\/users\/3"}],"replies":[{"embeddable":true,"href":"https:\/\/cuidarebr.com.br\/novosite\/wp-json\/wp\/v2\/comments?post=5017"}],"version-history":[{"count":0,"href":"https:\/\/cuidarebr.com.br\/novosite\/wp-json\/wp\/v2\/posts\/5017\/revisions"}],"wp:attachment":[{"href":"https:\/\/cuidarebr.com.br\/novosite\/wp-json\/wp\/v2\/media?parent=5017"}],"wp:term":[{"taxonomy":"category","embeddable":true,"href":"https:\/\/cuidarebr.com.br\/novosite\/wp-json\/wp\/v2\/categories?post=5017"},{"taxonomy":"post_tag","embeddable":true,"href":"https:\/\/cuidarebr.com.br\/novosite\/wp-json\/wp\/v2\/tags?post=5017"}],"curies":[{"name":"wp","href":"https:\/\/api.w.org\/{rel}","templated":true}]}}