{"id":5319,"date":"2024-07-04T11:02:19","date_gmt":"2024-07-04T14:02:19","guid":{"rendered":"https:\/\/cuidarebr.com.br\/?p=5319"},"modified":"2024-07-04T11:02:19","modified_gmt":"2024-07-04T14:02:19","slug":"folha-de-sao-paulo-busca-por-qualidade-de-vida-impulsiona-faturamento-de-franquias-de-saude-e-beleza","status":"publish","type":"post","link":"https:\/\/cuidarebr.com.br\/novosite\/folha-de-sao-paulo-busca-por-qualidade-de-vida-impulsiona-faturamento-de-franquias-de-saude-e-beleza\/","title":{"rendered":"[Folha de S\u00e3o Paulo] Busca por qualidade de vida impulsiona faturamento de franquias de sa\u00fade e beleza"},"content":{"rendered":"<h6><\/h6>\n<h6>27 jun 2024<\/h6>\n<p>&nbsp;<\/p>\n<p>O faturamento das franquias do setor de sa\u00fade, beleza e bem-<\/p>\n<p>estar est\u00e1 em alta desde 2019, de acordo com dados da ABF<\/p>\n<p>(Associa\u00e7\u00e3o Brasileira de Franchising).<\/p>\n<p>Em 2023, os ganhos somaram R$ 55,6 bilh\u00f5es, alta de 17% em rela\u00e7\u00e3o a<\/p>\n<p>2022, o que representou 23% de toda a \u00e1rea de franquias.<\/p>\n<p>O n\u00famero de redes tamb\u00e9m cresceu nos \u00faltimos cinco anos. No ano<\/p>\n<p>passado, foi registrado um total de 597 marcas, 37 a mais que no<\/p>\n<p>anterior.<\/p>\n<p>Se antigamente a busca por produtos e tratamentos de beleza era mai<\/p>\n<p>ligada \u00e0 vaidade, hoje, vai muito al\u00e9m, de acordo com Cl\u00e1udia Vobeto,<\/p>\n<p>diretora da comiss\u00e3o de sa\u00fade, beleza e bem-estar da entidade.<\/p>\n<p>Essa procura est\u00e1 relacionada tamb\u00e9m \u00e0 qualidade de vida, ao bem-<\/p>\n<p>estar, \u00e0 autoestima e ao equil\u00edbrio mental. De olho nesse<\/p>\n<p>comportamento, as redes est\u00e3o ampliando cada vez mais a gama de<\/p>\n<p>produtos e servi\u00e7os.<\/p>\n<p>Al\u00e9m disso, segundo Vobeto, o consumidor tamb\u00e9m busca produtos<\/p>\n<p>sustent\u00e1veis. &#8220;As pessoas querem produtos livres de parabenos e<\/p>\n<p>cosm\u00e9ticos que sejam sustent\u00e1veis na sua f\u00f3rmula, no seu processo de<\/p>\n<p>produ\u00e7\u00e3o e que n\u00e3o fa\u00e7am mal aos seres humanos e ao meio<\/p>\n<p>ambiente.&#8221;<\/p>\n<p>Os subsegmentos que mais cresceram nos \u00faltimos cincos anos entre a<\/p>\n<p>redes associadas \u00e0 ABF foram o de cuidados pessoais e de cosm\u00e9ticos<\/p>\n<p>perfumaria. O primeiro passou de 63 redes, em 2019, para 90 em 2023<\/p>\n<p>J\u00e1 o segundo pulou de 30 para 37.<\/p>\n<p>Hoje, o empreendedor encontra franquias que pedem investimento<\/p>\n<p>inicial a partir de R$ 9.000, com rendimento mensal m\u00e9dio de at\u00e9 R$<\/p>\n<p>5.000.<\/p>\n<p>A faixa m\u00e9dia de pre\u00e7o, no entanto, varia de R$ 50 mil a R$ 200 mil de<\/p>\n<p>investimento. Para academias, a cifra ultrapassa os R$ 3 milh\u00f5es. \u00c9<\/p>\n<p>preciso lembrar que o rendimento depende de diversos fatores, como<\/p>\n<p>localiza\u00e7\u00e3o.<\/p>\n<p>As redes de farm\u00e1cias, outro nicho influenciado pelos produtos de<\/p>\n<p>sa\u00fade beleza e bem-estar, tamb\u00e9m cresceram nos \u00faltimos cinco anos.<\/p>\n<p>Eram 23 em 2019 e somaram 34 em 2023. A venda de produtos de<\/p>\n<p>higiene, beleza e cosm\u00e9ticos por esse neg\u00f3cios tamb\u00e9m aumentou.<\/p>\n<p>Segundo o \u00faltimo balan\u00e7o da Abrafarma (Associa\u00e7\u00e3o Brasileira das<\/p>\n<p>Redes de Farm\u00e1cias e Drogarias), de 2023, as vendas desse produtos<\/p>\n<p>tiveram alta de 17,5% no ano, chegando a R$ 29,2 bilh\u00f5es.<\/p>\n<p>Segundo estimativa da ABF, o setor de beleza deve seguir com altas<\/p>\n<p>acima de dois d\u00edgitos pelos pr\u00f3ximos anos.<\/p>\n","protected":false},"excerpt":{"rendered":"<p>27 jun 2024 &nbsp; O faturamento das franquias do setor de sa\u00fade, beleza e bem- estar est\u00e1 em alta desde 2019, de acordo com dados da ABF (Associa\u00e7\u00e3o Brasileira de Franchising). Em 2023, os ganhos somaram R$ 55,6 bilh\u00f5es, alta de 17% em rela\u00e7\u00e3o a 2022, o que representou 23% de toda a \u00e1rea de [&hellip;]<\/p>\n","protected":false},"author":3,"featured_media":5318,"comment_status":"open","ping_status":"open","sticky":false,"template":"","format":"standard","meta":{"pagelayer_contact_templates":[],"_pagelayer_content":"","footnotes":""},"categories":[41],"tags":[],"class_list":["post-5319","post","type-post","status-publish","format-standard","has-post-thumbnail","hentry","category-cuidare-na-midia"],"_links":{"self":[{"href":"https:\/\/cuidarebr.com.br\/novosite\/wp-json\/wp\/v2\/posts\/5319","targetHints":{"allow":["GET"]}}],"collection":[{"href":"https:\/\/cuidarebr.com.br\/novosite\/wp-json\/wp\/v2\/posts"}],"about":[{"href":"https:\/\/cuidarebr.com.br\/novosite\/wp-json\/wp\/v2\/types\/post"}],"author":[{"embeddable":true,"href":"https:\/\/cuidarebr.com.br\/novosite\/wp-json\/wp\/v2\/users\/3"}],"replies":[{"embeddable":true,"href":"https:\/\/cuidarebr.com.br\/novosite\/wp-json\/wp\/v2\/comments?post=5319"}],"version-history":[{"count":0,"href":"https:\/\/cuidarebr.com.br\/novosite\/wp-json\/wp\/v2\/posts\/5319\/revisions"}],"wp:featuredmedia":[{"embeddable":true,"href":"https:\/\/cuidarebr.com.br\/novosite\/wp-json\/wp\/v2\/media\/5318"}],"wp:attachment":[{"href":"https:\/\/cuidarebr.com.br\/novosite\/wp-json\/wp\/v2\/media?parent=5319"}],"wp:term":[{"taxonomy":"category","embeddable":true,"href":"https:\/\/cuidarebr.com.br\/novosite\/wp-json\/wp\/v2\/categories?post=5319"},{"taxonomy":"post_tag","embeddable":true,"href":"https:\/\/cuidarebr.com.br\/novosite\/wp-json\/wp\/v2\/tags?post=5319"}],"curies":[{"name":"wp","href":"https:\/\/api.w.org\/{rel}","templated":true}]}}