{"id":532,"date":"2018-01-24T11:31:31","date_gmt":"2018-01-24T14:31:31","guid":{"rendered":"http:\/\/cuidarebr.com.br\/?p=532"},"modified":"2018-01-24T11:31:31","modified_gmt":"2018-01-24T14:31:31","slug":"entrevista-cuidare-taubate","status":"publish","type":"post","link":"https:\/\/cuidarebr.com.br\/novosite\/entrevista-cuidare-taubate\/","title":{"rendered":"Entrevista com a franqueada da Cuidare Taubat\u00e9"},"content":{"rendered":"<div style=\"width: 1080px;\" class=\"wp-video\"><video class=\"wp-video-shortcode\" id=\"video-532-1\" width=\"1080\" height=\"608\" preload=\"metadata\" controls=\"controls\"><source type=\"video\/mp4\" src=\"http:\/\/cuidarebr.com.br\/media\/WhatsApp-Video-2018-01-23-at-21.36.45.mp4?_=1\" \/><a href=\"http:\/\/cuidarebr.com.br\/media\/WhatsApp-Video-2018-01-23-at-21.36.45.mp4\">http:\/\/cuidarebr.com.br\/media\/WhatsApp-Video-2018-01-23-at-21.36.45.mp4<\/a><\/video><\/div>\n<p style=\"text-align: center;\"><em>A nossa franqueada Renata Lavezo, respons\u00e1vel pela unidade da Cuidare Taubate, foi convidada pelo Jornal Band Cidade para falar sobre o segmento de franquias de cuidadores.<\/em><\/p>\n<p>&nbsp;<\/p>\n<p>No Brasil, nos pr\u00f3ximos 35 anos, os idosos devem passar de 12,5% (23 milh\u00f5es) para 30% (64 milh\u00f5es) da popula\u00e7\u00e3o do pa\u00eds. Foi o aumento expressivo da demanda pelo servi\u00e7o que levou a Cuidare ao franchising. Entre as principais vantagens para os franqueados, est\u00e3o o baixo investimento inicial (a partir de R$ 20 mil) e a possibilidade do formato home-based.<\/p>\n<p>Confira a entrevista!<\/p>\n","protected":false},"excerpt":{"rendered":"<p>A nossa franqueada Renata Lavezo, respons\u00e1vel pela unidade da Cuidare Taubate, foi convidada pelo Jornal Band Cidade para falar sobre o segmento de franquias de cuidadores. &nbsp; No Brasil, nos pr\u00f3ximos 35 anos, os idosos devem passar de 12,5% (23 milh\u00f5es) para 30% (64 milh\u00f5es) da popula\u00e7\u00e3o do pa\u00eds. Foi o aumento expressivo da demanda [&hellip;]<\/p>\n","protected":false},"author":3,"featured_media":631,"comment_status":"open","ping_status":"open","sticky":false,"template":"","format":"standard","meta":{"pagelayer_contact_templates":[],"_pagelayer_content":"","footnotes":""},"categories":[41],"tags":[],"class_list":["post-532","post","type-post","status-publish","format-standard","has-post-thumbnail","hentry","category-cuidare-na-midia"],"_links":{"self":[{"href":"https:\/\/cuidarebr.com.br\/novosite\/wp-json\/wp\/v2\/posts\/532","targetHints":{"allow":["GET"]}}],"collection":[{"href":"https:\/\/cuidarebr.com.br\/novosite\/wp-json\/wp\/v2\/posts"}],"about":[{"href":"https:\/\/cuidarebr.com.br\/novosite\/wp-json\/wp\/v2\/types\/post"}],"author":[{"embeddable":true,"href":"https:\/\/cuidarebr.com.br\/novosite\/wp-json\/wp\/v2\/users\/3"}],"replies":[{"embeddable":true,"href":"https:\/\/cuidarebr.com.br\/novosite\/wp-json\/wp\/v2\/comments?post=532"}],"version-history":[{"count":0,"href":"https:\/\/cuidarebr.com.br\/novosite\/wp-json\/wp\/v2\/posts\/532\/revisions"}],"wp:featuredmedia":[{"embeddable":true,"href":"https:\/\/cuidarebr.com.br\/novosite\/wp-json\/wp\/v2\/media\/631"}],"wp:attachment":[{"href":"https:\/\/cuidarebr.com.br\/novosite\/wp-json\/wp\/v2\/media?parent=532"}],"wp:term":[{"taxonomy":"category","embeddable":true,"href":"https:\/\/cuidarebr.com.br\/novosite\/wp-json\/wp\/v2\/categories?post=532"},{"taxonomy":"post_tag","embeddable":true,"href":"https:\/\/cuidarebr.com.br\/novosite\/wp-json\/wp\/v2\/tags?post=532"}],"curies":[{"name":"wp","href":"https:\/\/api.w.org\/{rel}","templated":true}]}}