{"id":5415,"date":"2024-11-28T10:42:45","date_gmt":"2024-11-28T13:42:45","guid":{"rendered":"https:\/\/cuidarebr.com.br\/?p=5415"},"modified":"2024-11-28T10:42:45","modified_gmt":"2024-11-28T13:42:45","slug":"valor-economico-redes-de-cuidadores-ganham-espaco-no-pais","status":"publish","type":"post","link":"https:\/\/cuidarebr.com.br\/novosite\/valor-economico-redes-de-cuidadores-ganham-espaco-no-pais\/","title":{"rendered":"[VALOR ECON\u00d4MICO] Redes de cuidadores ganham espa\u00e7o no pa\u00eds"},"content":{"rendered":"<p>&nbsp;<\/p>\n<h6>27 jun 2024<\/h6>\n<p><img loading=\"lazy\" decoding=\"async\" class=\"aligncenter wp-image-5417\" src=\"https:\/\/cuidarebr.com.br\/novosite\/wp-content\/uploads\/2024\/11\/Foto-1.jpg\" alt=\"\" width=\"127\" height=\"200\" srcset=\"https:\/\/cuidarebr.com.br\/novosite\/wp-content\/uploads\/2024\/11\/Foto-1.jpg 1000w, https:\/\/cuidarebr.com.br\/novosite\/wp-content\/uploads\/2024\/11\/Foto-1-191x300.jpg 191w, https:\/\/cuidarebr.com.br\/novosite\/wp-content\/uploads\/2024\/11\/Foto-1-651x1024.jpg 651w, https:\/\/cuidarebr.com.br\/novosite\/wp-content\/uploads\/2024\/11\/Foto-1-768x1207.jpg 768w, https:\/\/cuidarebr.com.br\/novosite\/wp-content\/uploads\/2024\/11\/Foto-1-977x1536.jpg 977w\" sizes=\"auto, (max-width: 127px) 100vw, 127px\" \/><\/p>\n<h6 style=\"text-align: center;\">Fundada por Izabelly Miranda em Natal, em 2013, a Cuidare est\u00e1 hoje em 22 Estados \u2014 Foto: Divulga\u00e7\u00e3o<\/h6>\n<p>&nbsp;<\/p>\n<p>&#8220;O Brasil est\u00e1 envelhecendo e, com isso, cresce a procura por servi\u00e7os de cuidados, sa\u00fade e bem-estar de idosos e doentes cr\u00f4nicos, que demandam de ajuda para tarefas do dia a dia. De acordo com dados do \u00faltimo censo, em 2022, o aumento da popula\u00e7\u00e3o idosa brasileira (acima de 60 anos) foi de 56%, em compara\u00e7\u00e3o a 2010. Passou de 20,6 milh\u00f5es para 32,1 milh\u00f5es de pessoas. A proje\u00e7\u00e3o \u00e9 que, em 2050, os idosos representem 30% da popula\u00e7\u00e3o &#8211; um contingente de 60 milh\u00f5es de brasileiros, seguindo a tend\u00eancia global de crescimento estimada pela Organiza\u00e7\u00e3o Mundial da Sa\u00fade (OMS). Hoje essa fatia \u00e9 pr\u00f3xima de 16%.<\/p>\n<p>Com base nesses dados e na car\u00eancia de servi\u00e7os especializados, as empresas da \u00e1rea t\u00eam vislumbrado no modelo de franquias uma forma de se expandir mais rapidamente. Levantamento da Associa\u00e7\u00e3o Brasileira de Franchising (ABF) mostra que, nos \u00faltimos dois anos, o n\u00famero de unidades franqueadas no segmento cresceu 75%. As opera\u00e7\u00f5es passaram de 393, em 2022, para 503 no ano passado, e, s\u00f3 no primeiro semestre de 2024, atingiram 690 unidades. Enquanto isso, o setor de franchising, como um todo, prev\u00ea um aumento de 5,5% no n\u00famero de opera\u00e7\u00f5es neste ano.<\/p>\n<p>&nbsp;<\/p>\n<p><img loading=\"lazy\" decoding=\"async\" class=\"wp-image-5418 aligncenter\" src=\"https:\/\/cuidarebr.com.br\/novosite\/wp-content\/uploads\/2024\/11\/Foto-2.jpg\" alt=\"\" width=\"967\" height=\"608\" srcset=\"https:\/\/cuidarebr.com.br\/novosite\/wp-content\/uploads\/2024\/11\/Foto-2.jpg 1000w, https:\/\/cuidarebr.com.br\/novosite\/wp-content\/uploads\/2024\/11\/Foto-2-300x189.jpg 300w, https:\/\/cuidarebr.com.br\/novosite\/wp-content\/uploads\/2024\/11\/Foto-2-768x483.jpg 768w\" sizes=\"auto, (max-width: 967px) 100vw, 967px\" \/><\/p>\n<p>&nbsp;<\/p>\n<p>Outra rede em expans\u00e3o \u00e9 a Cuidare, fundada por Izabelly Miranda no fim de 2013, em Natal. Em 2016, a opera\u00e7\u00e3o foi formatada para virar franquia e hoje conta com 70 unidades em 22 Estados. O objetivo \u00e9 chegar a 100 em 2025. \u201cTudo come\u00e7ou no final do meu curso de enfermagem h\u00e1 mais de 10 anos, no est\u00e1gio que eu fazia em um hospital. Via fam\u00edlias com dificuldades de se organizar nos cuidados do paciente que estava sendo \u2018desospitalizado\u2019. Essas cenas fizeram com que eu tivesse um insight e pensasse numa empresa de presta\u00e7\u00e3o de servi\u00e7os de cuidador\u201d, conta a empres\u00e1ria.<\/p>\n<p>Foi a iminente alta hospitalar da av\u00f3 que levou Fernando Werneck Vieira Marques, de Guarulhos (SP), a procurar um servi\u00e7o de cuidadores, ap\u00f3s presenciar o cansa\u00e7o de seus tios, que a acompanhavam na interna\u00e7\u00e3o. \u201cQuando estava para contratar a Cuidare, minha av\u00f3 faleceu\u201d, lembra Marques. Quando foi demitido da empresa onde trabalhava, em mar\u00e7o de 2020, quis abrir uma franquia da Cuidare. Atualmente, sua unidade atende 12 clientes por m\u00eas, fora os volantes, e tem 15 cuidadores registrados.<\/p>\n<p>&nbsp;<\/p>\n<h6>Mat\u00e9ria completa em: <a href=\"https:\/\/valor.globo.com\/publicacoes\/especiais\/franquias\/noticia\/2024\/06\/27\/redes-de-cuidadores-ganham-espaco-no-pais.ghtml\" target=\"_blank\" rel=\"noopener noreferrer\">https:\/\/valor.globo.com\/publicacoes\/especiais\/franquias\/noticia\/2024\/06\/27\/redes-de-cuidadores-ganham-espaco-no-pais.ghtml<\/a><\/h6>\n","protected":false},"excerpt":{"rendered":"<p>&nbsp; 27 jun 2024 Fundada por Izabelly Miranda em Natal, em 2013, a Cuidare est\u00e1 hoje em 22 Estados \u2014 Foto: Divulga\u00e7\u00e3o &nbsp; &#8220;O Brasil est\u00e1 envelhecendo e, com isso, cresce a procura por servi\u00e7os de cuidados, sa\u00fade e bem-estar de idosos e doentes cr\u00f4nicos, que demandam de ajuda para tarefas do dia a dia. [&hellip;]<\/p>\n","protected":false},"author":3,"featured_media":5416,"comment_status":"open","ping_status":"open","sticky":false,"template":"","format":"standard","meta":{"pagelayer_contact_templates":[],"_pagelayer_content":"","footnotes":""},"categories":[41],"tags":[],"class_list":["post-5415","post","type-post","status-publish","format-standard","has-post-thumbnail","hentry","category-cuidare-na-midia"],"_links":{"self":[{"href":"https:\/\/cuidarebr.com.br\/novosite\/wp-json\/wp\/v2\/posts\/5415","targetHints":{"allow":["GET"]}}],"collection":[{"href":"https:\/\/cuidarebr.com.br\/novosite\/wp-json\/wp\/v2\/posts"}],"about":[{"href":"https:\/\/cuidarebr.com.br\/novosite\/wp-json\/wp\/v2\/types\/post"}],"author":[{"embeddable":true,"href":"https:\/\/cuidarebr.com.br\/novosite\/wp-json\/wp\/v2\/users\/3"}],"replies":[{"embeddable":true,"href":"https:\/\/cuidarebr.com.br\/novosite\/wp-json\/wp\/v2\/comments?post=5415"}],"version-history":[{"count":0,"href":"https:\/\/cuidarebr.com.br\/novosite\/wp-json\/wp\/v2\/posts\/5415\/revisions"}],"wp:featuredmedia":[{"embeddable":true,"href":"https:\/\/cuidarebr.com.br\/novosite\/wp-json\/wp\/v2\/media\/5416"}],"wp:attachment":[{"href":"https:\/\/cuidarebr.com.br\/novosite\/wp-json\/wp\/v2\/media?parent=5415"}],"wp:term":[{"taxonomy":"category","embeddable":true,"href":"https:\/\/cuidarebr.com.br\/novosite\/wp-json\/wp\/v2\/categories?post=5415"},{"taxonomy":"post_tag","embeddable":true,"href":"https:\/\/cuidarebr.com.br\/novosite\/wp-json\/wp\/v2\/tags?post=5415"}],"curies":[{"name":"wp","href":"https:\/\/api.w.org\/{rel}","templated":true}]}}