{"id":5574,"date":"2025-08-27T10:13:51","date_gmt":"2025-08-27T13:13:51","guid":{"rendered":"https:\/\/cuidarebr.com.br\/?p=5574"},"modified":"2025-12-19T19:59:23","modified_gmt":"2025-12-19T19:59:23","slug":"diario-de-minas-envelhecimento-da-populacao-transforma-cenario-social-e-economico-de-belo-horizonte","status":"publish","type":"post","link":"https:\/\/cuidarebr.com.br\/novosite\/diario-de-minas-envelhecimento-da-populacao-transforma-cenario-social-e-economico-de-belo-horizonte\/","title":{"rendered":"[DIARIO DE MINAS] Envelhecimento da popula\u00e7\u00e3o transforma cen\u00e1rio social e econ\u00f4mico de Belo Horizonte"},"content":{"rendered":"<p><img loading=\"lazy\" decoding=\"async\" class=\"alignleft size-medium wp-image-5575\" src=\"https:\/\/cuidarebr.com.br\/media\/0326d1e7572e38c8d7e82735c3f80c58-243x300.jpg\" alt=\"\" width=\"243\" height=\"300\" \/><\/p>\n<p>Nos \u00faltimos anos, Belo Horizonte vem passando por uma mudan\u00e7a silenciosa, por\u00e9m profunda, o envelhecimento acelerado de sua popula\u00e7\u00e3o. Segundo o Censo de 2022, cerca de 20% dos\u00a0 moradores da capital mineira t\u00eam 60 anos ou mais \u2014 o que representa aproximadamente 460\u00a0 mil pessoas. Minas Gerais j\u00e1 ocupa a terceira posi\u00e7\u00e3o entre os estados mais envelhecidos do pa\u00eds,\u00a0 atr\u00e1s apenas do Rio de Janeiro e do Rio Grande do Sul.<\/p>\n<p>Essa mudan\u00e7a demogr\u00e1fica \u00e9 reflexo de uma combina\u00e7\u00e3o de fatores, como a queda cont\u00ednua nas\u00a0 taxas de fecundidade (hoje abaixo do n\u00edvel de reposi\u00e7\u00e3o populacional), os avan\u00e7os nos cuidados\u00a0 com a sa\u00fade p\u00fablica e o aumento da expectativa de vida, que ultrapassa os 76 anos no estado,\u00a0 s\u00e3o os principais motivos. Mas o envelhecimento populacional traz desafios complexos.<\/p>\n<p>Em Belo Horizonte, cresce a demanda por servi\u00e7os especializados para a terceira idade, desde\u00a0 cuidados m\u00e9dicos continuados, acompanhamento de doen\u00e7as cr\u00f4nicas como Alzheimer e\u00a0 Parkinson, at\u00e9 o aumento da demanda por reabilita\u00e7\u00e3o f\u00edsica e cognitiva. Al\u00e9m da \u00e1rea da sa\u00fade,\u00a0 o impacto se estende a setores como transporte, habita\u00e7\u00e3o, previd\u00eancia e at\u00e9 planejamento\u00a0 urbano. Um exemplo not\u00e1vel dessa adapta\u00e7\u00e3o \u00e9 a chegada da Cuidare Horizonte, na \u00e1rea nobre\u00a0 da capital. Vinda de uma rede nacional renomada e premiada em cuidados domiciliares, a\u00a0 Cuidare chega para suprir uma lacuna crescente: O cuidado cont\u00ednuo e especializado n\u00e3o apenas\u00a0 para idosos, mas para toda a fam\u00edlia.<\/p>\n<p>A proposta vai al\u00e9m do tradicional, oferecendo servi\u00e7os personalizados que abrangem idosos,\u00a0 adultos em recupera\u00e7\u00e3o, pu\u00e9rperas, rec\u00e9m-nascidos e crian\u00e7as (t\u00edpicas ou at\u00edpicas). O foco \u00e9\u00a0 proporcionar suporte familiar completo, desde adapta\u00e7\u00e3o do local e das necessidades\u00a0 individuais de cada paciente, seja no conforto do lar ou em acompanhamentos especializados.<\/p>\n<p>A frente da unidade est\u00e3o a empres\u00e1ria local Silvana Costa e a M\u00e9dica, Dra. Cynthia Costa.\u00a0 \u201cCuidar de quem amamos transcende a esfera familiar, tornando-se uma pauta de sa\u00fade p\u00fablica\u00a0 e estrutura social\u201d, afirma Silvana.<\/p>\n<p>E as duas, compartilham com a mesma experi\u00eancia pessoal que as motivou: \u201cQuando nossos\u00a0 Pais ficaram doente, pois sentimos na pele a falta de profissionais capacitados. \u201d<\/p>\n<p>\u201cNosso prop\u00f3sito \u00e9 assegurar qualidade de vida, dignidade e aten\u00e7\u00e3o especializada aos nossos\u00a0 assistidos. Para as fam\u00edlias, isso se traduz em paz de esp\u00edrito e a certeza de que seu familiar est\u00e1\u00a0 recebendo o melhor cuidado, permitindo que a vida siga com mais leveza e seguran\u00e7a.\u201d<\/p>\n<p>A Cuidare Horizonte se posiciona como parte essencial da resposta aos desafios do\u00a0 envelhecimento e das novas demandas de cuidado em Belo Horizonte, oferecendo acolhimento\u00a0 profissionalizado e humanizado em um momento crucial para a cidade e suas fam\u00edlias.<\/p>\n<p>Para mais informa\u00e7\u00f5es:<br \/>\nInstagram: @cuidarehorizonte<br \/>\nTelefone: (31) 9 8249-2240<\/p>\n<div class=\"gsp_post_data\" data-post_type=\"post\" data-cat=\"saude-e-bem-estar-2\" data-modified=\"120\" data-title=\"Envelhecimento da popula\u00e7\u00e3o transforma cen\u00e1rio social e econ\u00f4mico de Belo Horizonte\" data-home=\"https:\/\/diariodeminas.com.br\"><\/div>\n<div class=\"addtoany_share_save_container addtoany_content addtoany_content_bottom\">\n<div class=\"a2a_kit a2a_kit_size_32 addtoany_list\" data-a2a-url=\"https:\/\/diariodeminas.com.br\/envelhecimento-da-populacao-transforma-cenario-social-e-economico-de-belo-horizonte\/\" data-a2a-title=\"Envelhecimento da popula\u00e7\u00e3o transforma cen\u00e1rio social e econ\u00f4mico de Belo Horizonte\"><a class=\"a2a_button_facebook\" title=\"Facebook\" href=\"https:\/\/diariodeminas.com.br\/#facebook\" target=\"_blank\" rel=\"nofollow noopener noreferrer\"><span class=\"a2a_label\">Facebook<\/span><\/a><a class=\"a2a_button_x\" title=\"X\" href=\"https:\/\/diariodeminas.com.br\/#x\" target=\"_blank\" rel=\"nofollow noopener noreferrer\"><span class=\"a2a_label\">X<\/span><\/a><a class=\"a2a_button_whatsapp\" title=\"WhatsApp\" href=\"https:\/\/diariodeminas.com.br\/#whatsapp\" target=\"_blank\" rel=\"nofollow noopener noreferrer\"><span class=\"a2a_label\">WhatsApp<\/span><\/a><a class=\"a2a_button_telegram\" title=\"Telegram\" href=\"https:\/\/diariodeminas.com.br\/#telegram\" target=\"_blank\" rel=\"nofollow noopener noreferrer\"><span class=\"a2a_label\">Telegram<\/span><\/a><a class=\"a2a_dd addtoany_share_save addtoany_share\" href=\"https:\/\/www.addtoany.com\/share#url=https%3A%2F%2Fdiariodeminas.com.br%2Fenvelhecimento-da-populacao-transforma-cenario-social-e-economico-de-belo-horizonte%2F&amp;title=Envelhecimento%20da%20popula%C3%A7%C3%A3o%20transforma%20cen%C3%A1rio%20social%20e%20econ%C3%B4mico%20de%20Belo%20Horizonte\"><span class=\"a2a_label a2a_localize\" data-a2a-localize=\"inner,Share\">Compartilhar<\/span><\/a><\/div>\n<\/div>\n","protected":false},"excerpt":{"rendered":"<p>Nos \u00faltimos anos, Belo Horizonte vem passando por uma mudan\u00e7a silenciosa, por\u00e9m profunda, o envelhecimento acelerado de sua popula\u00e7\u00e3o. Segundo o Censo de 2022, cerca de 20% dos\u00a0 moradores da capital mineira t\u00eam 60 anos ou mais \u2014 o que representa aproximadamente 460\u00a0 mil pessoas. Minas Gerais j\u00e1 ocupa a terceira posi\u00e7\u00e3o entre os estados [&hellip;]<\/p>\n","protected":false},"author":3,"featured_media":0,"comment_status":"open","ping_status":"open","sticky":false,"template":"","format":"standard","meta":{"pagelayer_contact_templates":[],"_pagelayer_content":"","footnotes":""},"categories":[41],"tags":[],"class_list":["post-5574","post","type-post","status-publish","format-standard","hentry","category-cuidare-na-midia"],"_links":{"self":[{"href":"https:\/\/cuidarebr.com.br\/novosite\/wp-json\/wp\/v2\/posts\/5574","targetHints":{"allow":["GET"]}}],"collection":[{"href":"https:\/\/cuidarebr.com.br\/novosite\/wp-json\/wp\/v2\/posts"}],"about":[{"href":"https:\/\/cuidarebr.com.br\/novosite\/wp-json\/wp\/v2\/types\/post"}],"author":[{"embeddable":true,"href":"https:\/\/cuidarebr.com.br\/novosite\/wp-json\/wp\/v2\/users\/3"}],"replies":[{"embeddable":true,"href":"https:\/\/cuidarebr.com.br\/novosite\/wp-json\/wp\/v2\/comments?post=5574"}],"version-history":[{"count":1,"href":"https:\/\/cuidarebr.com.br\/novosite\/wp-json\/wp\/v2\/posts\/5574\/revisions"}],"predecessor-version":[{"id":16823,"href":"https:\/\/cuidarebr.com.br\/novosite\/wp-json\/wp\/v2\/posts\/5574\/revisions\/16823"}],"wp:attachment":[{"href":"https:\/\/cuidarebr.com.br\/novosite\/wp-json\/wp\/v2\/media?parent=5574"}],"wp:term":[{"taxonomy":"category","embeddable":true,"href":"https:\/\/cuidarebr.com.br\/novosite\/wp-json\/wp\/v2\/categories?post=5574"},{"taxonomy":"post_tag","embeddable":true,"href":"https:\/\/cuidarebr.com.br\/novosite\/wp-json\/wp\/v2\/tags?post=5574"}],"curies":[{"name":"wp","href":"https:\/\/api.w.org\/{rel}","templated":true}]}}