{"id":578,"date":"2018-02-26T11:25:53","date_gmt":"2018-02-26T14:25:53","guid":{"rendered":"http:\/\/cuidarebr.com.br\/?p=578"},"modified":"2018-02-26T11:25:53","modified_gmt":"2018-02-26T14:25:53","slug":"setor-de-franquias-cresce-8","status":"publish","type":"post","link":"https:\/\/cuidarebr.com.br\/novosite\/setor-de-franquias-cresce-8\/","title":{"rendered":"Setor de franquias cresce 8% em 2017 e prev\u00ea alta de 9% no faturamento em 2018"},"content":{"rendered":"<div id=\"attachment_583\" style=\"width: 755px\" class=\"wp-caption aligncenter\"><img loading=\"lazy\" decoding=\"async\" aria-describedby=\"caption-attachment-583\" class=\"size-full wp-image-583\" src=\"http:\/\/cuidarebr.com.br\/media\/negocios-franchising-abertura-thinks-1.jpg\" alt=\"\" width=\"745\" height=\"372\" \/><p id=\"caption-attachment-583\" class=\"wp-caption-text\">Foto: reprodu\u00e7\u00e3o Google.<\/p><\/div>\n<p>O setor de franquias cresceu 8% em 2017 na compara\u00e7\u00e3o com o ano anterior, saltando de R$ 151,2 bilh\u00f5es para cerca de R$ 163 bilh\u00f5es, segundo balan\u00e7o parcial da Associa\u00e7\u00e3o Brasileira de Franchising (ABF). \u201cOs sinais de melhora da economia brasileira, especialmente leve recupera\u00e7\u00e3o da renda e consumo, se refletiram no setor de franquias ao longo do ano passado\u201d, avaliou a entidade.<\/p>\n<p>Para o presidente da ABF, Altino Cristofoletti Junior, al\u00e9m do quadro macroecon\u00f4mico, o ano foi marcado por tr\u00eas movimentos: a progressiva diversifica\u00e7\u00e3o de canais, modelos e localiza\u00e7\u00e3o; a interioriza\u00e7\u00e3o do\u00a0<em>franchising<\/em>; e o crescimento de franqueados multiunidade.<\/p>\n<p>\u201cA busca por efici\u00eancia, novos mercados e por atrair um consumidor receoso se traduziu em muita inova\u00e7\u00e3o: novas estrat\u00e9gias de venda, de configura\u00e7\u00e3o de ponto comercial, aprimoramentos em produtos e parcerias. Neste movimento, os franqueados com mais de uma unidade tiveram o importante papel de assumir lojas em dificuldade e as cidades do interior, a fun\u00e7\u00e3o de manter viva a expans\u00e3o\u201d, completa o presidente da ABF.<\/p>\n<p>J\u00e1 em rela\u00e7\u00e3o aos empregos gerados no setor, a pr\u00e9via sinaliza crescimento de 1%, alcan\u00e7ando cerca de 1,2 milh\u00e3o de trabalhadores diretos. A proje\u00e7\u00e3o \u00e9 de que, em 2018, haja um incremento de 3% no n\u00famero de empregos em\u00a0<em>franchising<\/em>.<\/p>\n<p>Na avalia\u00e7\u00e3o do presidente da ABF, \u201ca baixa infla\u00e7\u00e3o, a queda da taxa b\u00e1sica de juros da economia (Selic), a melhora dos \u00edndices de confian\u00e7a do consumidor e do empresariado e a retomada do crescimento do varejo e da atividade industrial s\u00e3o alguns dos fatores que contribu\u00edram para o crescimento do\u00a0<em>franchising<\/em>\u00a0e que nos permitem projetar um desempenho mais positivo do setor em 2018\u201d. A proje\u00e7\u00e3o da entidade para este ano \u00e9 ampliar o faturamento entre 9% e 10%.<\/p>\n<p>\u00c9 o que espera o gerente-geral da Tutores, microfranquia especializada em refor\u00e7o escolar, Andr\u00e9 Luiz da Silva. \u201cPara 2018, a expectativa \u00e9 chegar em todas as capitais e terminar o ano com mais de 150 franquias e faturamento na casa do R$ 50 milh\u00f5es\u201d, diz Silva.<\/p>\n<p>Expectativa compartilhada pela diretora da Gin\u00e1stica do C\u00e9rebro, Nadia Benitez. A executiva da empresa de treinamento cognitivo e desenvolvimento cerebral, afirma que apesar das instabilidades da economia, a rede cresceu 50% em 2017 em rela\u00e7\u00e3o ao ano anterior e espera manter o crescimento este ano. \u201cA expectativa de crescimento da rede para 2018 \u00e9 de no m\u00ednimo dez novas unidades\u201d.<\/p>\n<p><strong>Alimenta\u00e7\u00e3o<\/strong><\/p>\n<p>Um estudo in\u00e9dito com o perfil das 50 maiores marcas de franquias no Brasil mostrou que, em termos de segmento de atua\u00e7\u00e3o, a predomin\u00e2ncia em 2017 foi do setor de Alimenta\u00e7\u00e3o (34%), seguido por Servi\u00e7os Educacionais (18%).<\/p>\n<p>De acordo com a entidade, o destaque foi o crescimento da participa\u00e7\u00e3o do segmento de <strong>Sa\u00fade<\/strong>, Beleza e Bem-Estar (de 12% para 16%). \u201cEste segmento vem apresentando desempenhos consistentes nos \u00faltimos trimestres e se mostrou aqui presente tamb\u00e9m, tanto com a manuten\u00e7\u00e3o da l\u00edder do setor, quanto pelo ingresso de duas novas redes deste segmento no grupo das maiores\u201d, explica o presidente da ABF.<\/p>\n<p>Fonte:<a href=\"http:\/\/agenciabrasil.ebc.com.br\/economia\/noticia\/2018-01\/setor-de-franquias-cresce-8-em-2017-e-preve-alta-de-9-no-faturamento-em\"> Ag\u00eancia Brasil\u00a0<\/a><\/p>\n","protected":false},"excerpt":{"rendered":"<p>O setor de franquias cresceu 8% em 2017 na compara\u00e7\u00e3o com o ano anterior, saltando de R$ 151,2 bilh\u00f5es para cerca de R$ 163 bilh\u00f5es, segundo balan\u00e7o parcial da Associa\u00e7\u00e3o Brasileira de Franchising (ABF). \u201cOs sinais de melhora da economia brasileira, especialmente leve recupera\u00e7\u00e3o da renda e consumo, se refletiram no setor de franquias ao [&hellip;]<\/p>\n","protected":false},"author":3,"featured_media":632,"comment_status":"open","ping_status":"open","sticky":false,"template":"","format":"standard","meta":{"pagelayer_contact_templates":[],"_pagelayer_content":"","footnotes":""},"categories":[41],"tags":[45,46,47,48],"class_list":["post-578","post","type-post","status-publish","format-standard","has-post-thumbnail","hentry","category-cuidare-na-midia","tag-empreendedor","tag-franchising","tag-franquias","tag-saude"],"_links":{"self":[{"href":"https:\/\/cuidarebr.com.br\/novosite\/wp-json\/wp\/v2\/posts\/578","targetHints":{"allow":["GET"]}}],"collection":[{"href":"https:\/\/cuidarebr.com.br\/novosite\/wp-json\/wp\/v2\/posts"}],"about":[{"href":"https:\/\/cuidarebr.com.br\/novosite\/wp-json\/wp\/v2\/types\/post"}],"author":[{"embeddable":true,"href":"https:\/\/cuidarebr.com.br\/novosite\/wp-json\/wp\/v2\/users\/3"}],"replies":[{"embeddable":true,"href":"https:\/\/cuidarebr.com.br\/novosite\/wp-json\/wp\/v2\/comments?post=578"}],"version-history":[{"count":0,"href":"https:\/\/cuidarebr.com.br\/novosite\/wp-json\/wp\/v2\/posts\/578\/revisions"}],"wp:featuredmedia":[{"embeddable":true,"href":"https:\/\/cuidarebr.com.br\/novosite\/wp-json\/wp\/v2\/media\/632"}],"wp:attachment":[{"href":"https:\/\/cuidarebr.com.br\/novosite\/wp-json\/wp\/v2\/media?parent=578"}],"wp:term":[{"taxonomy":"category","embeddable":true,"href":"https:\/\/cuidarebr.com.br\/novosite\/wp-json\/wp\/v2\/categories?post=578"},{"taxonomy":"post_tag","embeddable":true,"href":"https:\/\/cuidarebr.com.br\/novosite\/wp-json\/wp\/v2\/tags?post=578"}],"curies":[{"name":"wp","href":"https:\/\/api.w.org\/{rel}","templated":true}]}}