{"id":595,"date":"2018-03-14T10:26:55","date_gmt":"2018-03-14T13:26:55","guid":{"rendered":"http:\/\/cuidarebr.com.br\/?p=595"},"modified":"2018-03-14T10:26:55","modified_gmt":"2018-03-14T13:26:55","slug":"programa-franqueado-aracaju","status":"publish","type":"post","link":"https:\/\/cuidarebr.com.br\/novosite\/programa-franqueado-aracaju\/","title":{"rendered":"Cuidare Aracaju no programa Bons Neg\u00f3cios TV"},"content":{"rendered":"<div style=\"width: 1080px;\" class=\"wp-video\"><video class=\"wp-video-shortcode\" id=\"video-595-1\" width=\"1080\" height=\"608\" preload=\"metadata\" controls=\"controls\"><source type=\"video\/mp4\" src=\"http:\/\/cuidarebr.com.br\/media\/BNTV-293-Cuidare.mp4?_=1\" \/><a href=\"http:\/\/cuidarebr.com.br\/media\/BNTV-293-Cuidare.mp4\">http:\/\/cuidarebr.com.br\/media\/BNTV-293-Cuidare.mp4<\/a><\/video><\/div>\n<p>O nosso franqueado Jorge Costa, respons\u00e1vel pela unidade da <a href=\"https:\/\/www.instagram.com\/cuidarearacaju\/\">Cuidare Aracaju<\/a>, foi convidado pelo programa <a href=\"https:\/\/www.facebook.com\/bntvse\/\">Bons Neg\u00f3cios TV<\/a>, do canal Atalaia, afiliada \u00e0 RecordTV, para falar sobre o segmento de franquias de cuidadores; mercado aquecido e em constante crescimento. Focada na crescente necessidade de servi\u00e7os voltados para a terceira idade, a Cuidare &#8211; Cuidadores de Pessoas, est\u00e1 em plena expans\u00e3o, oferecendo modelos enxutos de franquia, com baixo investimento inicial e alta lucratividade. Confira a entrevista completa e conhe\u00e7a o diferencial da Cuidare.<\/p>\n","protected":false},"excerpt":{"rendered":"<p>O nosso franqueado Jorge Costa, respons\u00e1vel pela unidade da Cuidare Aracaju, foi convidado pelo programa Bons Neg\u00f3cios TV, do canal Atalaia, afiliada \u00e0 RecordTV, para falar sobre o segmento de franquias de cuidadores; mercado aquecido e em constante crescimento. Focada na crescente necessidade de servi\u00e7os voltados para a terceira idade, a Cuidare &#8211; Cuidadores de [&hellip;]<\/p>\n","protected":false},"author":3,"featured_media":600,"comment_status":"open","ping_status":"open","sticky":false,"template":"","format":"standard","meta":{"pagelayer_contact_templates":[],"_pagelayer_content":"","footnotes":""},"categories":[41],"tags":[49,50,46,51,52],"class_list":["post-595","post","type-post","status-publish","format-standard","has-post-thumbnail","hentry","category-cuidare-na-midia","tag-cuidare","tag-cuidare-aracaju","tag-franchising","tag-franqueado","tag-programa"],"_links":{"self":[{"href":"https:\/\/cuidarebr.com.br\/novosite\/wp-json\/wp\/v2\/posts\/595","targetHints":{"allow":["GET"]}}],"collection":[{"href":"https:\/\/cuidarebr.com.br\/novosite\/wp-json\/wp\/v2\/posts"}],"about":[{"href":"https:\/\/cuidarebr.com.br\/novosite\/wp-json\/wp\/v2\/types\/post"}],"author":[{"embeddable":true,"href":"https:\/\/cuidarebr.com.br\/novosite\/wp-json\/wp\/v2\/users\/3"}],"replies":[{"embeddable":true,"href":"https:\/\/cuidarebr.com.br\/novosite\/wp-json\/wp\/v2\/comments?post=595"}],"version-history":[{"count":0,"href":"https:\/\/cuidarebr.com.br\/novosite\/wp-json\/wp\/v2\/posts\/595\/revisions"}],"wp:featuredmedia":[{"embeddable":true,"href":"https:\/\/cuidarebr.com.br\/novosite\/wp-json\/wp\/v2\/media\/600"}],"wp:attachment":[{"href":"https:\/\/cuidarebr.com.br\/novosite\/wp-json\/wp\/v2\/media?parent=595"}],"wp:term":[{"taxonomy":"category","embeddable":true,"href":"https:\/\/cuidarebr.com.br\/novosite\/wp-json\/wp\/v2\/categories?post=595"},{"taxonomy":"post_tag","embeddable":true,"href":"https:\/\/cuidarebr.com.br\/novosite\/wp-json\/wp\/v2\/tags?post=595"}],"curies":[{"name":"wp","href":"https:\/\/api.w.org\/{rel}","templated":true}]}}