{"id":605,"date":"2018-03-16T09:42:06","date_gmt":"2018-03-16T12:42:06","guid":{"rendered":"http:\/\/cuidarebr.com.br\/?p=605"},"modified":"2018-03-16T09:42:06","modified_gmt":"2018-03-16T12:42:06","slug":"os-12-negocios-mais-promissores-para-2018-segundo-o-sebrae","status":"publish","type":"post","link":"https:\/\/cuidarebr.com.br\/novosite\/os-12-negocios-mais-promissores-para-2018-segundo-o-sebrae\/","title":{"rendered":"Os 12 neg\u00f3cios mais promissores para 2018, segundo o Sebrae"},"content":{"rendered":"<h3 class=\"article-subtitle\">O Sebrae elaborou uma lista com as \u00e1reas mais pr\u00f3speras para empreender neste ano.\u00a0Confira onde investir:<\/h3>\n<div style=\"width: 1130px\" class=\"wp-caption aligncenter\"><img loading=\"lazy\" decoding=\"async\" src=\"https:\/\/diariodoturismo.com.br\/wp-content\/uploads\/2017\/11\/sebrae.jpg\" alt=\"Resultado de imagem para sebrae\" width=\"1120\" height=\"460\" \/><p class=\"wp-caption-text\">Foto: reprodu\u00e7\u00e3o Google.<\/p><\/div>\n<p>Quer abrir sua pr\u00f3pria empresa neste ano? Ent\u00e3o, invista em neg\u00f3cios como est\u00e9tica, marmitas e cuidados para idosos.<\/p>\n<p>Essa \u00e9 a recomenda\u00e7\u00e3o do\u00a0<a href=\"https:\/\/exame.abril.com.br\/noticias-sobre\/sebrae\"><strong>Sebrae<\/strong><\/a>, servi\u00e7o brasileiro de apoio para as\u00a0<a href=\"https:\/\/exame.abril.com.br\/noticias-sobre\/pequenas-empresas\"><strong>micro e pequenas empresas<\/strong><\/a>. A institui\u00e7\u00e3o elaborou um estudo sobre quais as\u00a0<a href=\"https:\/\/exame.abril.com.br\/noticias-sobre\/ideias-de-negocio\"><strong>ideias de neg\u00f3cio<\/strong><\/a>\u00a0mais promissoras de 2018, com base no perfil de novas empresas, nas taxas de expans\u00e3o dos segmentos, no comportamento da economia nacional e no mercado externo.<\/p>\n<p>O principal destaque da pesquisa \u00e9 que os\u00a0empreendimentos\u00a0que promovem sa\u00fade, inovam na oferta de\u00a0alimentos\u00a0e oferecem servi\u00e7os ligados \u00e0 beleza pessoal est\u00e3o entre as atividades mais pr\u00f3speras.<\/p>\n<p>\u201cOs recentes resultados de gera\u00e7\u00e3o de emprego comprovam que economia d\u00e1 sinais de recupera\u00e7\u00e3o. Com isso, aumenta tamb\u00e9m o poder de compra dos brasileiros, que voltam a consumir alimenta\u00e7\u00e3o fora de casa, retomam o ritmo de cuidados pessoais e conseguem investir na sa\u00fade\u201d, analisou o presidente do Sebrae, Guilherme Afif Domingos, em comunicado sobre o estudo.<\/p>\n<p>&nbsp;<\/p>\n<h2><em><strong>Confira quais s\u00e3o os 12 neg\u00f3cios mais promissores para abrir em 2018:<\/strong><\/em><\/h2>\n<h3 style=\"text-align: center;\">1 \u2014 Alimentos e bebidas<\/h3>\n<div class=\"content-image alignnone wp-caption\" style=\"text-align: center;\">\n<div class=\"image\"><img decoding=\"async\" class=\"abril-image optimized lazyloaded\" title=\"\" src=\"https:\/\/abrilexame.files.wordpress.com\/2017\/11\/poke.jpg\" sizes=\"(min-width: 991px) 680px,(max-width: 420px) 420px,(max-width: 360px) 360px,\" srcset=\"https:\/\/abrilexame.files.wordpress.com\/2017\/11\/poke.jpg?quality=70&amp;strip=info&amp;crop=true&amp;w=680&amp;h=453 680w,https:\/\/abrilexame.files.wordpress.com\/2017\/11\/poke.jpg?quality=70&amp;strip=all&amp;crop=true&amp;w=420&amp;h=280 420w,https:\/\/abrilexame.files.wordpress.com\/2017\/11\/poke.jpg?quality=70&amp;strip=all&amp;crop=true&amp;w=360&amp;h=240 360w,\" alt=\"\" \/><\/div>\n<p class=\"caption\">\u00a0(sveta_zarzamora\/Thinkstock)<\/p>\n<\/div>\n<p style=\"text-align: center;\">O setor de alimenta\u00e7\u00e3o segue forte para 2018. Dentro de um segmento t\u00e3o amplo, o Sebrae destaca como neg\u00f3cios promissores bares, casas de ch\u00e1 e sucos, com\u00e9rcio de alimentos e bebidas, fabrica\u00e7\u00e3o de produtos de padaria e confeitaria, fornecimento de alimentos preparados (como marmitas) e lanchonetes.<\/p>\n<h3 style=\"text-align: center;\">2 \u2014 Beleza e cosm\u00e9ticos: servi\u00e7os pessoais<\/h3>\n<div class=\"content-image alignnone wp-caption\" style=\"text-align: center;\">\n<div class=\"image\"><img decoding=\"async\" class=\"abril-image optimized lazyloaded\" title=\"\" src=\"https:\/\/abrilexame.files.wordpress.com\/2017\/09\/maquiagem.jpg\" sizes=\"(min-width: 991px) 680px,(max-width: 420px) 420px,(max-width: 360px) 360px,\" srcset=\"https:\/\/abrilexame.files.wordpress.com\/2017\/09\/maquiagem.jpg?quality=70&amp;strip=info&amp;crop=true&amp;w=680&amp;h=453 680w,https:\/\/abrilexame.files.wordpress.com\/2017\/09\/maquiagem.jpg?quality=70&amp;strip=all&amp;crop=true&amp;w=420&amp;h=280 420w,https:\/\/abrilexame.files.wordpress.com\/2017\/09\/maquiagem.jpg?quality=70&amp;strip=all&amp;crop=true&amp;w=360&amp;h=240 360w,\" alt=\"\" \/><\/div>\n<p class=\"caption\">\u00a0(Tatomm\/Thinkstock)<\/p>\n<\/div>\n<p style=\"text-align: center;\">Outro setor tradicional no pa\u00eds \u00e9 o beleza e cosm\u00e9ticos. O Sebrae destaca que, para 2018, os empreendedores podem ir al\u00e9m do com\u00e9rcio de produtos, que tamb\u00e9m \u00e9 promissor. Outros bons neg\u00f3cios s\u00e3o os de cabeleireiro, manicure, pedicure e procedimentos est\u00e9ticos.<\/p>\n<h3 style=\"text-align: center;\">3 \u2014 Cal\u00e7ados e vestu\u00e1rio<\/h3>\n<div class=\"content-image alignnone wp-caption\" style=\"text-align: center;\">\n<div class=\"image\"><img decoding=\"async\" class=\"abril-image optimized lazyloaded\" title=\"\" src=\"https:\/\/abrilexame.files.wordpress.com\/2017\/07\/thinkstockphotos-533833660-1-e1520603478540.jpg\" sizes=\"(min-width: 991px) 680px,(max-width: 420px) 420px,(max-width: 360px) 360px,\" srcset=\"https:\/\/abrilexame.files.wordpress.com\/2017\/07\/thinkstockphotos-533833660-1-e1520603478540.jpg?quality=70&amp;strip=info&amp;crop=true&amp;w=680&amp;h=453 680w,https:\/\/abrilexame.files.wordpress.com\/2017\/07\/thinkstockphotos-533833660-1-e1520603478540.jpg?quality=70&amp;strip=all&amp;crop=true&amp;w=420&amp;h=280 420w,https:\/\/abrilexame.files.wordpress.com\/2017\/07\/thinkstockphotos-533833660-1-e1520603478540.jpg?quality=70&amp;strip=all&amp;crop=true&amp;w=360&amp;h=240 360w,\" alt=\"\" \/><\/div>\n<p class=\"caption\">\u00a0(kurmyshov\/Thinkstock)<\/p>\n<\/div>\n<p style=\"text-align: center;\">Outro segmento tradicional e que segue forte, na vis\u00e3o do Sebrae, \u00e9 o de cal\u00e7ados e vestu\u00e1rio. Alguns bons empreendimentos no ramo s\u00e3o com\u00e9rcio de roupas e sapatos e a confec\u00e7\u00e3o sob medida dos mesmos produtos.<\/p>\n<h3 style=\"text-align: center;\">4 \u2014 Comunica\u00e7\u00e3o e computa\u00e7\u00e3o<\/h3>\n<div class=\"content-image alignnone wp-caption\" style=\"text-align: center;\">\n<div class=\"image\"><img decoding=\"async\" class=\"abril-image optimized lazyloaded\" title=\"\" src=\"https:\/\/abrilexame.files.wordpress.com\/2018\/02\/videoconferencia.jpg\" sizes=\"(min-width: 991px) 680px,(max-width: 420px) 420px,(max-width: 360px) 360px,\" srcset=\"https:\/\/abrilexame.files.wordpress.com\/2018\/02\/videoconferencia.jpg?quality=70&amp;strip=info&amp;crop=true&amp;w=680&amp;h=453 680w,https:\/\/abrilexame.files.wordpress.com\/2018\/02\/videoconferencia.jpg?quality=70&amp;strip=all&amp;crop=true&amp;w=420&amp;h=280 420w,https:\/\/abrilexame.files.wordpress.com\/2018\/02\/videoconferencia.jpg?quality=70&amp;strip=all&amp;crop=true&amp;w=360&amp;h=240 360w,\" alt=\"\" \/><\/div>\n<p class=\"caption\">\u00a0(AntonioGuillem\/Thinkstock)<\/p>\n<\/div>\n<p style=\"text-align: center;\">Entregar informa\u00e7\u00f5es por meios digitais \u00e9 uma aposta da institui\u00e7\u00e3o para este ano. Al\u00e9m dos conhecidos portais de conte\u00fado e dos servi\u00e7os de comunica\u00e7\u00e3o e multim\u00eddia, outras apostas s\u00e3o o desenvolvimento de softwares e de servi\u00e7os de internet relacionados ao setor.<\/p>\n<h3 style=\"text-align: center;\">5 \u2014 Constru\u00e7\u00e3o<\/h3>\n<div class=\"content-image alignnone wp-caption\" style=\"text-align: center;\">\n<div class=\"image\"><img decoding=\"async\" class=\"abril-image optimized lazyloaded\" title=\"\" src=\"https:\/\/abrilexame.files.wordpress.com\/2018\/02\/db_2802.jpg\" sizes=\"(min-width: 991px) 680px,(max-width: 420px) 420px,(max-width: 360px) 360px,\" srcset=\"https:\/\/abrilexame.files.wordpress.com\/2018\/02\/db_2802.jpg?quality=70&amp;strip=info&amp;crop=true&amp;w=680&amp;h=453 680w,https:\/\/abrilexame.files.wordpress.com\/2018\/02\/db_2802.jpg?quality=70&amp;strip=all&amp;crop=true&amp;w=420&amp;h=280 420w,https:\/\/abrilexame.files.wordpress.com\/2018\/02\/db_2802.jpg?quality=70&amp;strip=all&amp;crop=true&amp;w=360&amp;h=240 360w,\" alt=\"\" \/><\/div>\n<p class=\"caption\">\u00a0(Paulo Fridman\/Bloomberg\/Bloomberg)<\/p>\n<\/div>\n<p style=\"text-align: center;\">O setor de constru\u00e7\u00e3o se beneficia tanto de \u00e9pocas boas da economia, com o lan\u00e7amento de novos im\u00f3veis, quanto de \u00e9pocas ruins, com a aposta em consertos. O Sebrae destaca como bons neg\u00f3cios na \u00e1rea o com\u00e9rcio de material de constru\u00e7\u00e3o, instala\u00e7\u00e3o e manuten\u00e7\u00e3o el\u00e9trica, pequenas reformas e serralheria.<\/p>\n<h3 style=\"text-align: center;\">6 \u2014 Educa\u00e7\u00e3o<\/h3>\n<div class=\"content-image alignnone wp-caption\" style=\"text-align: center;\">\n<div class=\"image\"><img decoding=\"async\" class=\"abril-image optimized lazyloaded\" title=\"\" src=\"https:\/\/abrilexame.files.wordpress.com\/2018\/02\/djelics.jpg\" sizes=\"(min-width: 991px) 680px,(max-width: 420px) 420px,(max-width: 360px) 360px,\" srcset=\"https:\/\/abrilexame.files.wordpress.com\/2018\/02\/djelics.jpg?quality=70&amp;strip=info&amp;crop=true&amp;w=680&amp;h=453 680w,https:\/\/abrilexame.files.wordpress.com\/2018\/02\/djelics.jpg?quality=70&amp;strip=all&amp;crop=true&amp;w=420&amp;h=280 420w,https:\/\/abrilexame.files.wordpress.com\/2018\/02\/djelics.jpg?quality=70&amp;strip=all&amp;crop=true&amp;w=360&amp;h=240 360w,\" alt=\"\" \/><\/div>\n<p class=\"caption\">\u00a0(DjelicS\/Thinkstock)<\/p>\n<\/div>\n<p style=\"text-align: center;\">A \u00e1rea de educa\u00e7\u00e3o \u00e9 mais um ramo tradicional que se expande a cada ano. Alguns neg\u00f3cios promissores s\u00e3o os de educa\u00e7\u00e3o infantil, de ensino de esportes, de transporte escolar e de treinamentos gerenciais e profissionais.<\/p>\n<h3 style=\"text-align: center;\">7 \u2014 Entretenimento<\/h3>\n<div class=\"content-image alignnone wp-caption\" style=\"text-align: center;\">\n<div class=\"image\"><img decoding=\"async\" class=\"abril-image optimized lazyloaded\" title=\"\" src=\"https:\/\/abrilexame.files.wordpress.com\/2017\/07\/festa-e1520603959879.jpg\" sizes=\"(min-width: 991px) 680px,(max-width: 420px) 420px,(max-width: 360px) 360px,\" srcset=\"https:\/\/abrilexame.files.wordpress.com\/2017\/07\/festa-e1520603959879.jpg?quality=70&amp;strip=info&amp;crop=true&amp;w=680&amp;h=453 680w,https:\/\/abrilexame.files.wordpress.com\/2017\/07\/festa-e1520603959879.jpg?quality=70&amp;strip=all&amp;crop=true&amp;w=420&amp;h=280 420w,https:\/\/abrilexame.files.wordpress.com\/2017\/07\/festa-e1520603959879.jpg?quality=70&amp;strip=all&amp;crop=true&amp;w=360&amp;h=240 360w,\" alt=\"\" \/><\/div>\n<p class=\"caption\">\u00a0(shironosov\/Thinkstock)<\/p>\n<\/div>\n<p style=\"text-align: center;\">Uma dica do Sebrae para empreender em 2018 \u00e9 apostar em neg\u00f3cios de entretenimento. Alguns exemplos s\u00e3o as casas de festas e eventos e a organiza\u00e7\u00e3o de congressos, exposi\u00e7\u00f5es e feiras.<\/p>\n<h3 style=\"text-align: center;\">8 \u2014 Inform\u00e1tica<\/h3>\n<div class=\"content-image alignnone wp-caption\" style=\"text-align: center;\">\n<div class=\"image\"><img decoding=\"async\" class=\"abril-image optimized lazyloaded\" title=\"\" src=\"https:\/\/abrilexame.files.wordpress.com\/2016\/10\/size_960_16_9_internet-e-commerce.jpg\" sizes=\"(min-width: 991px) 680px,(max-width: 420px) 420px,(max-width: 360px) 360px,\" srcset=\"https:\/\/abrilexame.files.wordpress.com\/2016\/10\/size_960_16_9_internet-e-commerce.jpg?quality=70&amp;strip=info&amp;crop=true&amp;w=680&amp;h=453 680w,https:\/\/abrilexame.files.wordpress.com\/2016\/10\/size_960_16_9_internet-e-commerce.jpg?quality=70&amp;strip=all&amp;crop=true&amp;w=420&amp;h=280 420w,https:\/\/abrilexame.files.wordpress.com\/2016\/10\/size_960_16_9_internet-e-commerce.jpg?quality=70&amp;strip=all&amp;crop=true&amp;w=360&amp;h=240 360w,\" alt=\"\" \/><\/div>\n<p class=\"caption\">\u00a0(.\/Divulga\u00e7\u00e3o)<\/p>\n<\/div>\n<p style=\"text-align: center;\">O setor de inform\u00e1tica possui diversas atua\u00e7\u00f5es. Para 2018, o Sebrae destaca o com\u00e9rcio de equipamentos de inform\u00e1tica, como acess\u00f3rios e pe\u00e7as para computadores.<\/p>\n<h3 style=\"text-align: center;\">9 \u2014 Lojas de conveni\u00eancia<\/h3>\n<div class=\"content-image alignnone wp-caption\" style=\"text-align: center;\">\n<div class=\"image\"><img decoding=\"async\" class=\"abril-image optimized lazyloaded\" title=\"\" src=\"https:\/\/abrilexame.files.wordpress.com\/2018\/03\/pagamento-cartao_sa.jpg\" sizes=\"(min-width: 991px) 680px,(max-width: 420px) 420px,(max-width: 360px) 360px,\" srcset=\"https:\/\/abrilexame.files.wordpress.com\/2018\/03\/pagamento-cartao_sa.jpg?quality=70&amp;strip=info&amp;crop=true&amp;w=680&amp;h=453 680w,https:\/\/abrilexame.files.wordpress.com\/2018\/03\/pagamento-cartao_sa.jpg?quality=70&amp;strip=all&amp;crop=true&amp;w=420&amp;h=280 420w,https:\/\/abrilexame.files.wordpress.com\/2018\/03\/pagamento-cartao_sa.jpg?quality=70&amp;strip=all&amp;crop=true&amp;w=360&amp;h=240 360w,\" alt=\"\" \/><\/div>\n<p class=\"caption\">\u00a0(YakobchukOlena\/Thinkstock)<\/p>\n<\/div>\n<p style=\"text-align: center;\">As lojas de conveni\u00eancia dispensam apresenta\u00e7\u00f5es. As redes de franquia no setor se proliferam, atendendo neg\u00f3cios como postos de gasolina, e seguem sendo uma aposta para este ano.<\/p>\n<h3 style=\"text-align: center;\">10 \u2014 Sa\u00fade<\/h3>\n<div class=\"content-image alignnone wp-caption\" style=\"text-align: center;\">\n<div class=\"image\"><img decoding=\"async\" class=\"abril-image optimized lazyloaded\" title=\"\" src=\"https:\/\/abrilexame.files.wordpress.com\/2018\/03\/cuidado-idosa-e1520604502250.jpg\" sizes=\"(min-width: 991px) 680px,(max-width: 420px) 420px,(max-width: 360px) 360px,\" srcset=\"https:\/\/abrilexame.files.wordpress.com\/2018\/03\/cuidado-idosa-e1520604502250.jpg?quality=70&amp;strip=info&amp;crop=true&amp;w=680&amp;h=453 680w,https:\/\/abrilexame.files.wordpress.com\/2018\/03\/cuidado-idosa-e1520604502250.jpg?quality=70&amp;strip=all&amp;crop=true&amp;w=420&amp;h=280 420w,https:\/\/abrilexame.files.wordpress.com\/2018\/03\/cuidado-idosa-e1520604502250.jpg?quality=70&amp;strip=all&amp;crop=true&amp;w=360&amp;h=240 360w,\" alt=\"\" \/><\/div>\n<p class=\"caption\">\u00a0(KatarzynaBialasiewicz\/Thinkstock)<\/p>\n<\/div>\n<p style=\"text-align: center;\">O setor de sa\u00fade j\u00e1 \u00e9 bem promissor, mas deve ganhar cada vez mais destaque com o envelhecimento progressivo da popula\u00e7\u00e3o brasileira.<\/p>\n<p style=\"text-align: center;\">O Sebrae lista como tipos de empresas promissores nesse segmento as de ambulat\u00f3rio; de atividades de condicionamento f\u00edsico e fisioterapia; de cuidados com idosos; de ensino de esporte; de servi\u00e7os de diagn\u00f3stico por imagem; e de venda de planos de previd\u00eancia complementar e de sa\u00fade. Outra atua\u00e7\u00e3o destacada pela institui\u00e7\u00e3o \u00e9 a de servi\u00e7os veterin\u00e1rios, com foco na sa\u00fade de animais de estima\u00e7\u00e3o.<\/p>\n<h3 style=\"text-align: center;\">11 \u2014 Servi\u00e7os especializados<\/h3>\n<div class=\"content-image alignnone wp-caption\" style=\"text-align: center;\">\n<div class=\"image\"><img decoding=\"async\" class=\"abril-image optimized lazyloaded\" title=\"\" src=\"https:\/\/abrilexame.files.wordpress.com\/2017\/12\/delivery.jpg\" sizes=\"(min-width: 991px) 680px,(max-width: 420px) 420px,(max-width: 360px) 360px,\" srcset=\"https:\/\/abrilexame.files.wordpress.com\/2017\/12\/delivery.jpg?quality=70&amp;strip=info&amp;crop=true&amp;w=680&amp;h=453 680w,https:\/\/abrilexame.files.wordpress.com\/2017\/12\/delivery.jpg?quality=70&amp;strip=all&amp;crop=true&amp;w=420&amp;h=280 420w,https:\/\/abrilexame.files.wordpress.com\/2017\/12\/delivery.jpg?quality=70&amp;strip=all&amp;crop=true&amp;w=360&amp;h=240 360w,\" alt=\"\" \/><\/div>\n<p class=\"caption\">\u00a0(Rawpixel\/Thinkstock)<\/p>\n<\/div>\n<p style=\"text-align: center;\">O setor de servi\u00e7os pode render bons frutos caso o empreendedor aposte na atividade certa. Algumas das dicas do Sebrae s\u00e3o os servi\u00e7os de entrega r\u00e1pida; de fotografia; de lavagem, lubrifica\u00e7\u00e3o, pintura e polimento de ve\u00edculos; de produ\u00e7\u00e3o de fotografias; de t\u00e1xi; e de transporte de carga.<\/p>\n<h3 style=\"text-align: center;\">12 \u2014 Vendas<\/h3>\n<div class=\"content-image alignnone wp-caption\" style=\"text-align: center;\">\n<div class=\"image\"><img decoding=\"async\" class=\"abril-image optimized lazyloaded\" title=\"\" src=\"https:\/\/abrilexame.files.wordpress.com\/2018\/03\/atendimento-caixa.jpg\" sizes=\"(min-width: 991px) 680px,(max-width: 420px) 420px,(max-width: 360px) 360px,\" srcset=\"https:\/\/abrilexame.files.wordpress.com\/2018\/03\/atendimento-caixa.jpg?quality=70&amp;strip=info&amp;crop=true&amp;w=680&amp;h=453 680w,https:\/\/abrilexame.files.wordpress.com\/2018\/03\/atendimento-caixa.jpg?quality=70&amp;strip=all&amp;crop=true&amp;w=420&amp;h=280 420w,https:\/\/abrilexame.files.wordpress.com\/2018\/03\/atendimento-caixa.jpg?quality=70&amp;strip=all&amp;crop=true&amp;w=360&amp;h=240 360w,\" alt=\"\" \/><\/div>\n<p class=\"caption\">\u00a0(monkeybusinessimages\/Thinkstock)<\/p>\n<\/div>\n<p style=\"text-align: center;\">A \u00e1rea de vendas \u00e9 mais uma aposta para 2018. O Sebrae recomenda investir em neg\u00f3cios que trabalhem com fabrica\u00e7\u00e3o de letreiros, marketing direto, promo\u00e7\u00e3o de vendas e representa\u00e7\u00e3o comercial, por exemplo.<\/p>\n<p>&nbsp;<\/p>\n<p>Fonte: Por Mariana Fonseca, para o site\u00a0<a href=\"https:\/\/exame.abril.com.br\/pme\/os-12-negocios-mais-promissores-para-2018-segundo-o-sebrae\/\">Exame.<\/a><\/p>\n<p>&nbsp;<\/p>\n<p>&nbsp;<\/p>\n","protected":false},"excerpt":{"rendered":"<p>O Sebrae elaborou uma lista com as \u00e1reas mais pr\u00f3speras para empreender neste ano.\u00a0Confira onde investir: Quer abrir sua pr\u00f3pria empresa neste ano? Ent\u00e3o, invista em neg\u00f3cios como est\u00e9tica, marmitas e cuidados para idosos. Essa \u00e9 a recomenda\u00e7\u00e3o do\u00a0Sebrae, servi\u00e7o brasileiro de apoio para as\u00a0micro e pequenas empresas. A institui\u00e7\u00e3o elaborou um estudo sobre quais [&hellip;]<\/p>\n","protected":false},"author":3,"featured_media":633,"comment_status":"open","ping_status":"open","sticky":false,"template":"","format":"standard","meta":{"pagelayer_contact_templates":[],"_pagelayer_content":"","footnotes":""},"categories":[41],"tags":[53,54,55,56,57],"class_list":["post-605","post","type-post","status-publish","format-standard","has-post-thumbnail","hentry","category-cuidare-na-midia","tag-53","tag-investimento","tag-negocios","tag-promissor","tag-sebrae"],"_links":{"self":[{"href":"https:\/\/cuidarebr.com.br\/novosite\/wp-json\/wp\/v2\/posts\/605","targetHints":{"allow":["GET"]}}],"collection":[{"href":"https:\/\/cuidarebr.com.br\/novosite\/wp-json\/wp\/v2\/posts"}],"about":[{"href":"https:\/\/cuidarebr.com.br\/novosite\/wp-json\/wp\/v2\/types\/post"}],"author":[{"embeddable":true,"href":"https:\/\/cuidarebr.com.br\/novosite\/wp-json\/wp\/v2\/users\/3"}],"replies":[{"embeddable":true,"href":"https:\/\/cuidarebr.com.br\/novosite\/wp-json\/wp\/v2\/comments?post=605"}],"version-history":[{"count":0,"href":"https:\/\/cuidarebr.com.br\/novosite\/wp-json\/wp\/v2\/posts\/605\/revisions"}],"wp:featuredmedia":[{"embeddable":true,"href":"https:\/\/cuidarebr.com.br\/novosite\/wp-json\/wp\/v2\/media\/633"}],"wp:attachment":[{"href":"https:\/\/cuidarebr.com.br\/novosite\/wp-json\/wp\/v2\/media?parent=605"}],"wp:term":[{"taxonomy":"category","embeddable":true,"href":"https:\/\/cuidarebr.com.br\/novosite\/wp-json\/wp\/v2\/categories?post=605"},{"taxonomy":"post_tag","embeddable":true,"href":"https:\/\/cuidarebr.com.br\/novosite\/wp-json\/wp\/v2\/tags?post=605"}],"curies":[{"name":"wp","href":"https:\/\/api.w.org\/{rel}","templated":true}]}}