{"id":716,"date":"2018-05-22T13:48:50","date_gmt":"2018-05-22T16:48:50","guid":{"rendered":"http:\/\/cuidarebr.com.br\/?p=716"},"modified":"2018-05-22T13:48:50","modified_gmt":"2018-05-22T16:48:50","slug":"sindrome-do-por-do-sol-causa-episodios-de-confusao-e-agitacao","status":"publish","type":"post","link":"https:\/\/cuidarebr.com.br\/novosite\/sindrome-do-por-do-sol-causa-episodios-de-confusao-e-agitacao\/","title":{"rendered":"S\u00edndrome do P\u00f4r do Sol causa epis\u00f3dios de confus\u00e3o e agita\u00e7\u00e3o"},"content":{"rendered":"<h4><em>Portadores da s\u00edndrome t\u00eam tend\u00eancias a experienciar epis\u00f3dios de confus\u00e3o e agita\u00e7\u00e3o conforme o avan\u00e7o do dia.<\/em><\/h4>\n<h3><img loading=\"lazy\" decoding=\"async\" class=\"wp-image-718 \" style=\"font-size: 14px;\" src=\"https:\/\/cuidarebr.com.br\/novosite\/wp-content\/uploads\/2018\/05\/elderly-womans-face-with-glasses-PANGD22.jpg\" alt=\"\" width=\"589\" height=\"392\" \/><\/h3>\n<p><em>Foto: Banco de Imagem.<\/em><\/p>\n<p>&nbsp;<\/p>\n<p>A S\u00edndrome do P\u00f4r do Sol afeta pessoas que possuem algum tipo de dem\u00eancia, causando epis\u00f3dios de confus\u00e3o e agita\u00e7\u00e3o. Portadores da s\u00edndrome t\u00eam tend\u00eancias a experienciar epis\u00f3dios de confus\u00e3o e agita\u00e7\u00e3o conforme o avan\u00e7o do dia.<\/p>\n<p>Ao contr\u00e1rio do que faz a maioria das pessoas, portadores da S\u00edndrome do P\u00f4r do Sol tendem a ficar agitados ao entardecer, revelando aumento das atividades neste per\u00edodo. Essa s\u00edndrome \u00e9 associada \u00e0 doen\u00e7as mentais, afetando a mem\u00f3ria, comportamento e suas habilidades.<\/p>\n<p>De acordo com o Dr. Gustavo de Carvalho R\u00eago, m\u00e9dico geriatra titulado pela SBGG, a S\u00edndrome do P\u00f4r do Sol \u00e9 uma altera\u00e7\u00e3o comportamental que se inicia ao entardecer e ocasiona confus\u00e3o mental. O m\u00e9dico afirma, ainda, que a s\u00edndrome tem sua base fisiopatol\u00f3gica na redu\u00e7\u00e3o dos n\u00edveis de acetilcolina, neurotransmissor produzido pelo sistema nervoso.<\/p>\n<p>Geralmente, a s\u00edndrome manifesta-se em fases intermedi\u00e1rias da dem\u00eancia, declinando a sua incid\u00eancia \u00e0 medida que a doen\u00e7a vai agravando. Idosos que sofrem com essa s\u00edndrome, t\u00eam tend\u00eancia a dormir mais durante o dia, o que aumenta o despertar prolongado durante o per\u00edodo noturno (invers\u00e3o do ciclo de sono-vig\u00edlia). Estas altera\u00e7\u00f5es decorrem da perda progressiva dos mecanismos neuronais respons\u00e1veis pela gera\u00e7\u00e3o do sono.<\/p>\n<h3>CAUSAS:<\/h3>\n<p>Atividades do dia a dia tornam-se cansativas para portadores de dem\u00eancia. No per\u00edodo da manh\u00e3, est\u00e3o exaustos e isso pode ocasionar problemas ao entardecer.<\/p>\n<p>Dem\u00eancia pode levar a confus\u00e3o e dificuldade de processar e raciocinar. Isso, geralmente, afeta o rel\u00f3gio biol\u00f3gico do corpo humano, desorganizando a no\u00e7\u00e3o temporal de dia e noite e, consequentemente, afetando os hor\u00e1rios de sono. Se o rel\u00f3gio biol\u00f3gico n\u00e3o funciona de forma adequada, gera uma s\u00e9rie de dist\u00farbios que causam confus\u00e3o e exaust\u00e3o, que propiciam o gatilho desencadeador da s\u00edndrome.<\/p>\n<p>Alguns eventos espec\u00edficos, que causam ruptura no cotidiano do idoso podem, tamb\u00e9m, ser a causa para o desenvolvimento da s\u00edndrome, como por exemplo a hospitaliza\u00e7\u00e3o ou mudan\u00e7a de ambiente. A s\u00edndrome tamb\u00e9m pode ocorrer com maior incid\u00eancia quando a pessoa sente dor, apresenta constipa\u00e7\u00e3o severa, uma alimenta\u00e7\u00e3o pobre em nutrientes e vitaminas, quadros de infec\u00e7\u00f5es ou se encontra em ambientes barulhentos.<\/p>\n<h3>FATORES DE RISCO<\/h3>\n<p>Existem alguns fatores de risco associados \u00e0 s\u00edndrome. Um deles \u00e9 a doen\u00e7a de Alzheimer. De acordo com o site <a href=\"http:\/\/www.alz.org\/care\/alzheimers-dementia-sleep-issues-sundowning.asp\">ALZ<\/a>, cerca de 20% dos portadores da doen\u00e7a experienciam, em algum grau, a S\u00edndrome do P\u00f4r do Sol. Pessoas com hist\u00f3rico de abuso de \u00e1lcool e outras subst\u00e2ncias, tamb\u00e9m t\u00eam o risco aumentado.<\/p>\n<h3>OS SINTOMAS<\/h3>\n<p>Confus\u00e3o mental ou desorienta\u00e7\u00e3o com dificuldade no racioc\u00ednio, paranoia, dist\u00farbios do sono &#8211; ins\u00f4nia, acarretando sonol\u00eancia durante o dia, altera\u00e7\u00f5es no comportamento, dificuldades em se expressar com clareza, fala descoordenada, alucina\u00e7\u00f5es visuais, vag\u00e2ncia e at\u00e9 mesmo agressividade f\u00edsica ou verbal, s\u00e3o alguns dos sintomas da S\u00edndrome do P\u00f4r do Sol.<\/p>\n<h3>MANTENDO A QUALIDADE DE VIDA<\/h3>\n<div style=\"width: 686px\" class=\"wp-caption alignnone\"><img loading=\"lazy\" decoding=\"async\" src=\"https:\/\/www.saudedicas.com.br\/wp-content\/uploads\/2017\/04\/os-melhores-exercicios-para-tratar-a-doenca-de-parkinson-676x288.png\" alt=\"Imagem relacionada\" width=\"676\" height=\"288\" \/><p class=\"wp-caption-text\"><em>Foto: Reprodu\u00e7\u00e3o Google.<\/em><\/p><\/div>\n<p>&nbsp;<\/p>\n<p>Existem medidas que ajudam quem \u00e9 afetado por essa s\u00edndrome a atenuar os sintomas. Algumas a\u00e7\u00f5es simples como manter a pessoa ativa durante o dia, evitar cochilos na parte da tarde, incentivar a pr\u00e1tica de exerc\u00edcios f\u00edsicos, desenvolver atividades recreativas que estimulem e deixem a pessoa em movimento, ter alimenta\u00e7\u00e3o saud\u00e1vel e balanceada, evitar consumir caf\u00e9 e a\u00e7\u00facar \u00e0 noite, evitar fazer refei\u00e7\u00f5es em hor\u00e1rios tardios, procurar um m\u00e9dico que possa detectar altera\u00e7\u00f5es cl\u00ednicas como dor, infec\u00e7\u00f5es.<\/p>\n<p>Aproveitar a luz do dia: a exposi\u00e7\u00e3o a luz do sol pode ajudar a reduzir alguns sintomas da s\u00edndrome, principalmente quando aliado \u00e0 pr\u00e1tica de exerc\u00edcios, proporcionar ao idoso um ambiente confort\u00e1vel para dormir; al\u00e9m de manter o c\u00f4modo parcialmente iluminado para reduzir os riscos de confus\u00e3o mental, caso o idoso perambule \u00e0 noite; ajudar ao idoso com Alzheimer a se orientar em rela\u00e7\u00e3o ao tempo e espa\u00e7o, lembrando-o onde ele est\u00e1 e que horas s\u00e3o, s\u00e3o algumas das medidas que podem corroborar para a manuten\u00e7\u00e3o da qualidade de vida dessas pessoas.<\/p>\n<p>&nbsp;<\/p>\n<p><em><a href=\"http:\/\/www.medicalnewstoday.com\/articles\/314685.php\">Mat\u00e9ria: Medical News Today e Dr Gustavo R\u00eago<\/a><\/em><\/p>\n<p><img loading=\"lazy\" decoding=\"async\" class=\"alignleft wp-image-738 size-medium\" src=\"https:\/\/cuidarebr.com.br\/novosite\/wp-content\/uploads\/2018\/05\/gustavo-rego-1-300x116.png\" alt=\"\" width=\"300\" height=\"116\" srcset=\"https:\/\/cuidarebr.com.br\/novosite\/wp-content\/uploads\/2018\/05\/gustavo-rego-1-300x116.png 300w, https:\/\/cuidarebr.com.br\/novosite\/wp-content\/uploads\/2018\/05\/gustavo-rego-1-768x298.png 768w, https:\/\/cuidarebr.com.br\/novosite\/wp-content\/uploads\/2018\/05\/gustavo-rego-1.png 1020w\" sizes=\"auto, (max-width: 300px) 100vw, 300px\" \/><\/p>\n<p>&nbsp;<\/p>\n","protected":false},"excerpt":{"rendered":"<p>Portadores da s\u00edndrome t\u00eam tend\u00eancias a experienciar epis\u00f3dios de confus\u00e3o e agita\u00e7\u00e3o conforme o avan\u00e7o do dia. Foto: Banco de Imagem. &nbsp; A S\u00edndrome do P\u00f4r do Sol afeta pessoas que possuem algum tipo de dem\u00eancia, causando epis\u00f3dios de confus\u00e3o e agita\u00e7\u00e3o. Portadores da s\u00edndrome t\u00eam tend\u00eancias a experienciar epis\u00f3dios de confus\u00e3o e agita\u00e7\u00e3o conforme [&hellip;]<\/p>\n","protected":false},"author":3,"featured_media":733,"comment_status":"open","ping_status":"open","sticky":false,"template":"","format":"standard","meta":{"pagelayer_contact_templates":[],"_pagelayer_content":"","footnotes":""},"categories":[43],"tags":[66,49,67,68,48,69,70,71],"class_list":["post-716","post","type-post","status-publish","format-standard","has-post-thumbnail","hentry","category-blog-cuidare","tag-bem-estar","tag-cuidare","tag-doencas","tag-idosos","tag-saude","tag-sindrome","tag-sindrome-do-por-do-sol","tag-vida"],"_links":{"self":[{"href":"https:\/\/cuidarebr.com.br\/novosite\/wp-json\/wp\/v2\/posts\/716","targetHints":{"allow":["GET"]}}],"collection":[{"href":"https:\/\/cuidarebr.com.br\/novosite\/wp-json\/wp\/v2\/posts"}],"about":[{"href":"https:\/\/cuidarebr.com.br\/novosite\/wp-json\/wp\/v2\/types\/post"}],"author":[{"embeddable":true,"href":"https:\/\/cuidarebr.com.br\/novosite\/wp-json\/wp\/v2\/users\/3"}],"replies":[{"embeddable":true,"href":"https:\/\/cuidarebr.com.br\/novosite\/wp-json\/wp\/v2\/comments?post=716"}],"version-history":[{"count":0,"href":"https:\/\/cuidarebr.com.br\/novosite\/wp-json\/wp\/v2\/posts\/716\/revisions"}],"wp:featuredmedia":[{"embeddable":true,"href":"https:\/\/cuidarebr.com.br\/novosite\/wp-json\/wp\/v2\/media\/733"}],"wp:attachment":[{"href":"https:\/\/cuidarebr.com.br\/novosite\/wp-json\/wp\/v2\/media?parent=716"}],"wp:term":[{"taxonomy":"category","embeddable":true,"href":"https:\/\/cuidarebr.com.br\/novosite\/wp-json\/wp\/v2\/categories?post=716"},{"taxonomy":"post_tag","embeddable":true,"href":"https:\/\/cuidarebr.com.br\/novosite\/wp-json\/wp\/v2\/tags?post=716"}],"curies":[{"name":"wp","href":"https:\/\/api.w.org\/{rel}","templated":true}]}}