{"id":862,"date":"2018-08-23T11:06:51","date_gmt":"2018-08-23T14:06:51","guid":{"rendered":"http:\/\/cuidarebr.com.br\/?p=862"},"modified":"2018-08-23T11:06:51","modified_gmt":"2018-08-23T14:06:51","slug":"aposentadoria-de-quem-precisa-de-cuidadores","status":"publish","type":"post","link":"https:\/\/cuidarebr.com.br\/novosite\/aposentadoria-de-quem-precisa-de-cuidadores\/","title":{"rendered":"STJ: aposentadoria de quem precisa de cuidadores ter\u00e1 adicional de 25%"},"content":{"rendered":"<h3 class=\"article-subtitle\">Para conseguir o acr\u00e9scimo, o aposentado precisar\u00e1 comprovar que necessita de cuidados permanentes de terceiro<\/h3>\n<div style=\"width: 803px\" class=\"wp-caption aligncenter\"><img loading=\"lazy\" decoding=\"async\" src=\"https:\/\/abrilveja.files.wordpress.com\/2017\/03\/economia-previdencia-social-inss-20040603-006.jpg\" alt=\"Reforma da Previdencia - Aposentadoria\" width=\"793\" height=\"529\" \/><p class=\"wp-caption-text\">Hoje, somente aposentados por invalidez t\u00eam direito a esse pagamento. Agora, aposentados por idade e tempo de servi\u00e7o poder\u00e3o requerer o adicional (Gustavo Roth\/Folha Imagem\/Dedoc)<\/p><\/div>\n<p>&nbsp;<\/p>\n<p>Por 5 votos a 4, a Primeira Se\u00e7\u00e3o do Superior Tribunal de Justi\u00e7a (STJ) decidiu nesta quarta-feira, 22, estender a todos os aposentados do Instituto Nacional do Seguro Social (INSS) que necessitam de cuidados permanentes um adicional de 25% em seu benef\u00edcio. Hoje, somente aposentados por invalidez t\u00eam direito a esse pagamento.<\/p>\n<p>Para conseguir o acr\u00e9scimo de 25%, o aposentado precisar\u00e1 comprovar que necessita de cuidados <a href=\"http:\/\/cuidarebr.com.br\/servicos\/\">permanentes <\/a>de terceiros.\u00a0Com o julgamento de hoje, o adicional fica estendido \u00e0s aposentadorias por idade e tempo de servi\u00e7o.<\/p>\n<p>Hoje, o teto de benef\u00edcios do INSS \u00e9 de \u00a05.645 reais. Com os 25%, o valor pago pode superar esse limite.<\/p>\n<p>A ministra do STJ Regina Helena Costa diz que a fixa\u00e7\u00e3o do entendimento pelo STJ atende a um pedido da segunda inst\u00e2ncia para uniformiza\u00e7\u00e3o da interpreta\u00e7\u00e3o da lei federal. A decis\u00e3o agora deve ser aplicada em todas as inst\u00e2ncias da Justi\u00e7a. Em todo o Brasil, h\u00e1 769 processos suspensos aguardando a decis\u00e3o do STJ.<\/p>\n<p>Procurado, o INSS respondeu que ainda n\u00e3o foi comunicado da decis\u00e3o e s\u00f3 a partir da\u00ed poder\u00e1 avaliar as provid\u00eancias cab\u00edveis.<\/p>\n<p>FONTE: <a href=\"https:\/\/veja.abril.com.br\/economia\/stj-libera-adicional-de-25-a-aposentados-que-necessitam-de-cuidados\/\">VEJA<\/a><\/p>\n","protected":false},"excerpt":{"rendered":"<p>Para conseguir o acr\u00e9scimo, o aposentado precisar\u00e1 comprovar que necessita de cuidados permanentes de terceiro &nbsp; Por 5 votos a 4, a Primeira Se\u00e7\u00e3o do Superior Tribunal de Justi\u00e7a (STJ) decidiu nesta quarta-feira, 22, estender a todos os aposentados do Instituto Nacional do Seguro Social (INSS) que necessitam de cuidados permanentes um adicional de 25% [&hellip;]<\/p>\n","protected":false},"author":3,"featured_media":867,"comment_status":"open","ping_status":"open","sticky":false,"template":"","format":"standard","meta":{"pagelayer_contact_templates":[],"_pagelayer_content":"","footnotes":""},"categories":[43],"tags":[86,87,88,89,44,90,91],"class_list":["post-862","post","type-post","status-publish","format-standard","has-post-thumbnail","hentry","category-blog-cuidare","tag-86","tag-adicional","tag-aposentadoria","tag-cuidadores","tag-cuidadores-de-idosos","tag-inss","tag-stj"],"_links":{"self":[{"href":"https:\/\/cuidarebr.com.br\/novosite\/wp-json\/wp\/v2\/posts\/862","targetHints":{"allow":["GET"]}}],"collection":[{"href":"https:\/\/cuidarebr.com.br\/novosite\/wp-json\/wp\/v2\/posts"}],"about":[{"href":"https:\/\/cuidarebr.com.br\/novosite\/wp-json\/wp\/v2\/types\/post"}],"author":[{"embeddable":true,"href":"https:\/\/cuidarebr.com.br\/novosite\/wp-json\/wp\/v2\/users\/3"}],"replies":[{"embeddable":true,"href":"https:\/\/cuidarebr.com.br\/novosite\/wp-json\/wp\/v2\/comments?post=862"}],"version-history":[{"count":0,"href":"https:\/\/cuidarebr.com.br\/novosite\/wp-json\/wp\/v2\/posts\/862\/revisions"}],"wp:featuredmedia":[{"embeddable":true,"href":"https:\/\/cuidarebr.com.br\/novosite\/wp-json\/wp\/v2\/media\/867"}],"wp:attachment":[{"href":"https:\/\/cuidarebr.com.br\/novosite\/wp-json\/wp\/v2\/media?parent=862"}],"wp:term":[{"taxonomy":"category","embeddable":true,"href":"https:\/\/cuidarebr.com.br\/novosite\/wp-json\/wp\/v2\/categories?post=862"},{"taxonomy":"post_tag","embeddable":true,"href":"https:\/\/cuidarebr.com.br\/novosite\/wp-json\/wp\/v2\/tags?post=862"}],"curies":[{"name":"wp","href":"https:\/\/api.w.org\/{rel}","templated":true}]}}