{"id":909,"date":"2018-10-25T09:15:24","date_gmt":"2018-10-25T12:15:24","guid":{"rendered":"http:\/\/cuidarebr.com.br\/?p=909"},"modified":"2018-10-25T09:15:24","modified_gmt":"2018-10-25T12:15:24","slug":"convencao-cuidare-2018","status":"publish","type":"post","link":"https:\/\/cuidarebr.com.br\/novosite\/convencao-cuidare-2018\/","title":{"rendered":"Conven\u00e7\u00e3o Nacional da Cuidare"},"content":{"rendered":"<h5>Franquia de Cuidadores de Pessoas realiza encontro nacional.<\/h5>\n<div style=\"width: 650px\" class=\"wp-caption aligncenter\"><img loading=\"lazy\" decoding=\"async\" src=\"https:\/\/abrilexame.files.wordpress.com\/2018\/10\/5a76394f-a7de-45b2-bd0e-3e58992a7fab.png?w=640&amp;h=427&amp;crop=1\" alt=\"Conven\u00e7\u00e3o Nacional da Cuidare | Franquia de Cuidadores de Pessoas realiza encontro nacional para discutir inova\u00e7\u00f5es para a terceira idade\" width=\"640\" height=\"427\" \/><p class=\"wp-caption-text\">Conven\u00e7\u00e3o Nacional da Cuidare | Franquia de Cuidadores de Pessoas realiza encontro nacional para discutir inova\u00e7\u00f5es para a terceira idade<\/p><\/div>\n<p><!--more--><\/p>\n<p>O Brasil ter\u00e1 mais idosos que jovens at\u00e9 2060, segundo proje\u00e7\u00f5es recentes divulgadas pelo IBGE. Hoje 21% dos brasileiros t\u00eam at\u00e9 14 anos, em 2060 ser\u00e3o apenas 15%. Em 2060, 32% da popula\u00e7\u00e3o ser\u00e1 composta por pessoas com mais de 60 anos. Em 2018, este percentual \u00e9 de 13%.<\/p>\n<p>Portanto, o motivo do envelhecimento \u00e9 relacionado ao aumento da expectativa de vida nos \u00faltimos anos e a redu\u00e7\u00e3o da fecundidade. Atualmente a m\u00e9dia da expectativa de vida \u00e9 de 76,2 anos, at\u00e9 2060 a estimativa \u00e9 de que seja 81.<\/p>\n<p>Esses n\u00fameros s\u00e3o relevantes e fazem com que cada vez mais \u00f3rg\u00e3os p\u00fablicos, entidades n\u00e3o governamentais, sociedade e empresas privadas debatam o \u201ccomo estamos envelhecendo\u201d e as demais quest\u00f5es que envolvem a velhice, esta fase importante da vida.<\/p>\n<p>No Nordeste, uma rede de franquias especializada em cuidados com pessoas em domic\u00edlio tem sido refer\u00eancia para todo pa\u00eds, por demonstrar interesse nesses e outros assuntos associados ao idoso. Assim, a empresa aposta no conhecimento como pilar de desenvolvimento profissional e propaga\u00e7\u00e3o da cultura de boas pr\u00e1ticas no cuidado com a terceira idade.<\/p>\n<p>Nos dias 24, 25 e 26 de outubro, em Natal (RN), a Cuidare Cuidadores de Pessoas realiza evento para discutir sobre os desafios da terceira idade e as solu\u00e7\u00f5es inovadoras na presta\u00e7\u00e3o de servi\u00e7os para este p\u00fablico.<\/p>\n<p>Por isso, a 1\u00aa Conven\u00e7\u00e3o Nacional da Rede Cuidare contar\u00e1 com participantes oriundos de 21 estados do Brasil. Assim, o encontro ser\u00e1 entre franqueados, franqueadores, palestrantes, profissionais da sa\u00fade e convidados especiais. \u201cEstamos h\u00e1 mais de um ano planejando nossa conven\u00e7\u00e3o, cuidando de cada detalhe para que seja um evento proveitoso e inesquec\u00edvel\u201d, conta Etevaldo Miranda \u2013 fundador da Cuidare Cuidadores de Pessoas.<\/p>\n<p>Miranda afirma que tem percebido transforma\u00e7\u00f5es socioculturais, que est\u00e3o refletindo positivamente \u00e0 terceira idade e no geral as pessoas est\u00e3o mais preocupadas com o bem-estar do idoso. \u201cTemos visto o surgimento de marcas, produtos e servi\u00e7os voltados para esta parcela da popula\u00e7\u00e3o, provando que o mercado est\u00e1 se profissionalizando cada vez mais para atender este setor\u201d.<\/p>\n<div class=\"appear\" data-appear-top-offset=\"300\" data-google-query-id=\"CNim46rHod4CFUanaQodWXgM3w\">\n<p>Atualmente, a Cuidare gera emprego para mais de 600 cuidadores de idosos, que s\u00e3o profissionais com curso t\u00e9cnico em enfermagem, selecionados e capacitados pelos franqueados da rede para prestar os cuidados em domic\u00edlio. Como resultado disso, a empresa est\u00e1 em plena expans\u00e3o, atualmente possui uma unidade pr\u00f3pria em Natal (RN) e outras 45 espalhadas por todo pa\u00eds. A meta \u00e9 atingir 85 unidades at\u00e9 2019.<\/p>\n<p>&nbsp;<\/p>\n<blockquote><p>\u201c\u00c9 muito gratificante fazer parte desta fam\u00edlia Cuidare, a rede est\u00e1 crescendo, ficando mais forte a cada dia, \u00e9 um sonho realizado poder trabalhar servindo as pessoas da terceira idade\u201d, afirma Franqueada de Jo\u00e3o Pessoa.<\/p><\/blockquote>\n<h3>Sobre a 1\u00aa Conven\u00e7\u00e3o Nacional da Rede Cuidare<\/h3>\n<p>A abertura da conven\u00e7\u00e3o acontecer\u00e1 na quarta-feira (24\/10) com a palestra \u201c<strong>A f\u00f3rmula m\u00e1gica do sucesso<\/strong>\u201d, ministrada pelo <strong>m\u00e1gico Renner<\/strong>, considerado umas das maiores revela\u00e7\u00f5es da \u00e1rea motivacional. A apresenta\u00e7\u00e3o tra\u00e7a o perfil do profissional bem-sucedido, certamente, abrangendo as cinco caracter\u00edsticas das grandes figuras de sucesso da hist\u00f3ria. Ele promete uma mensagem transformadora com muito humor, emo\u00e7\u00e3o e, claro, m\u00e1gica. A noite se encerrar\u00e1 com um jantar servido aos participantes.<\/p>\n<p>Na quinta-feira (25\/10), a programa\u00e7\u00e3o come\u00e7a com a palestra \u201cSonho e Evolu\u00e7\u00e3o da Cuidare Brasil\u201d, com <strong>Izabelly Miranda e Miranda J\u00fanior<\/strong>, que contar\u00e1 a hist\u00f3ria do neg\u00f3cio que est\u00e1 presente em 21 estados brasileiros e com 45 unidades. Em seguida, a <strong>Celta Contabilidade<\/strong> apresentar\u00e1 o E-Social, uma ferramenta criada pelo Governo Federal que re\u00fane todas as obriga\u00e7\u00f5es trabalhistas em um \u00fanico lugar. Na mesma linha, \u00e0 tarde, a mesa redonda, em que as unidades destaques apresentar\u00e3o seu case de sucesso e compartilhar\u00e3o as experi\u00eancias exitosas.<\/p>\n<p>Ainda na quinta-feira, o jornalista <strong>Fernando Aguzzoli<\/strong> promete emocionar os participantes com sua palestra \u201cQuem, eu? A vis\u00e3o e as li\u00e7\u00f5es aprendidas por um neto cuidador\u201d. Portanto, <strong>Aguzzoli<\/strong> largou a carreira, emprego e estudos para cuidar de sua av\u00f3 com Alzheimer. Toda a hist\u00f3ria \u00e9 contada em um livro lan\u00e7ado em 2015. Desde a passagem de sua av\u00f3, o jornalista tem participado de projetos de conscientiza\u00e7\u00e3o sobre a doen\u00e7a e viajado o pa\u00eds levando informa\u00e7\u00f5es sobre a sua experi\u00eancia com muita leveza e bom humor.<\/p>\n<p>Toda franquia de sucesso que tem como objetivo se destacar e expandir os neg\u00f3cios, realiza a\u00e7\u00f5es de marketing. E sobre o tema, a conven\u00e7\u00e3o trar\u00e1 na sexta-feira (26\/10) a palestra \u201cEvoluindo no Marketing\u201d, com os publicit\u00e1rios <strong>Naiara Couto e Vin\u00edcius Rocha<\/strong>, que, certamente, ir\u00e3o desvendar os segredos de uma boa campanha. Outro assunto bastante pertinente para o franqueado Cuidare ser\u00e1 apresentado na palestra \u201cReforma Trabalhista: oportunidades e precau\u00e7\u00f5es para as Franquias Cuidare\u201d, ministrada pelos advogados Dr. Costa Barros e Dr\u00aa Fernanda Santos.<\/p>\n<p>O geriatra <strong>Dr. Gustavo Rego<\/strong> segue na programa\u00e7\u00e3o da sexta-feira abordando o tema \u201cS\u00edndrome da Fragilidade e suas Repercuss\u00f5es\u201d. Estima-se que cerca de 2 milh\u00f5es de idosos no Brasil estejam nessa condi\u00e7\u00e3o e, com o envelhecimento da popula\u00e7\u00e3o brasileira, em outras palavras, \u00e9 urgente o debate sobre o problema.<\/p>\n<p>Para finalizar, a \u00faltima palestra do evento promete ser um momento inspirador e de grande emo\u00e7\u00e3o. O autor do best seller \u201cVoc\u00ea \u00e9 a sua melhor marca\u201d, <strong>Jussier Ramalho<\/strong> traz a apresenta\u00e7\u00e3o \u201cSuperando Limites\u201d. Jussier \u00e9 reconhecido um dos dez palestrantes mais requisitados do Brasil.<\/p>\n<p>Assim, com sua banca de jornal, a Pr\u00e1tika, conseguiu aproveitar as oportunidades e dar um novo conceito ao ato de vender. Agora, ele viaja o pa\u00eds narrando sua trajet\u00f3ria de vida, com humor e alto-astral, falando, com autoridade, sobre Marketing Pessoal, Consultoria Empresarial e Empreendedorismo. Ainda na noite de encerramento da conven\u00e7\u00e3o, haver\u00e1 um momento surpresa e uma grande confraterniza\u00e7\u00e3o com show musical.<\/p>\n<p>Servi\u00e7o<br \/>\nCuidare Brasil<br \/>\n<a href=\"http:\/\/www.cuidarebr.com.br\/\" target=\"_blank\" rel=\"noopener noreferrer\">www.cuidarebr.com.br<\/a><br \/>\n(11) 94971-9773 \u2013 WhatsApp<\/p>\n<p>Website:\u00a0<a href=\"http:\/\/www.cuidarebr.com.br\/\" target=\"_blank\" rel=\"noopener noreferrer\">http:\/\/www.cuidarebr.com.br<\/a><\/p>\n<\/div>\n<p>Fonte: <a href=\"https:\/\/exame.abril.com.br\/negocios\/dino\/franquia-de-cuidadores-de-pessoas-realiza-encontro-nacional-para-discutir-inovacoes-para-a-terceira-idade\/\">EXAME<\/a><\/p>\n","protected":false},"excerpt":{"rendered":"<p>Franquia de Cuidadores de Pessoas realiza encontro nacional.<\/p>\n","protected":false},"author":3,"featured_media":633,"comment_status":"open","ping_status":"open","sticky":false,"template":"","format":"standard","meta":{"pagelayer_contact_templates":[],"_pagelayer_content":"","footnotes":""},"categories":[41],"tags":[49,92,93,94,95,96],"class_list":["post-909","post","type-post","status-publish","format-standard","has-post-thumbnail","hentry","category-cuidare-na-midia","tag-cuidare","tag-cuidare-na-midia","tag-exame","tag-franquia-de-sucesso","tag-magico-renner","tag-sindrome-da-fragilidade-e-suas-repercussoes"],"_links":{"self":[{"href":"https:\/\/cuidarebr.com.br\/novosite\/wp-json\/wp\/v2\/posts\/909","targetHints":{"allow":["GET"]}}],"collection":[{"href":"https:\/\/cuidarebr.com.br\/novosite\/wp-json\/wp\/v2\/posts"}],"about":[{"href":"https:\/\/cuidarebr.com.br\/novosite\/wp-json\/wp\/v2\/types\/post"}],"author":[{"embeddable":true,"href":"https:\/\/cuidarebr.com.br\/novosite\/wp-json\/wp\/v2\/users\/3"}],"replies":[{"embeddable":true,"href":"https:\/\/cuidarebr.com.br\/novosite\/wp-json\/wp\/v2\/comments?post=909"}],"version-history":[{"count":0,"href":"https:\/\/cuidarebr.com.br\/novosite\/wp-json\/wp\/v2\/posts\/909\/revisions"}],"wp:featuredmedia":[{"embeddable":true,"href":"https:\/\/cuidarebr.com.br\/novosite\/wp-json\/wp\/v2\/media\/633"}],"wp:attachment":[{"href":"https:\/\/cuidarebr.com.br\/novosite\/wp-json\/wp\/v2\/media?parent=909"}],"wp:term":[{"taxonomy":"category","embeddable":true,"href":"https:\/\/cuidarebr.com.br\/novosite\/wp-json\/wp\/v2\/categories?post=909"},{"taxonomy":"post_tag","embeddable":true,"href":"https:\/\/cuidarebr.com.br\/novosite\/wp-json\/wp\/v2\/tags?post=909"}],"curies":[{"name":"wp","href":"https:\/\/api.w.org\/{rel}","templated":true}]}}