{"id":942,"date":"2018-11-19T15:19:10","date_gmt":"2018-11-19T18:19:10","guid":{"rendered":"http:\/\/cuidarebr.com.br\/?p=942"},"modified":"2018-11-19T15:19:10","modified_gmt":"2018-11-19T18:19:10","slug":"empreendedorismo-feminino-cuidare","status":"publish","type":"post","link":"https:\/\/cuidarebr.com.br\/novosite\/empreendedorismo-feminino-cuidare\/","title":{"rendered":"Na Cuidare as mulheres s\u00e3o a maioria | Empreendedoras na Cuidare"},"content":{"rendered":"<h2>Na Cuidare as mulheres s\u00e3o a maioria | Empreendedoras na Cuidare<\/h2>\n<p>A rede de franquias Cuidare &#8211; Cuidadores de Pessoas comemora hoje esta data especial e inspiradora. Dia 19 de novembro \u00e9 o Dia Mundial do Empreendedorismo Feminino, que foi lan\u00e7ado pela Organiza\u00e7\u00e3o das Na\u00e7\u00f5es Unidas (ONU), para valorizar e incentivar as mulheres empreendedoras. Na franquia Cuidare, as mulheres s\u00e3o a maioria absoluta: das 45 unidades em opera\u00e7\u00e3o, 35 s\u00e3o comandadas por Elas, o equivalente a 77,77% de toda rede, assim,\u00a0 no Brasil, as mulheres tamb\u00e9m s\u00e3o maioria no mundo dos neg\u00f3cios, no entanto em menor percentual, tendo uma fatia de 51% do mercado de empresas.<\/p>\n<blockquote><p>\u201c\u00c9 motivo de comemora\u00e7\u00e3o para nossa rede, uma vez que incentivar o empreendedorismo feminino \u00e9 um dos nossos prop\u00f3sitos. Temos in\u00fameros casos de sucesso, de mulheres franqueadas que est\u00e3o felizes, realizadas, prosperando em suas unidades\u201d afirma Izabelly Miranda, uma das fundadoras da Cuidare.<\/p><\/blockquote>\n<h3>Sobre a Cuidare<\/h3>\n<p>A Cuidare \u2013 Cuidadores de Pessoas \u00e9 refer\u00eancia em cuidados com pessoas em domic\u00edlio. S\u00e3o 45 unidades franqueadas espalhadas por todo pa\u00eds. A marca busca por homens e mulheres empreendedores, que tenham afinidade com o segmento e vontade de ter o pr\u00f3prio neg\u00f3cio.<br \/>\nPor isso, \u00e9 uma franquia de sucesso, com alto \u00edndice de satisfa\u00e7\u00e3o de clientes e franqueados. Fale agora com nossa equipe de expans\u00e3o e saiba todos os detalhes sobre a franquia <a href=\"http:\/\/cuidarebr.com.br\/\">Cuidare<\/a>.<\/p>\n<p>(11) 9 4971-9773 \u2013 WhatsApp<br \/>\nAtenciosamente,<br \/>\nEquipe de Expans\u00e3o<\/p>\n","protected":false},"excerpt":{"rendered":"<p>Na Cuidare as mulheres s\u00e3o a maioria | Empreendedoras na Cuidare A rede de franquias Cuidare &#8211; Cuidadores de Pessoas comemora hoje esta data especial e inspiradora. Dia 19 de novembro \u00e9 o Dia Mundial do Empreendedorismo Feminino, que foi lan\u00e7ado pela Organiza\u00e7\u00e3o das Na\u00e7\u00f5es Unidas (ONU), para valorizar e incentivar as mulheres empreendedoras. Na [&hellip;]<\/p>\n","protected":false},"author":3,"featured_media":943,"comment_status":"open","ping_status":"open","sticky":false,"template":"","format":"standard","meta":{"pagelayer_contact_templates":[],"_pagelayer_content":"","footnotes":""},"categories":[43],"tags":[49,97,98,99,100],"class_list":["post-942","post","type-post","status-publish","format-standard","has-post-thumbnail","hentry","category-blog-cuidare","tag-cuidare","tag-cuidare-brasil","tag-dia-mundial-do-empreendedorismo-feminino","tag-empreendedoras","tag-mulheres-empreendedoras"],"_links":{"self":[{"href":"https:\/\/cuidarebr.com.br\/novosite\/wp-json\/wp\/v2\/posts\/942","targetHints":{"allow":["GET"]}}],"collection":[{"href":"https:\/\/cuidarebr.com.br\/novosite\/wp-json\/wp\/v2\/posts"}],"about":[{"href":"https:\/\/cuidarebr.com.br\/novosite\/wp-json\/wp\/v2\/types\/post"}],"author":[{"embeddable":true,"href":"https:\/\/cuidarebr.com.br\/novosite\/wp-json\/wp\/v2\/users\/3"}],"replies":[{"embeddable":true,"href":"https:\/\/cuidarebr.com.br\/novosite\/wp-json\/wp\/v2\/comments?post=942"}],"version-history":[{"count":0,"href":"https:\/\/cuidarebr.com.br\/novosite\/wp-json\/wp\/v2\/posts\/942\/revisions"}],"wp:featuredmedia":[{"embeddable":true,"href":"https:\/\/cuidarebr.com.br\/novosite\/wp-json\/wp\/v2\/media\/943"}],"wp:attachment":[{"href":"https:\/\/cuidarebr.com.br\/novosite\/wp-json\/wp\/v2\/media?parent=942"}],"wp:term":[{"taxonomy":"category","embeddable":true,"href":"https:\/\/cuidarebr.com.br\/novosite\/wp-json\/wp\/v2\/categories?post=942"},{"taxonomy":"post_tag","embeddable":true,"href":"https:\/\/cuidarebr.com.br\/novosite\/wp-json\/wp\/v2\/tags?post=942"}],"curies":[{"name":"wp","href":"https:\/\/api.w.org\/{rel}","templated":true}]}}